{"id":171304,"date":"2025-10-12T08:12:12","date_gmt":"2025-10-12T08:12:12","guid":{"rendered":"https:\/\/www.europesays.com\/es\/171304\/"},"modified":"2025-10-12T08:12:12","modified_gmt":"2025-10-12T08:12:12","slug":"la-influencer-ana-moya-recibe-la-felicitacion-de-cumpleanos-mas-especial-y-sabemos-quien-se-la-ha-hecho","status":"publish","type":"post","link":"https:\/\/www.europesays.com\/es\/171304\/","title":{"rendered":"La influencer Ana Moya recibe la felicitaci\u00f3n de cumplea\u00f1os m\u00e1s especial (y sabemos qui\u00e9n se la ha hecho)"},"content":{"rendered":"<p id=\"eVmlAOQjRa\" data-wc=\"87\"><strong data-gid=\"en8Dd3rbx6\">Ana Moya vive uno de los momentos m\u00e1s dulces de su vida.<\/strong> La modelo e influencer, que <strong>este 11 de octubre celebra su 36 cumplea\u00f1os,<\/strong> ha recibido una felicitaci\u00f3n muy especial por parte de su marido, el futbolista Diego Conde. Y no solo por el tono rom\u00e1ntico del mensaje, sino por lo que significa en este d\u00eda: <strong>Ana est\u00e1 esperando el primer hijo en com\u00fan de la pareja<\/strong>, el segundo para ella, que ya tiene otro, fruto de su relaci\u00f3n con \u00c1lex de S\u00e1nchez de la Mora.\u00a0<\/p>\n<p> <img src=\"https:\/\/www.europesays.com\/es\/wp-content\/uploads\/2025\/10\/ec23e7520b04-ana-moya-01.jpg\"   width=\"768\" height=\"1024\" loading=\"lazy\" decoding=\"async\" alt=\"Media Image\" fetchpriority=\"auto\" class=\"image ho-image\"\/>\u00a9 @anamoyacalzado<\/p>\n<p id=\"e-Fm4BxSn7Z\" data-wc=\"160\">\u201cFeliz vuelta al sol, mi amor, la primera siendo 4\u201d, ha escrito el portero del Legan\u00e9s en redes sociales, acompa\u00f1ando sus palabras con una imagen familiar, de los tres con una impresionante puesta de sol a su espalda, \u00a0y un texto cargado de ternura: \u201cTe deseamos toda la felicidad del mundo, que nos sigas haciendo los m\u00e1s afortunados y privilegiados. Siempre dispuesta, entregada, sincera y plena. Eres y ser\u00e1s una madre y mujer incre\u00edble. Que todos tus sue\u00f1os se cumplan y que estemos contigo para disfrutarlos juntos. A tu lado la vida es mucho m\u00e1s bonita. Te amamos con locura mami\u201d.\u00a0Y lo firman Mateo y Diego y un emoticono de un pollito saliendo del cascar\u00f3n, en alusi\u00f3n al beb\u00e9 que viene en camino. Un gesto lleno de ternura que ha revolucionado las redes. La felicitaci\u00f3n tambi\u00e9n inclu\u00eda im\u00e1genes de los tres durante las vacaciones, de la pareja y, por supuesto, el test de embarazo que confirmaba la feliz noticia.<\/p>\n<p> <img src=\"https:\/\/www.europesays.com\/es\/wp-content\/uploads\/2025\/10\/2af70aafda9a-saveclipapp561913113185356450630578171609993761740838953n.jpg\"   width=\"768\" height=\"1024\" loading=\"lazy\" decoding=\"async\" alt=\"Media Image\" fetchpriority=\"auto\" class=\"image ho-image\"\/>\u00a9 @anamoyacalzado<\/p>\n<p> <img src=\"https:\/\/www.europesays.com\/es\/wp-content\/uploads\/2025\/10\/e64ac0403dd5-ana-moya-03.jpg\"   width=\"768\" height=\"1024\" loading=\"lazy\" decoding=\"async\" alt=\"Media Image\" fetchpriority=\"auto\" class=\"image ho-image\"\/>\u00a9 @anamoyacalzado<\/p>\n<p> <img src=\"https:\/\/www.europesays.com\/es\/wp-content\/uploads\/2025\/10\/b6c589a36119-saveclipapp56391991118535645015057817928850035046302455n.jpg\"   width=\"768\" height=\"1024\" loading=\"lazy\" decoding=\"async\" alt=\"Media Image\" fetchpriority=\"auto\" class=\"image ho-image\"\/>\u00a9 @anamoyacalzado<\/p>\n<p id=\"excbo1C2nxn\" data-wc=\"47\"><a class=\"hm-link ho-link\" href=\"https:\/\/www.hola.com\/actualidad\/20240628702240\/ana-moya-lado-personal-influencer-modelo-boda-fin-de-semana\/\" rel=\"noopener nofollow\" target=\"_blank\" data-mrf-recirculation=\"article-body-link\">Ana<\/a> tambi\u00e9n ha compartido con su comunidad virtual <strong>otro de los regalos que ha recibido hoy<\/strong> y que le ha llegado al coraz\u00f3n: su hijo de nueve a\u00f1os le ha hecho un precioso dibujo en el que aparecen los tres, de la mano, formando una bonita familia.<\/p>\n<p> <img src=\"https:\/\/www.europesays.com\/es\/wp-content\/uploads\/2025\/10\/b890bb38ada4-saveclipapp5617331813077201419124736314265592788586959n.jpg\"   width=\"576\" height=\"1024\" loading=\"lazy\" decoding=\"async\" alt=\"Media Image\" fetchpriority=\"auto\" class=\"image ho-image\"\/>\u00a9 @anamoyacalzado<\/p>\n<p id=\"e_71y7jWJxE\" data-wc=\"87\"><strong data-gid=\"eeV4nYkj6L\">La pareja se conoci\u00f3 en 2023 y se comprometi\u00f3 medio a\u00f1o despu\u00e9s<\/strong>, celebrando <a class=\"hm-link ho-link\" href=\"https:\/\/www.hola.com\/actualidad\/20240629702336\/ana-moya-influencer-boda-diego-conde-futbolista\/\" rel=\"noopener nofollow\" target=\"_blank\" data-mrf-recirculation=\"article-body-link\">su boda el 29 de junio de 2024<\/a>. Para la ceremonia religiosa, la pareja escogi\u00f3 la madrile\u00f1a iglesia de Santa B\u00e1rbara, tambi\u00e9n conocida como la Iglesia de las Salesas Reales, y el convite nupcial tuvo lugar en el Castillo de Batres. Su enlace reuni\u00f3 a multitud de rostros conocidos como <strong data-gid=\"etDbcgJt5z\">Dulceida y Alba Paul, Madame de Rosa, Anabel Pantoja, Susana Molina, Marta Rimbau<\/strong> o <strong data-gid=\"etYex_MVl3\">Jessica Bueno y Luitingo,<\/strong> en una celebraci\u00f3n pensada al detalle.\u00a0<\/p>\n<p id=\"eKQ5Ho6dkSL\" data-wc=\"48\">Para su gran d\u00eda, Ana luci\u00f3 un precioso <strong>vestido con cuerpo bardot, firmado por Vicky Mart\u00edn Berrocal,\u00a0<\/strong>mientras que Diego apost\u00f3 por cl\u00e1sico traje de chaqueta negro. Tras la ceremonia religiosa, los novios y sus invitados pusieron rumbo a Batres, en cuyo castillo se celebr\u00f3 la fiesta posboda.<\/p>\n<p> <img src=\"https:\/\/www.europesays.com\/es\/wp-content\/uploads\/2025\/10\/50e07fdcee68-dlu560105066.jpg\"   width=\"1024\" height=\"682\" loading=\"lazy\" decoding=\"async\" alt=\"Ana Moya y Diego Conde ya son marido y mujer\" fetchpriority=\"auto\" class=\"image ho-image\"\/>\u00a9 Gtres<\/p>\n<p> <img src=\"https:\/\/www.europesays.com\/es\/wp-content\/uploads\/2025\/10\/7dce05d4f15a-dlu560105009-1.jpg\"   width=\"1024\" height=\"682\" loading=\"lazy\" decoding=\"async\" alt=\"Vestido de novia de Ana Moya\" fetchpriority=\"auto\" class=\"image ho-image\"\/>\u00a9 Gtresonline<\/p>\n<p id=\"euzIe3Y881U\" data-wc=\"129\">Desde que se casaron, Ana y Diego han compartido en redes su d\u00eda a d\u00eda como pareja y familia<strong data-gid=\"ef-mf20iMtf\">. Mateo, el hijo de nueve a\u00f1os que aport\u00f3 la influencer a su matrimonio,<\/strong> ha sido parte esencial de esta bonita historia de amor. Desde el principio, el ni\u00f1o congeni\u00f3 con <a class=\"hm-link ho-link\" href=\"https:\/\/www.hola.com\/actualidad\/20231110243264\/diego-conde-prometido-ana-moya\/\" rel=\"noopener nofollow\" target=\"_blank\" data-mrf-recirculation=\"article-body-link\">el portero del CD Legan\u00e9s<\/a> y en la boda, el peque\u00f1o tuvo un papel protagonista, llev\u00f3 a su madre al altar donde la esperaba Diego. Siempre se ha mostrado muy unido al guardameta &#8216;pepinero&#8217;, con quien comparte juegos, viajes y momentos cotidianos. \u201cMateo y Diego se adoran\u201d, ha confesado Ana en varias entrevistas. La llegada de un nuevo beb\u00e9 refuerza ese v\u00ednculo y abre una nueva etapa para la familia, que pronto crecer\u00e1 con la llegada del un nuevo miembro.<\/p>\n<p> <img src=\"https:\/\/www.europesays.com\/es\/wp-content\/uploads\/2025\/10\/c69bd845fc1e-anamoya4.jpg\"   width=\"1024\" height=\"1024\" loading=\"lazy\" decoding=\"async\" alt=\"Ana Moya y Diego Conde\" fetchpriority=\"auto\" class=\"image ho-image\"\/>\u00a9 anamoyacalzado<\/p>\n<p id=\"e613QnthCf_\" data-wc=\"173\">Hace apenas dos semanas, Ana Moya y Diego Conde compartieron con sus seguidores <strong data-gid=\"eUeoqAwt_n0\">una de las noticias m\u00e1s felices de su vida: la familia de tres, pronto ser\u00eda de cuatro.<\/strong> Lo hicieron en sus redes sociales, a trav\u00e9s de un v\u00eddeo cargado de ternura, que acompa\u00f1aban con esta dedicatoria: \u201cEsperando por ti\u201d. En \u00e9l se pod\u00eda ver la incipiente barriguita de Ana, su hijo Mateo bes\u00e1ndole la tripa con dulzura, la feliz mam\u00e1 tendiendo ropita de beb\u00e9 o a la pareja fundi\u00e9ndose en un beso. Sin duda, una forma \u00edntima y emotiva de anunciar que est\u00e1n esperando su primer hijo en com\u00fan. Aunque ha sido un ni\u00f1o muy deseado, la influencer ha confesado recientemente que \u00a0\u00abtengo n\u00e1useas y ardor las 24 horas\u00bb, algo que no le sucedi\u00f3 en su primer embarazo. Pese a todo, est\u00e1 feliz porque ya le han hecho una revisi\u00f3n m\u00e9dica y todo est\u00e1 perfecto: \u00abAyer fuimos con Mateo incluido a escuchar el latido del beb\u00e9 y fue precioso. Nos dijeron que todo va de maravilla\u00bb,\u00a0ha compartido la influencer.<\/p>\n<p> <img src=\"https:\/\/www.europesays.com\/es\/wp-content\/uploads\/2025\/10\/2c7ff5fece1d-saveclipapp554365774185273653810544738574404420120321132n.jpg\"   width=\"575\" height=\"1024\" loading=\"lazy\" decoding=\"async\" alt=\"Media Image\" fetchpriority=\"auto\" class=\"image ho-image\"\/>\u00a9 @anamoyacalzado<\/p>\n<p id=\"eBSWHbowXnMA\" data-wc=\"131\">El embarazo llega en un momento de plenitud para la pareja, tanto en lo personal como en lo profesional. Y es que dos a\u00f1os despu\u00e9s de comenzar su relaci\u00f3n, <strong data-gid=\"e4_8-JxiQjU\">Ana y Diego ya se preparan para dar la bienvenida a su beb\u00e9, del que a\u00fan se desconoce el sexo<\/strong>. El portero del &#8216;Lega&#8217; ha sido un pilar constante para Ana, quien ha encontrado en \u00e9l no solo a un compa\u00f1ero de vida, sino al aliado perfecto con quien formar una familia. Su emotiva felicitaci\u00f3n de cumplea\u00f1os no solo celebra la nueva vida que est\u00e1 en camino, sino tambi\u00e9n la fortuna de compartir el d\u00eda a d\u00eda con Ana y con Mateo, el hijo mayor de la influencer. Y juntos siguen construyendo su mejor proyecto de vida, lleno de amor y respeto.\u00a0<\/p>\n","protected":false},"excerpt":{"rendered":"Ana Moya vive uno de los momentos m\u00e1s dulces de su vida. La modelo e influencer, que este&hellip;\n","protected":false},"author":2,"featured_media":171305,"comment_status":"","ping_status":"","sticky":false,"template":"","format":"standard","meta":{"footnotes":""},"categories":[174],"tags":[517,29083,255,146,147,25,24,256,1023,23],"class_list":{"0":"post-171304","1":"post","2":"type-post","3":"status-publish","4":"format-standard","5":"has-post-thumbnail","7":"category-famosos","8":"tag-actualidad","9":"tag-ana-moya","10":"tag-celebrities","11":"tag-entertainment","12":"tag-entretenimiento","13":"tag-es","14":"tag-espana","15":"tag-famosos","16":"tag-moda","17":"tag-spain"},"share_on_mastodon":{"url":"","error":""},"_links":{"self":[{"href":"https:\/\/www.europesays.com\/es\/wp-json\/wp\/v2\/posts\/171304","targetHints":{"allow":["GET"]}}],"collection":[{"href":"https:\/\/www.europesays.com\/es\/wp-json\/wp\/v2\/posts"}],"about":[{"href":"https:\/\/www.europesays.com\/es\/wp-json\/wp\/v2\/types\/post"}],"author":[{"embeddable":true,"href":"https:\/\/www.europesays.com\/es\/wp-json\/wp\/v2\/users\/2"}],"replies":[{"embeddable":true,"href":"https:\/\/www.europesays.com\/es\/wp-json\/wp\/v2\/comments?post=171304"}],"version-history":[{"count":0,"href":"https:\/\/www.europesays.com\/es\/wp-json\/wp\/v2\/posts\/171304\/revisions"}],"wp:featuredmedia":[{"embeddable":true,"href":"https:\/\/www.europesays.com\/es\/wp-json\/wp\/v2\/media\/171305"}],"wp:attachment":[{"href":"https:\/\/www.europesays.com\/es\/wp-json\/wp\/v2\/media?parent=171304"}],"wp:term":[{"taxonomy":"category","embeddable":true,"href":"https:\/\/www.europesays.com\/es\/wp-json\/wp\/v2\/categories?post=171304"},{"taxonomy":"post_tag","embeddable":true,"href":"https:\/\/www.europesays.com\/es\/wp-json\/wp\/v2\/tags?post=171304"}],"curies":[{"name":"wp","href":"https:\/\/api.w.org\/{rel}","templated":true}]}}