{"id":171316,"date":"2025-10-12T08:20:12","date_gmt":"2025-10-12T08:20:12","guid":{"rendered":"https:\/\/www.europesays.com\/es\/171316\/"},"modified":"2025-10-12T08:20:12","modified_gmt":"2025-10-12T08:20:12","slug":"toros-inaugurado-el-monumento-a-antonete-en-la-explanada-de-las-ventas-cultura","status":"publish","type":"post","link":"https:\/\/www.europesays.com\/es\/171316\/","title":{"rendered":"Toros: Inaugurado el monumento a Anto\u00f1ete en la explanada de Las Ventas | Cultura"},"content":{"rendered":"<p class=\"\">El diestro Jos\u00e9 Antonio Morante de Puebla descubri\u00f3 ayer la estatua dedicada la figura de <a href=\"https:\/\/elpais.com\/noticias\/antonio-chenel-antonete\/\" target=\"_blank\" rel=\"noreferrer nofollow noopener\" title=\"https:\/\/elpais.com\/noticias\/antonio-chenel-antonete\/\">Antonio Chenel Anto\u00f1ete<\/a>, que ha quedado enclavada en la explanada de la plaza de Las Ventas, con la que se rinde homenaje a la figura del torero madrile\u00f1o.<\/p>\n<p class=\"\">Y lo hizo Morante porque suya fue la idea del monumento y \u00e9l es el promotor del festival que se celebrar\u00e1 a las 12 de esta ma\u00f1ana en el coso vente\u00f1o para sufragar los 130.000 euros que ha costado la realizaci\u00f3n de la obra y otros gastos inherentes a la organizaci\u00f3n del festejo taurino.<\/p>\n<p class=\"\">La estatua es obra del artista sevillano Mart\u00edn Lagares, mide de 2,3 metros de altura, pesa 500 kilos de peso, y representa al torero de cuerpo entero, con el capote de paseo en el brazo izquierdo y un cigarro en la mano derecha. Anto\u00f1ete mira hacia la Puerta Grande de la plaza madrile\u00f1a, a pocos metros del monumento dedicado a Antonio Bienvenida.<\/p>\n<p class=\"\">Junto a Morante han participado en la inauguraci\u00f3n familiares del torero homenajeado, varios toreros anunciados en el festival, el consejero de Interior de la Comunidad de Madrid, Carlos Novillo, y el empresario Rafael Garc\u00eda Garrido.<\/p>\n<p class=\"\">Desde hace d\u00edas est\u00e1 colgado el cartel de \u2018no hay billetes\u2019 para el festival, en el que ha habido un cambio de \u00faltima hora. Por razones que no han sido comunicadas causa baja Julio Aparicio, y su lugar lo ocupar\u00e1 Frascuelo. As\u00ed, el cartel queda conformado del siguiente modo: cinco novillos de Garcigrande, uno de El Vellosino y un s\u00e9ptimo de Jos\u00e9 Luis Osborne, para el rejoneador Hermoso de Mendoza, los diestros Curro V\u00e1zquez, Carlos Escolar Frascuelo, C\u00e9sar Rinc\u00f3n, Enrique Ponce y Morante de la Puebla y la novillera Olga Casado.<\/p>\n<p class=\"\">Por la tarde, de nuevo con los tendidos llenos y las c\u00e1maras de Telemadrid, se celebrar\u00e1 la corrida del D\u00eda de la Hispanidad, que cierra la Feria de Oto\u00f1o y la temporada en Madrid. Vuelve a hacer el pase\u00edllo Morante de la Puebla, esta vez de luces, junto a Fernando Roble\u00f1o, que se retira de los ruedos, y el joven Sergio Rodr\u00edguez, triunfador de la Copa Chenel 2025, que confirmar\u00e1 la alternativa. Los toros pertenecen a la ganader\u00eda de Garcigrande.<\/p>\n","protected":false},"excerpt":{"rendered":"El diestro Jos\u00e9 Antonio Morante de Puebla descubri\u00f3 ayer la estatua dedicada la figura de Antonio Chenel Anto\u00f1ete,&hellip;\n","protected":false},"author":2,"featured_media":171317,"comment_status":"","ping_status":"","sticky":false,"template":"","format":"standard","meta":{"footnotes":""},"categories":[91],"tags":[43920,209,146,147,25,24,3728,1392,23,444],"class_list":{"0":"post-171316","1":"post","2":"type-post","3":"status-publish","4":"format-standard","5":"has-post-thumbnail","7":"category-entretenimiento","8":"tag-antonio-chenel-antonete","9":"tag-cultura","10":"tag-entertainment","11":"tag-entretenimiento","12":"tag-es","13":"tag-espana","14":"tag-las-ventas","15":"tag-morante-de-la-puebla","16":"tag-spain","17":"tag-toros"},"share_on_mastodon":{"url":"","error":""},"_links":{"self":[{"href":"https:\/\/www.europesays.com\/es\/wp-json\/wp\/v2\/posts\/171316","targetHints":{"allow":["GET"]}}],"collection":[{"href":"https:\/\/www.europesays.com\/es\/wp-json\/wp\/v2\/posts"}],"about":[{"href":"https:\/\/www.europesays.com\/es\/wp-json\/wp\/v2\/types\/post"}],"author":[{"embeddable":true,"href":"https:\/\/www.europesays.com\/es\/wp-json\/wp\/v2\/users\/2"}],"replies":[{"embeddable":true,"href":"https:\/\/www.europesays.com\/es\/wp-json\/wp\/v2\/comments?post=171316"}],"version-history":[{"count":0,"href":"https:\/\/www.europesays.com\/es\/wp-json\/wp\/v2\/posts\/171316\/revisions"}],"wp:featuredmedia":[{"embeddable":true,"href":"https:\/\/www.europesays.com\/es\/wp-json\/wp\/v2\/media\/171317"}],"wp:attachment":[{"href":"https:\/\/www.europesays.com\/es\/wp-json\/wp\/v2\/media?parent=171316"}],"wp:term":[{"taxonomy":"category","embeddable":true,"href":"https:\/\/www.europesays.com\/es\/wp-json\/wp\/v2\/categories?post=171316"},{"taxonomy":"post_tag","embeddable":true,"href":"https:\/\/www.europesays.com\/es\/wp-json\/wp\/v2\/tags?post=171316"}],"curies":[{"name":"wp","href":"https:\/\/api.w.org\/{rel}","templated":true}]}}