{"id":171318,"date":"2025-10-12T08:21:09","date_gmt":"2025-10-12T08:21:09","guid":{"rendered":"https:\/\/www.europesays.com\/es\/171318\/"},"modified":"2025-10-12T08:21:09","modified_gmt":"2025-10-12T08:21:09","slug":"jcc-pokemon-pocket-recibe-nuevo-evento-de-vistazos-fugaces-en-elecciones-magicas","status":"publish","type":"post","link":"https:\/\/www.europesays.com\/es\/171318\/","title":{"rendered":"JCC Pok\u00e9mon Pocket recibe nuevo evento de vistazos fugaces en Elecciones M\u00e1gicas"},"content":{"rendered":"<p><strong>\u00a1Parece que hay novedades en <\/strong><a href=\"https:\/\/www.nintenderos.com\/2024\/10\/el-nuevo-juego-gratis-de-pokemon-supera-los-6-millones-de-preinscripciones-y-confirma-regalo\/\" rel=\"nofollow noopener\" target=\"_blank\">JCC Pok\u00e9mon Pocket<\/a><strong>!\u00a0<\/strong>Aqu\u00ed os traemos informaci\u00f3n interesante. Se trata efectivamente de noticias relacionadas con\u00a0<a href=\"https:\/\/www.nintenderos.com\/2024\/02\/el-presidente-de-pokemon-acaba-de-comparar-la-franquicia-con-el-shogi\/\" rel=\"nofollow noopener\" target=\"_blank\">Pok\u00e9mon\u00a0<\/a>y su\u00a0<a href=\"https:\/\/www.nintenderos.com\/2024\/01\/el-jcc-pokemon-detalla-su-siguiente-set-en-occidente-fuerzas-temporales\/\" rel=\"nofollow noopener\" target=\"_blank\">Juego de Cartas Coleccionables<\/a>.<\/p>\n<p>Tras conocer que tambi\u00e9n\u00a0<a href=\"https:\/\/www.nintenderos.com\/2025\/01\/jcc-pokemon-pocket-estrena-su-nueva-expansion-con-regalos-para-todos-y-problemas-de-carga\/\" rel=\"nofollow noopener\" target=\"_blank\">hay regalos\u00a0<\/a>as\u00ed como\u00a0<a href=\"https:\/\/www.nintenderos.com\/2025\/07\/jcc-pokemon-pocket-fecha-y-detalla-sus-proximas-novedades-en-los-intercambios-incluyendo-la-eliminacion-de-las-fichas-de-intercambio\/\" rel=\"nofollow noopener\" target=\"_blank\">ajustes en los intercambios\u00a0<\/a>en camino, ahora tenemos novedades: se trata de un nuevo evento de vistazos fugaces. Esta campa\u00f1a estar\u00e1 disponible <strong>hasta el 14 de septiembre<\/strong> y te ofrece la oportunidad de ver una de las cartas de Elecciones M\u00e1gicas antes de elegir, lo que te permitir\u00e1 tener m\u00e1s posibilidades de conseguir la carta que buscas o reducir las opciones.<\/p>\n<p><img decoding=\"async\" class=\"aligncenter\" src=\"https:\/\/www.europesays.com\/es\/wp-content\/uploads\/2025\/10\/GxIrKEuXcAE-c0U\" alt=\"Imagen\"\/><\/p>\n<p>Otros contenidos en esta categor\u00eda:<\/p>\n<p>\u00bfQu\u00e9 os ha parecido JCC Pok\u00e9mon Pocket hasta ahora a vosotros? No dud\u00e9is en compartir vuestra opini\u00f3n al respecto en los comentarios. \u00a1Os leemos detenidamente m\u00e1s abajo!<\/p>\n<p><a href=\"https:\/\/twitter.com\/pokexperto\/status\/1952248137726484554\" rel=\"nofollow noopener\" target=\"_blank\">Fuente<\/a>.<\/p>\n<p>    <script async src=\"https:\/\/platform.twitter.com\/widgets.js\" charset=\"utf-8\"><\/script><\/p>\n","protected":false},"excerpt":{"rendered":"\u00a1Parece que hay novedades en JCC Pok\u00e9mon Pocket!\u00a0Aqu\u00ed os traemos informaci\u00f3n interesante. Se trata efectivamente de noticias relacionadas&hellip;\n","protected":false},"author":2,"featured_media":171319,"comment_status":"","ping_status":"","sticky":false,"template":"","format":"standard","meta":{"footnotes":""},"categories":[81],"tags":[119,123,124,25,24,26956,934,117,121,122,23,118,120],"class_list":{"0":"post-171318","1":"post","2":"type-post","3":"status-publish","4":"format-standard","5":"has-post-thumbnail","7":"category-ciencia-y-tecnologia","8":"tag-ciencia","9":"tag-ciencia-y-tecnologia","10":"tag-cienciaytecnologia","11":"tag-es","12":"tag-espana","13":"tag-jcc-pokemon-pocket","14":"tag-pokemon","15":"tag-science","16":"tag-science-and-technology","17":"tag-scienceandtechnology","18":"tag-spain","19":"tag-technology","20":"tag-tecnologia"},"share_on_mastodon":{"url":"","error":""},"_links":{"self":[{"href":"https:\/\/www.europesays.com\/es\/wp-json\/wp\/v2\/posts\/171318","targetHints":{"allow":["GET"]}}],"collection":[{"href":"https:\/\/www.europesays.com\/es\/wp-json\/wp\/v2\/posts"}],"about":[{"href":"https:\/\/www.europesays.com\/es\/wp-json\/wp\/v2\/types\/post"}],"author":[{"embeddable":true,"href":"https:\/\/www.europesays.com\/es\/wp-json\/wp\/v2\/users\/2"}],"replies":[{"embeddable":true,"href":"https:\/\/www.europesays.com\/es\/wp-json\/wp\/v2\/comments?post=171318"}],"version-history":[{"count":0,"href":"https:\/\/www.europesays.com\/es\/wp-json\/wp\/v2\/posts\/171318\/revisions"}],"wp:featuredmedia":[{"embeddable":true,"href":"https:\/\/www.europesays.com\/es\/wp-json\/wp\/v2\/media\/171319"}],"wp:attachment":[{"href":"https:\/\/www.europesays.com\/es\/wp-json\/wp\/v2\/media?parent=171318"}],"wp:term":[{"taxonomy":"category","embeddable":true,"href":"https:\/\/www.europesays.com\/es\/wp-json\/wp\/v2\/categories?post=171318"},{"taxonomy":"post_tag","embeddable":true,"href":"https:\/\/www.europesays.com\/es\/wp-json\/wp\/v2\/tags?post=171318"}],"curies":[{"name":"wp","href":"https:\/\/api.w.org\/{rel}","templated":true}]}}