{"id":17132,"date":"2025-07-31T20:56:09","date_gmt":"2025-07-31T20:56:09","guid":{"rendered":"https:\/\/www.europesays.com\/es\/17132\/"},"modified":"2025-07-31T20:56:09","modified_gmt":"2025-07-31T20:56:09","slug":"la-hacienda-catalana-asumira-la-campana-de-la-renta-en-2027-y-retrasa-su-llegada-al-irpf-a-2028","status":"publish","type":"post","link":"https:\/\/www.europesays.com\/es\/17132\/","title":{"rendered":"La Hacienda catalana asumir\u00e1 la campa\u00f1a de la Renta en 2027 y retrasa su llegada al IRPF a 2028"},"content":{"rendered":"<p><a href=\"https:\/\/www.eleconomista.es\/economia\/noticias\/13463573\/07\/25\/las-cuatro-claves-de-la-nueva-financiacion-catalana-con-todavia-muchas-dudas-por-resolver.html\" rel=\"nofollow noopener\" target=\"_blank\">El despliegue de la Agencia Tributaria de Catalu\u00f1a (ATC) ya tiene fechas<\/a>. Y marcan un horizonte m\u00e1s largo del inicialmente esperado. El organismo est\u00e1 previsto que asuma por completo la campa\u00f1a de la Renta en 2027, una vez se vea reforzado con m\u00e1s personal y nuevas oficinas y no ser\u00e1 hasta un a\u00f1o m\u00e1s tarde cuando comenzar\u00e1 a colaborar en la gesti\u00f3n del Impuesto sobre la Renta de las Personas F\u00edsicas (IRPF) frente al objetivo de comenzar a hacerlo ya en 2026.<\/p>\n<p>La consejer\u00eda de Econom\u00eda y Finanzas ha informado este jueves del calendario para el despliegue de la Hacienda catalana tras el acuerdo de financiaci\u00f3n presentado a mediados de mes con el Gobierno. Seg\u00fan la hoja de ruta dise\u00f1ada por Minsait, filial de Indra, en una primera fase el organismo de nueva creaci\u00f3n prestar\u00e1 informaci\u00f3n y asistencia en la campa\u00f1a de la Renta 2025 -recaudado en el a\u00f1o 2026- a los solicitantes de cita previa, algo muy similar a las tareas ya acometidas este mismo verano.<\/p>\n<p>El objetivo es que el a\u00f1o que viene la ATC gane peso y sea capaz de gestionar la mayor parte de la campa\u00f1a, para acabar asumiendo la totalidad de la asistencia de la campa\u00f1a de 2026 -que se ejecuta en el a\u00f1o 2027-, seg\u00fan consta en el plan director del organismo.<\/p>\n<p>En este sentido, seg\u00fan el Govern, habr\u00eda que incorporar, en 2026, m\u00e1s de 400 efectivos. Y para asumir toda la asistencia, en 2027, se deber\u00eda contratar temporalmente a m\u00e1s de 700, con la previsi\u00f3n de llegar a 360.000 contribuyentes. Tambi\u00e9n se necesitar\u00edan nuevas oficinas temporales -ya existieron algunas este mismo a\u00f1o- y tener lista la adaptaci\u00f3n t\u00e9cnica y de contenidos para facilitar la asistencia durante la campa\u00f1a.<\/p>\n<p><b>El Ejecutivo catal\u00e1n deber\u00e1 convencer por eso a los t\u00e9cnicos de Hacienda<\/b>, reticentes hasta el momento a dar el salto a la entidad auton\u00f3mica. Sin ir m\u00e1s lejos, la Asociaci\u00f3n de Inspectores de Hacienda del Estado (IHE) advirti\u00f3 el mi\u00e9rcoles que \u00abcualquier tentativa de traspaso general o forzoso de los funcionarios de la AEAT a una administraci\u00f3n tributaria auton\u00f3mica constituye un ataque frontal a la autonom\u00eda de la AEAT, reconocida en su ley de creaci\u00f3n, y a los derechos de sus trabajadores, que no pueden ser moneda de cambio de ning\u00fan intercambio pol\u00edtico\u00bb.<\/p>\n<p>Para 2028: el IRPF<\/p>\n<p>El objetivo final de la ATC siempre fue el de terminar \u00abasumiendo la recaudaci\u00f3n de todos los tributos\u00bb que se generen en Catalu\u00f1a, recuerda el departamento de Econom\u00eda. Para ello, el Impuesto sobre la Renta de las Personas F\u00edsicas (IRPF) se ha marcado en rojo como tasa clave de la nueva entidad.<\/p>\n<p>El estreno so\u00f1ado era para 2026, con la cesi\u00f3n ya del 100% del IRPF. Sin embargo, el calendario final es mucho menos ambicioso y <b>se\u00f1ala el ejercicio 2028 como el primer a\u00f1o en el que se comiencen a ejercer funciones <\/b>de revisi\u00f3n de este tributo. Su gesti\u00f3n total llegar\u00eda para m\u00e1s adelante, si es que llega.<\/p>\n<p>Antes, el Gobierno deber\u00e1 realizar las modificaciones necesarias de la ley de cesi\u00f3n de tributos y la Ley Org\u00e1nica de Financiaci\u00f3n de las Comunidades Aut\u00f3nomas (LOFCA) para que la agencia auton\u00f3mica pueda tener competencias en la gesti\u00f3n del IRPF. En esta l\u00ednea, ERC -el impulsor original del pacto de financiaci\u00f3n- registrar\u00e1 una proposici\u00f3n de ley para la modificaci\u00f3n de estas normas. Eso s\u00ed, solo saldr\u00e1 adelante si el Congreso avala el movimiento normativo.<\/p>\n<p>Para pilotar el desarrollo del plan director, <a href=\"https:\/\/www.eleconomista.es\/economia\/noticias\/13475199\/07\/25\/el-govern-ficha-a-un-directivo-de-ibm-para-desplegar-la-hacienda-catalana.html\" rel=\"nofollow noopener\" target=\"_blank\">el Govern ha fichado a Santiago Ramon Ariz\u00f3n, directivo de la multinacional IBM en Catalu\u00f1a<\/a>. Seg\u00fan inform\u00f3 el Ejecutivo, el dirigente ser\u00e1 el Comisionado para la nueva financiaci\u00f3n singular; una de las dos nuevas figuras p\u00fablicas que ha dise\u00f1ado la Generalitat para conseguir expandir sus capacidades tributarias. El otro es un consejo asesor del que todav\u00eda se desconocen sus miembros.<\/p>\n<p>Ambos organismos, de nueva creaci\u00f3n, se adscribir\u00e1n al Departament d&#8217;Economia que lidera la consejera Al\u00edcia Romero.<\/p>\n<p>El papel de Santiago Ramon ser\u00e1 el de coordinar los trabajos t\u00e9cnicos para coordinar el despliegue de la Hacienda catalana y \u00abmejorar los procesos y estructuras organizativas para que la ATC gane eficiencia y eficacia de cara al nuevo modelo\u00bb.<\/p>\n<p>Las otras medidas pendientes<\/p>\n<p>Junto con el desarrollo de la Hacienda propia, el pacto de financiaci\u00f3n presentado a mediados de mes por Gobierno y Generalitat incluye un nuevo reparto que el Govern pretende que respete la ordinalidad y as\u00ed no perder puestos entre el resto de comunidades aut\u00f3nomas cuando se redistribuyan los tributos. El Ejecutivo central no alcanz\u00f3 ning\u00fan compromiso en este sentido.<\/p>\n<p>La clave estar\u00e1 en la cuant\u00eda del cupo de solidaridad que se fijar\u00e1 con los impuestos recaudados y que ninguna de las dos partes en la mesa de negociaci\u00f3n quiso precisar. Sin embargo, s\u00ed dejaron claro que la nueva financiaci\u00f3n -que ser\u00eda extensible al resto de autonom\u00edas- tendr\u00eda en cuenta las competencias delegadas, como puede ser la existencia de una polic\u00eda propia como son los Mossos d&#8217;Esquadra.<\/p>\n<p>Tambi\u00e9n aseguraron que las regiones que quieran adherirse a las mismas condiciones que Catalu\u00f1a podr\u00e1n hacerlo.<\/p>\n<p>WhatsApp<a href=\"https:\/\/api.whatsapp.com\/send?text=https:\/\/www.eleconomista.es\/economia\/noticias\/13488396\/07\/25\/la-hacienda-catalana-asumira-la-campana-de-la-renta-en-2027.html?utm_source%3Dwhatsapp%26utm_medium%3Dshare_button&amp;id=1648118629957_whatsapp\" target=\"_blank\" data-action=\"share\/whatsapp\/share\" aria-label=\"Compartir en Whatsapp\" rel=\"nofollow noopener\"><\/a>Facebook<a id=\"fb-share\" href=\"#\" target=\"_blank\" rel=\"noopener noreferrer\" aria-label=\"Compartir en Facebook\"><\/a>Twitter<a href=\"https:\/\/twitter.com\/share?text=La+Hacienda+catalana+asumir%C3%A1+la+campa%C3%B1a+de+la+Renta+en+2027+y+retrasa+su+llegada+al+IRPF+a+2028&amp;url=https:\/\/www.eleconomista.es\/economia\/noticias\/13488396\/07\/25\/la-hacienda-catalana-asumira-la-campana-de-la-renta-en-2027.html&amp;via=elEconomistaes&amp;id=1648118839245_twitter\" target=\"_blank\" aria-label=\"Compartir en Twitter\" rel=\"nofollow noopener\"><\/a>Linkedin<a href=\"https:\/\/linkedin.com\/share?text=https:\/\/www.eleconomista.es\/economia\/noticias\/13488396\/07\/25\/la-hacienda-catalana-asumira-la-campana-de-la-renta-en-2027.html&amp;via=elEconomistaes\" target=\"_blank\" aria-label=\"Compartir en linkedin\" rel=\"nofollow noopener\"><\/a>Beloud<a href=\"https:\/\/beloud.com\/share?text=La+Hacienda+catalana+asumir%C3%A1+la+campa%C3%B1a+de+la+Renta+en+2027+y+retrasa+su+llegada+al+IRPF+a+2028&amp;url=https:\/\/www.eleconomista.es\/economia\/noticias\/13488396\/07\/25\/la-hacienda-catalana-asumira-la-campana-de-la-renta-en-2027.html&amp;via=elEconomistaes&amp;id=1648118839245_beloud\" target=\"_blank\" aria-label=\"Compartir en beloud\" rel=\"nofollow noopener\"><\/a>Bluesky<a href=\"https:\/\/bsky.app\/intent\/compose?text=https:\/\/bsky.app\/intent\/compose?text=https:\/\/www.eleconomista.es\/economia\/noticias\/13488396\/07\/25\/la-hacienda-catalana-asumira-la-campana-de-la-renta-en-2027.html&amp;url=https:\/\/www.eleconomista.es\/economia\/noticias\/13488396\/07\/25\/la-hacienda-catalana-asumira-la-campana-de-la-renta-en-2027.html&amp;via=elEconomistaes&amp;id=1648118839245_bluesky\" target=\"_blank\" aria-label=\"Compartir en bluesky\" rel=\"nofollow noopener\"><\/a><\/p>\n<p><script async src=\"https:\/\/platform.twitter.com\/widgets.js\" charset=\"utf-8\"><\/script><\/p>\n","protected":false},"excerpt":{"rendered":"El despliegue de la Agencia Tributaria de Catalu\u00f1a (ATC) ya tiene fechas. Y marcan un horizonte m\u00e1s largo&hellip;\n","protected":false},"author":2,"featured_media":17133,"comment_status":"","ping_status":"","sticky":false,"template":"","format":"standard","meta":{"footnotes":""},"categories":[8],"tags":[17,18,5385,25,24,13,14,11,19,20,9,10,15,16,23,12,21,22],"class_list":{"0":"post-17132","1":"post","2":"type-post","3":"status-publish","4":"format-standard","5":"has-post-thumbnail","7":"category-espana","8":"tag-breaking-news","9":"tag-breakingnews","10":"tag-economaa","11":"tag-es","12":"tag-espana","13":"tag-featured-news","14":"tag-featurednews","15":"tag-headlines","16":"tag-latest-news","17":"tag-latestnews","18":"tag-news","19":"tag-noticias","20":"tag-noticias-destacadas","21":"tag-noticiasdestacadas","22":"tag-spain","23":"tag-titulares","24":"tag-ultimas-noticias","25":"tag-ultimasnoticias"},"share_on_mastodon":{"url":"","error":""},"_links":{"self":[{"href":"https:\/\/www.europesays.com\/es\/wp-json\/wp\/v2\/posts\/17132","targetHints":{"allow":["GET"]}}],"collection":[{"href":"https:\/\/www.europesays.com\/es\/wp-json\/wp\/v2\/posts"}],"about":[{"href":"https:\/\/www.europesays.com\/es\/wp-json\/wp\/v2\/types\/post"}],"author":[{"embeddable":true,"href":"https:\/\/www.europesays.com\/es\/wp-json\/wp\/v2\/users\/2"}],"replies":[{"embeddable":true,"href":"https:\/\/www.europesays.com\/es\/wp-json\/wp\/v2\/comments?post=17132"}],"version-history":[{"count":0,"href":"https:\/\/www.europesays.com\/es\/wp-json\/wp\/v2\/posts\/17132\/revisions"}],"wp:featuredmedia":[{"embeddable":true,"href":"https:\/\/www.europesays.com\/es\/wp-json\/wp\/v2\/media\/17133"}],"wp:attachment":[{"href":"https:\/\/www.europesays.com\/es\/wp-json\/wp\/v2\/media?parent=17132"}],"wp:term":[{"taxonomy":"category","embeddable":true,"href":"https:\/\/www.europesays.com\/es\/wp-json\/wp\/v2\/categories?post=17132"},{"taxonomy":"post_tag","embeddable":true,"href":"https:\/\/www.europesays.com\/es\/wp-json\/wp\/v2\/tags?post=17132"}],"curies":[{"name":"wp","href":"https:\/\/api.w.org\/{rel}","templated":true}]}}