{"id":171321,"date":"2025-10-12T08:23:08","date_gmt":"2025-10-12T08:23:08","guid":{"rendered":"https:\/\/www.europesays.com\/es\/171321\/"},"modified":"2025-10-12T08:23:08","modified_gmt":"2025-10-12T08:23:08","slug":"los-israelies-aclaman-a-trump-en-un-mitin-en-tel-aviv-mientras-se-preparan-para-el-regreso-de-los-rehenes","status":"publish","type":"post","link":"https:\/\/www.europesays.com\/es\/171321\/","title":{"rendered":"Los israel\u00edes aclaman a Trump en un mitin en Tel Aviv mientras se preparan para el regreso de los rehenes"},"content":{"rendered":"<p>\n                    Publicado                 12\/10\/2025 &#8211; 10:10 CEST<br \/>\n                \u2022Ultima actualizaci\u00f3n<br \/>\n                                     10:16\n                                        <\/p>\n<p>          <img decoding=\"async\" class=\"c-ad__placeholder__logo\" src=\"https:\/\/static.euronews.com\/website\/images\/logos\/logo-euronews-stacked-outlined-72x72-grey-9.svg\" width=\"72\" height=\"72\" alt=\"\" loading=\"lazy\"\/><br \/>\n          PUBLICIDAD<\/p>\n<p>Grandes multitudes se reunieron en Tel Aviv el s\u00e1bado por la noche para <strong>manifestarse a favor de la liberaci\u00f3n de los rehenes en Gaza<\/strong>, al finalizar el segundo d\u00eda del <a href=\"https:\/\/es.euronews.com\/2025\/10\/10\/el-ejecutivo-israeli-aprueba-el-plan-de-trump-sobre-el-alto-el-fuego-en-gaza\" rel=\"nofollow noopener\" target=\"_blank\">acuerdo de alto el fuego entre Israel y Ham\u00e1s<\/a> mediado por Estados Unidos.<\/p>\n<p>Se calcula que <strong>unas 100.000 personas<\/strong> se congregaron en la llamada Plaza de los Rehenes, donde <strong>vitorearon al presidente estadounidense, Donald Trump<\/strong>, por haber conseguido el acuerdo. <\/p>\n<p>Algunos tambi\u00e9n <strong>abuchearon a su propio primer ministro, Benjamin Netanyahu<\/strong>, mientras el enviado estadounidense Steve Witkoff y el yerno de Trump, Jared Kushner, se dirig\u00edan al mitin semanal que los israel\u00edes esperan que sea el \u00faltimo. \u00abA los propios rehenes, nuestros hermanos y hermanas, volv\u00e9is a casa\u00bb, dijo Witkoff a la multitud.<\/p>\n<p>Kushner dijo que lo celebrar\u00edan el lunes, cuando el Ej\u00e9rcito israel\u00ed ha dicho que <strong>los 48 rehenes que siguen en Gaza ser\u00e1n liberados<\/strong>. El Gobierno cree que quedan unos 20 con vida. Kushner tambi\u00e9n se\u00f1al\u00f3 el \u00absufrimiento\u00bb en Gaza.<\/p>\n<p>La hija del presidente estadounidense, Ivanka Trump, tambi\u00e9n se dirigi\u00f3 a la multitud. \u00abEl presidente quer\u00eda que compartiera, como ha hecho con tantos de vosotros personalmente, que os ve, os escucha, est\u00e1 con vosotros siempre\u00bb, dijo.<\/p>\n<p>Los israel\u00edes se abrazaron y se hicieron selfies. <strong>Muchos ondeaban banderas estadounidenses<\/strong>. \u00abEs un momento muy feliz, pero sabemos que se avecinan momentos incre\u00edblemente dif\u00edciles\u00bb, dijo Yaniv Peretz, uno de los presentes.<\/p>\n<p>\u00abAhora es un momento cr\u00edtico. Lo que se exige a nuestros miembros de la Knesset, a los miembros del Gobierno y a quien lo encabeza es cero errores, cero contratiempos. <a href=\"https:\/\/es.euronews.com\/video\/2025\/10\/10\/el-acuerdo-con-hamas-devuelve-la-esperanza-a-israel-ojala-la-muerte-de-mi-sobrino-traiga-p\" rel=\"nofollow noopener\" target=\"_blank\">Es hora de terminar y enviarlos a casa ya\u00bb<\/a>, dijo Yaira Gutman, cuya hija Tamar muri\u00f3 en el atentado de Ham\u00e1s en el festival Nova el 7 de octubre de 2023.<\/p>\n<p>Tal Shoham, superviviente de los rehenes, hizo un llamamiento a la paz entre israel\u00edes y palestinos tras dos devastadores a\u00f1os de guerra. \u00abSi aprendemos a encontrar las similitudes entre nosotros, la unidad crecer\u00e1\u00bb, afirm\u00f3. El acuerdo establece que los mediadores y el CICR facilitar\u00e1n el <strong>intercambio de rehenes y prisioneros sin ceremonias<\/strong> p\u00fablicas ni cobertura medi\u00e1tica.<\/p>\n<p><strong>Israel va a liberar a unos 250 palestinos que cumplen penas de prisi\u00f3n<\/strong>, as\u00ed como a unas <strong>1.700 personas secuestradas en Gaza<\/strong> en los dos \u00faltimos a\u00f1os y recluidas sin cargos.<\/p>\n<p>El Servicio de Prisiones de Israel dijo que los presos han sido trasladados a instalaciones de deportaci\u00f3n en las prisiones de Ofer y Ktzi&#8217;ot, \u00aba la espera de instrucciones del escal\u00f3n pol\u00edtico\u00bb.<\/p>\n<p>Unas 1.200 personas murieron y 250 fueron tomadas como rehenes durante el <a href=\"https:\/\/es.euronews.com\/2025\/10\/07\/7-de-octubre-de-2023-el-dia-mas-sangriento-de-la-historia-de-israel\" rel=\"nofollow noopener\" target=\"_blank\">atentado de Ham\u00e1s del 7 de octubre de 2023<\/a>. La mayor\u00eda de los rehenes fueron liberados en breves acuerdos previos de alto el fuego a lo largo de los dos a\u00f1os de guerra. En la subsiguiente ofensiva israel\u00ed <strong>murieron m\u00e1s de 67.000 palestinos en Gaza<\/strong>, seg\u00fan el Ministerio de Sanidad dirigido por Ham\u00e1s.<\/p>\n<p>El enclave se ha visto asolado por la hambruna y alrededor del 90% de la poblaci\u00f3n se ha visto desplazada, con sus <strong>casas destruidas por los bombardeos israel\u00edes<\/strong>. La guerra ha desencadenado otros conflictos en la regi\u00f3n, provocado protestas en todo el mundo y dado lugar a acusaciones de genocidio que Israel niega.<\/p>\n<p>Fuentes adicionales<strong> \u2022 AP<\/strong><\/p>\n","protected":false},"excerpt":{"rendered":"Publicado 12\/10\/2025 &#8211; 10:10 CEST \u2022Ultima actualizaci\u00f3n 10:16 PUBLICIDAD Grandes multitudes se reunieron en Tel Aviv el s\u00e1bado&hellip;\n","protected":false},"author":2,"featured_media":171322,"comment_status":"","ping_status":"","sticky":false,"template":"","format":"standard","meta":{"footnotes":""},"categories":[42],"tags":[17,18,13,14,1256,1258,11,61,62,63,64,74,19,20,9,10,15,16,12651,27353,12,21,22,65,66,67],"class_list":{"0":"post-171321","1":"post","2":"type-post","3":"status-publish","4":"format-standard","5":"has-post-thumbnail","7":"category-internacional","8":"tag-breaking-news","9":"tag-breakingnews","10":"tag-featured-news","11":"tag-featurednews","12":"tag-franja-de-gaza","13":"tag-guerra-israel-hamas","14":"tag-headlines","15":"tag-internacional","16":"tag-international","17":"tag-international-news","18":"tag-internationalnews","19":"tag-israel","20":"tag-latest-news","21":"tag-latestnews","22":"tag-news","23":"tag-noticias","24":"tag-noticias-destacadas","25":"tag-noticiasdestacadas","26":"tag-rehenes","27":"tag-tel-aviv","28":"tag-titulares","29":"tag-ultimas-noticias","30":"tag-ultimasnoticias","31":"tag-world","32":"tag-world-news","33":"tag-worldnews"},"share_on_mastodon":{"url":"","error":""},"_links":{"self":[{"href":"https:\/\/www.europesays.com\/es\/wp-json\/wp\/v2\/posts\/171321","targetHints":{"allow":["GET"]}}],"collection":[{"href":"https:\/\/www.europesays.com\/es\/wp-json\/wp\/v2\/posts"}],"about":[{"href":"https:\/\/www.europesays.com\/es\/wp-json\/wp\/v2\/types\/post"}],"author":[{"embeddable":true,"href":"https:\/\/www.europesays.com\/es\/wp-json\/wp\/v2\/users\/2"}],"replies":[{"embeddable":true,"href":"https:\/\/www.europesays.com\/es\/wp-json\/wp\/v2\/comments?post=171321"}],"version-history":[{"count":0,"href":"https:\/\/www.europesays.com\/es\/wp-json\/wp\/v2\/posts\/171321\/revisions"}],"wp:featuredmedia":[{"embeddable":true,"href":"https:\/\/www.europesays.com\/es\/wp-json\/wp\/v2\/media\/171322"}],"wp:attachment":[{"href":"https:\/\/www.europesays.com\/es\/wp-json\/wp\/v2\/media?parent=171321"}],"wp:term":[{"taxonomy":"category","embeddable":true,"href":"https:\/\/www.europesays.com\/es\/wp-json\/wp\/v2\/categories?post=171321"},{"taxonomy":"post_tag","embeddable":true,"href":"https:\/\/www.europesays.com\/es\/wp-json\/wp\/v2\/tags?post=171321"}],"curies":[{"name":"wp","href":"https:\/\/api.w.org\/{rel}","templated":true}]}}