{"id":171325,"date":"2025-10-12T08:26:08","date_gmt":"2025-10-12T08:26:08","guid":{"rendered":"https:\/\/www.europesays.com\/es\/171325\/"},"modified":"2025-10-12T08:26:08","modified_gmt":"2025-10-12T08:26:08","slug":"la-diputacion-de-albacete-apoya-a-la-casa-de-castilla-la-mancha-en-sevilla-en-la-xvi-edicion-de-los-encuentros-espana","status":"publish","type":"post","link":"https:\/\/www.europesays.com\/es\/171325\/","title":{"rendered":"La Diputaci\u00f3n de Albacete apoya a la Casa de Castilla-La Mancha en Sevilla en la XVI Edici\u00f3n de los Encuentros Espa\u00f1a"},"content":{"rendered":"<p>Sevilla, 12 de octubre de 2025.- Un a\u00f1o m\u00e1s, la Diputaci\u00f3n de Albacete reafirma su compromiso con la promoci\u00f3n cultural y social de nuestra tierra, colaborando con la Casa de Castilla-La Mancha en Sevilla en la XVI Edici\u00f3n de los Encuentros Espa\u00f1a, organizados por el Ayuntamiento de Sevilla \u2014a trav\u00e9s de su Delegaci\u00f3n de Hacienda, Administraci\u00f3n y Transformaci\u00f3n Digital\u2014 y la Federaci\u00f3n Sevillana de Casas Regionales y Provinciales.<\/p>\n<p>El evento se est\u00e1 celebrando del 10 al 13 de octubre en los Jardines de Murillo, convirti\u00e9ndose en un escaparate de las tradiciones, la cultura y la gastronom\u00eda de todas las comunidades y provincias participantes. En esta edici\u00f3n, por primera vez, la ciudad de Sevilla es la protagonista, tras el \u00e9xito del pasado a\u00f1o, cuando la Casa homenajeada fue precisamente la Casa de Castilla-La Mancha en Sevilla.<\/p>\n<p>Desde la firma del convenio de colaboraci\u00f3n en 2017, la Diputaci\u00f3n de Albacete ha venido apoyando de manera constante a la Casa en numerosos eventos, facilitando que Albacete, sus pueblos, su cultura, su folclore y su gastronom\u00eda tengan una presencia destacada en este tipo de encuentros. Gracias a este respaldo institucional, la provincia ha podido mostrarse en Sevilla como un referente de riqueza patrimonial, tradici\u00f3n y hospitalidad manchega.<\/p>\n<p>En representaci\u00f3n de la Diputaci\u00f3n, el diputado del \u00c1rea Social, Jos\u00e9 Gonz\u00e1lez, ha participado en los actos de este XVI Encuentro. Una presencia que ha adquirido un valor especial, no s\u00f3lo por su responsabilidad institucional, sino tambi\u00e9n por su reconocida trayectoria como activista (a trav\u00e9s del Grupo de Folklore Abuela Santa Ana) de la recuperaci\u00f3n, estudio y divulgaci\u00f3n del folclore y las tradiciones populares de nuestra tierra. Gonz\u00e1lez ha reafirmado as\u00ed la voluntad de la Diputaci\u00f3n de seguir impulsando la defensa y difusi\u00f3n del patrimonio inmaterial albacete\u00f1o m\u00e1s all\u00e1 de nuestras fronteras.<\/p>\n<p>Entre las actividades fruto de esta colaboraci\u00f3n, destaca una excursi\u00f3n de tres d\u00edas en la que un nutrido grupo de socios pudo visitar Albacete y m\u00e1s de diez municipios de la provincia, descubriendo de primera mano sus espacios emblem\u00e1ticos, su patrimonio cultural y su vida cotidiana.<\/p>\n<p>El presidente de la Diputaci\u00f3n, Santi Caba\u00f1ero, ha sido un firme impulsor de esta relaci\u00f3n, no solo promoviendo la firma del convenio, sino participando activamente en diversas iniciativas y actos organizados por la Casa. Entre ellos cabe destacar la celebraci\u00f3n del D\u00eda de Castilla-La Mancha en Sevilla, la Inauguraci\u00f3n del A\u00f1o de Albacete en Sevilla (2018), su visita al stand provincial en el XI Encuentro de Casas Regionales, o la inauguraci\u00f3n de las exposiciones dedicadas a la cuchiller\u00eda y a la Semana Santa albacete\u00f1a.<\/p>\n<p>El Encuentro de Casas Regionales y Provinciales en Sevilla es un evento consolidado que ofrece un completo programa de actividades culturales y recreativas en torno a la naturaleza, el turismo, las tradiciones y la gastronom\u00eda de las distintas regiones participantes. Su car\u00e1cter festivo y su gran acogida entre la ciudadan\u00eda sevillana lo convierten en un referente de convivencia y diversidad cultural.<\/p>\n<p>Gracias al convenio con la Diputaci\u00f3n, la Casa de Castilla-La Mancha ha podido contar con la presencia de grupos folcl\u00f3ricos de Albacete como El Trillo, la Asociaci\u00f3n Cultural San Pablo o La Abuela Santa Ana, que llenan Sevilla de m\u00fasica, danza e indumentaria tradicional manchega, convirti\u00e9ndose en verdaderos embajadores del folklore albacete\u00f1o.<\/p>\n<p>Junto a la Diputaci\u00f3n de Albacete, la Casa cuenta tambi\u00e9n con la colaboraci\u00f3n de otras instituciones de nuestra tierra, como la Junta de Comunidades de Castilla-La Mancha, las Diputaciones de Ciudad Real y Toledo, diversas Denominaciones de Origen y numerosas empresas que han venido apoyando de forma continuada la promoci\u00f3n de la cultura y los productos manchegos en Sevilla.<\/p>\n<p>Fruto de esta colaboraci\u00f3n se ha reforzado la relaci\u00f3n con entidades y productores de la provincia, como las D.O. Manchuela, La Mancha, Almansa y Jumilla, cuyos vinos, junto a productos emblem\u00e1ticos como el queso manchego, la miel o los Miguelitos de La Roda, est\u00e1n presentes en cada celebraci\u00f3n organizada por la Casa, difundiendo los sabores y la identidad de nuestra tierra.<\/p>\n<p>Tras estos a\u00f1os de trabajo conjunto, se ha cumplido con creces el objetivo principal del convenio: promocionar la cultura, el turismo y la gastronom\u00eda de la provincia de Albacete en la ciudad de Sevilla, al tiempo que se facilita la log\u00edstica necesaria para que la Casa pueda celebrar sus principales actos \u2014como los Encuentros Espa\u00f1a, la Feria de Abril, el D\u00eda de la Provincia o las conmemoraciones del D\u00eda de Castilla-La Mancha\u2014 que cada a\u00f1o acercan un poco m\u00e1s nuestra tierra a Andaluc\u00eda.<\/p>\n","protected":false},"excerpt":{"rendered":"Sevilla, 12 de octubre de 2025.- Un a\u00f1o m\u00e1s, la Diputaci\u00f3n de Albacete reafirma su compromiso con la&hellip;\n","protected":false},"author":2,"featured_media":171326,"comment_status":"","ping_status":"","sticky":false,"template":"","format":"standard","meta":{"footnotes":""},"categories":[5],"tags":[17,18,4007,25,24,13,14,11,19,20,9,10,15,16,23,12,21,22],"class_list":{"0":"post-171325","1":"post","2":"type-post","3":"status-publish","4":"format-standard","5":"has-post-thumbnail","7":"category-titulares","8":"tag-breaking-news","9":"tag-breakingnews","10":"tag-destacado","11":"tag-es","12":"tag-espana","13":"tag-featured-news","14":"tag-featurednews","15":"tag-headlines","16":"tag-latest-news","17":"tag-latestnews","18":"tag-news","19":"tag-noticias","20":"tag-noticias-destacadas","21":"tag-noticiasdestacadas","22":"tag-spain","23":"tag-titulares","24":"tag-ultimas-noticias","25":"tag-ultimasnoticias"},"share_on_mastodon":{"url":"","error":""},"_links":{"self":[{"href":"https:\/\/www.europesays.com\/es\/wp-json\/wp\/v2\/posts\/171325","targetHints":{"allow":["GET"]}}],"collection":[{"href":"https:\/\/www.europesays.com\/es\/wp-json\/wp\/v2\/posts"}],"about":[{"href":"https:\/\/www.europesays.com\/es\/wp-json\/wp\/v2\/types\/post"}],"author":[{"embeddable":true,"href":"https:\/\/www.europesays.com\/es\/wp-json\/wp\/v2\/users\/2"}],"replies":[{"embeddable":true,"href":"https:\/\/www.europesays.com\/es\/wp-json\/wp\/v2\/comments?post=171325"}],"version-history":[{"count":0,"href":"https:\/\/www.europesays.com\/es\/wp-json\/wp\/v2\/posts\/171325\/revisions"}],"wp:featuredmedia":[{"embeddable":true,"href":"https:\/\/www.europesays.com\/es\/wp-json\/wp\/v2\/media\/171326"}],"wp:attachment":[{"href":"https:\/\/www.europesays.com\/es\/wp-json\/wp\/v2\/media?parent=171325"}],"wp:term":[{"taxonomy":"category","embeddable":true,"href":"https:\/\/www.europesays.com\/es\/wp-json\/wp\/v2\/categories?post=171325"},{"taxonomy":"post_tag","embeddable":true,"href":"https:\/\/www.europesays.com\/es\/wp-json\/wp\/v2\/tags?post=171325"}],"curies":[{"name":"wp","href":"https:\/\/api.w.org\/{rel}","templated":true}]}}