{"id":171329,"date":"2025-10-12T08:30:14","date_gmt":"2025-10-12T08:30:14","guid":{"rendered":"https:\/\/www.europesays.com\/es\/171329\/"},"modified":"2025-10-12T08:30:14","modified_gmt":"2025-10-12T08:30:14","slug":"un-domingo-sin-sergio-en-el-open-lo-que-tengo-es-lo-que-hay","status":"publish","type":"post","link":"https:\/\/www.europesays.com\/es\/171329\/","title":{"rendered":"Un domingo sin Sergio en el Open: \u201cLo que tengo es lo que hay\u201d"},"content":{"rendered":"<p class=\"\">En otro tiempo, un s\u00e1bado como este habr\u00eda despertado al Sergio Garc\u00eda m\u00e1s volc\u00e1nico. Hoy en d\u00eda se maneja de otra forma ante los micr\u00f3fonos cuando el golf no le sonr\u00ede. No es pasotismo, es la capacidad de relativizar que aporta la madurez en un jugador que a los 45 a\u00f1os ya ha hecho todo lo que ten\u00eda que hacer en este deporte. <b>\u201cLo que tengo es lo que hay\u201d, dec\u00eda tras entregar un 69 (-2 para -3) <\/b>que no le da para ser tenido en cuenta de cara al \u00faltimo asalto por el <a href=\"https:\/\/as.com\/masdeporte\/golf\/\" target=\"_self\" rel=\"nofollow noopener\" title=\"https:\/\/as.com\/masdeporte\/golf\/\">Open de Espa\u00f1a<\/a> este domingo en el Real Club de Campo de Madrid. <\/p>\n<p class=\"\">Por tercera jornada consecutiva le toc\u00f3 tapar v\u00edas de agua por los nueve primeros.<b> La secuencia en los cinco primeros fue doble bogey-birdie-bogey-birdie-bogey. <\/b>A partir de ah\u00ed enderez\u00f3 el rumbo, y ya no se dejar\u00eda ning\u00fan golpe en una ruta en la que abroch\u00f3 otros cuatro birdies, al 8, 12, 14 y 15. \u201c<b>Lo mejor ha sido hacer bajo par. Empiezas as\u00ed y luego intentas pelear con todo lo que puedes. En ese aspecto bien<\/b>. La verdad es que al principio no he jugado bien, pero tambi\u00e9n estaba bastante complicado. Hac\u00eda mucho viento. Los hoyos obviamente se complican mucho m\u00e1s cuando est\u00e1s jugando as\u00ed. Si encima no pegas buenos golpes, pues a\u00fan m\u00e1s dif\u00edcil todav\u00eda\u00bb, apuntaba con resignaci\u00f3n. <\/p>\n<p class=\"\">Para cuando firm\u00f3 la tarjeta, la parte alta de la tabla ya estaba en dobles d\u00edgitos, terreno al que este domingo solo podr\u00eda aproximarse con una vuelta antol\u00f3gica. <b>En cualquier caso, le queda algo a lo que aferrarse en este Open y es David Puig, uno de sus pupilos en los Fireballs del LIV, que al cierre de esta cr\u00f3nica formaba parte del top-10.<\/b> \u201cTiene muchas cosas buenas. Es un gran jugador, que le pega bastante recto para lo fuerte que le da\u201d, alababa al producto de La Garriga. <\/p>\n<p class=\"\">\u201cSiempre que alguno de nosotros est\u00e1 ah\u00ed arriba es bonito. Y David la verdad es que se est\u00e1 acostumbrando a hacerlo muchas veces. Un poquito como con Tommy Fleetwood en Estados Unidos. <b>Al final, cuando estas tantas veces ah\u00ed arriba, una de ellas acabar\u00e1 ganando. Esperemos que sea esta semana y si no, que sea la pr\u00f3xima<\/b>\u201d, pronostic\u00f3 <a href=\"https:\/\/as.com\/masdeporte\/sergio-garcia-a-veces-pego-golpes-que-no-son-de-profesional-f202510-n\/\" target=\"_self\" rel=\"nofollow noopener\" title=\"https:\/\/as.com\/masdeporte\/sergio-garcia-a-veces-pego-golpes-que-no-son-de-profesional-f202510-n\/\">el de Borriol<\/a>, que tras este Open de Espa\u00f1a necesita jugar dos torneos m\u00e1s del circuito europeo para cumplir con el m\u00ednimo que le permita mantener sus derechos de juego tal y como est\u00e1n ahora de cara a la pr\u00f3xima temporada. Eso, teniendo en cuenta que anda muy lejos de las plazas que dan acceso a las dos \u00faltimas citas del calendario, las que constituyen los playoffs, le obligar\u00eda a ir a India y a Corea las dos pr\u00f3ximas semanas, cosa que no parece estar en sus planes.<\/p>\n<p>Noticias relacionadas<\/p>\n<p class=\"\"><b>\u00a1Tus opiniones importan!<\/b> Comenta en los art\u00edculos y suscr\u00edbete gratis a nuestra <a href=\"https:\/\/asfan.as.com\/newsletters\/\" target=\"_blank\" rel=\"nofollow noopener\" title=\"https:\/\/asfan.as.com\/newsletters\/\">newsletter<\/a> y a las alertas informativas en la <a href=\"https:\/\/as.com\/aplicacion-de-as-n\/\" target=\"_blank\" rel=\"nofollow noopener\" title=\"https:\/\/as.com\/aplicacion-de-as-n\/\">App<\/a> o el canal de <a href=\"https:\/\/www.whatsapp.com\/channel\/0029VaAasdA7j6g745nz9M10\" target=\"_blank\" rel=\"nofollow noopener\" title=\"https:\/\/www.whatsapp.com\/channel\/0029VaAasdA7j6g745nz9M10\">WhatsApp<\/a>.<\/p>\n<p class=\"\">\u00bfBuscas licenciar contenido? Haz clic <a href=\"https:\/\/profesional.elpais.com\/soluciones-sindicacion?utm_medium=interno&amp;utm_source=crosslinking&amp;utm_campaign=sindicacion_as_pie_articulos\" target=\"_blank\" rel=\"nofollow noopener\" title=\"https:\/\/profesional.elpais.com\/soluciones-sindicacion?utm_medium=interno&amp;utm_source=crosslinking&amp;utm_campaign=sindicacion_as_pie_articulos\">aqu\u00ed<\/a><\/p>\n","protected":false},"excerpt":{"rendered":"En otro tiempo, un s\u00e1bado como este habr\u00eda despertado al Sergio Garc\u00eda m\u00e1s volc\u00e1nico. Hoy en d\u00eda se&hellip;\n","protected":false},"author":2,"featured_media":171330,"comment_status":"","ping_status":"","sticky":false,"template":"","format":"standard","meta":{"footnotes":""},"categories":[275],"tags":[168,25,24,329,23,167],"class_list":{"0":"post-171329","1":"post","2":"type-post","3":"status-publish","4":"format-standard","5":"has-post-thumbnail","7":"category-golf","8":"tag-deportes","9":"tag-es","10":"tag-espana","11":"tag-golf","12":"tag-spain","13":"tag-sports"},"share_on_mastodon":{"url":"","error":""},"_links":{"self":[{"href":"https:\/\/www.europesays.com\/es\/wp-json\/wp\/v2\/posts\/171329","targetHints":{"allow":["GET"]}}],"collection":[{"href":"https:\/\/www.europesays.com\/es\/wp-json\/wp\/v2\/posts"}],"about":[{"href":"https:\/\/www.europesays.com\/es\/wp-json\/wp\/v2\/types\/post"}],"author":[{"embeddable":true,"href":"https:\/\/www.europesays.com\/es\/wp-json\/wp\/v2\/users\/2"}],"replies":[{"embeddable":true,"href":"https:\/\/www.europesays.com\/es\/wp-json\/wp\/v2\/comments?post=171329"}],"version-history":[{"count":0,"href":"https:\/\/www.europesays.com\/es\/wp-json\/wp\/v2\/posts\/171329\/revisions"}],"wp:featuredmedia":[{"embeddable":true,"href":"https:\/\/www.europesays.com\/es\/wp-json\/wp\/v2\/media\/171330"}],"wp:attachment":[{"href":"https:\/\/www.europesays.com\/es\/wp-json\/wp\/v2\/media?parent=171329"}],"wp:term":[{"taxonomy":"category","embeddable":true,"href":"https:\/\/www.europesays.com\/es\/wp-json\/wp\/v2\/categories?post=171329"},{"taxonomy":"post_tag","embeddable":true,"href":"https:\/\/www.europesays.com\/es\/wp-json\/wp\/v2\/tags?post=171329"}],"curies":[{"name":"wp","href":"https:\/\/api.w.org\/{rel}","templated":true}]}}