{"id":171342,"date":"2025-10-12T08:39:10","date_gmt":"2025-10-12T08:39:10","guid":{"rendered":"https:\/\/www.europesays.com\/es\/171342\/"},"modified":"2025-10-12T08:39:10","modified_gmt":"2025-10-12T08:39:10","slug":"giro-radican-en-el-embarazo-de-adriana","status":"publish","type":"post","link":"https:\/\/www.europesays.com\/es\/171342\/","title":{"rendered":"Giro radican en el embarazo de Adriana"},"content":{"rendered":"<p data-journey-content=\"true\" data-node-id=\"3\" class=\"css-6wxqfj emevuu60\">Anteriormente en &#8216;<a href=\"https:\/\/www.diezminutos.es\/valle-salvaje\/\" target=\"_blank\" data-vars-ga-outbound-link=\"https:\/\/www.diezminutos.es\/valle-salvaje\/\" data-vars-ga-ux-element=\"Hyperlink\" data-vars-ga-call-to-action=\"Valle Salvaje\" data-node-id=\"3.1\" class=\"body-link css-177bzfx emevuu60\" rel=\"nofollow noopener\">Valle Salvaje<\/a>&#8216;, Cuando Pepa la sorprende con Tom\u00e1s, Luisa finge con habilidad, sin imaginar que una prueba de su complicidad <a href=\"https:\/\/www.diezminutos.es\/telenovela\/espanolas\/a68895433\/valle-salvaje-capitulo-272-avance-del-jueves-9-de-octubre-serie-tve-netflix\/\" target=\"_blank\" data-vars-ga-outbound-link=\"https:\/\/www.diezminutos.es\/telenovela\/espanolas\/a68895433\/valle-salvaje-capitulo-272-avance-del-jueves-9-de-octubre-serie-tve-netflix\/\" data-vars-ga-ux-element=\"Hyperlink\" data-vars-ga-call-to-action=\"caer\u00e1 en manos de Alejo\" data-node-id=\"3.3\" class=\"body-link css-177bzfx emevuu60\" rel=\"nofollow noopener\">caer\u00e1 en manos de Alejo<\/a>, quien no dudar\u00e1 en usarla. En otro rinc\u00f3n de la historia, <strong data-node-id=\"3.5\">Rafael y Adriana est\u00e1n a punto de abrirle los ojos al duque<\/strong> sobre Victoria, cuyas sombras se alargan m\u00e1s de lo que nadie sospecha. As\u00ed, entre secretos que se filtran como agua entre los dedos, pactos que se rompen y visitas inesperadas, Valle Salvaje se convierte en un tablero donde cada movimiento puede cambiar el destino de todos. Las piezas est\u00e1n en juego, y el final a\u00fan se escribe con tinta incierta.<\/p>\n<p><img draggable=\"true\" alt=\"valle salvaje jose luis y adriana\" title=\"valle salvaje jose luis y adriana\" loading=\"lazy\" width=\"2100\" height=\"1400\" decoding=\"async\" data-nimg=\"1\" style=\"color:transparent;width:100%;height:auto;\"   src=\"https:\/\/www.europesays.com\/es\/wp-content\/uploads\/2025\/09\/cap-236-1-689e1b15b5196.jpg\" class=\"css-0 e1g79fud0\"\/><\/p>\n<p>RTVE<\/p>\n<p>Jos\u00e9 Luis toma una decisi\u00f3n que cambiar\u00e1 el futuro en &#8216;Valle Salvaje&#8217;<\/p>\n<p data-journey-content=\"true\" data-node-id=\"8\" class=\"css-6wxqfj emevuu60\">En los cap\u00edtulos de esta semana, de &#8216;Valle Salvaje&#8217;, mientras Hernando anima a Irene a aceptar su destino, Leonardo busca la complicidad de Mercedes para evitarlo. Entretanto, en la Casa Grande, Jos\u00e9 Luis toma una decisi\u00f3n que cambiar\u00e1 el futuro de Valle Salvaje para siempre. El duque comparte con Adriana y Rafael el documento de su acuerdo sobre el futuro de Valle Salvaje.<strong data-node-id=\"8.1\"> \u00bfHabr\u00e1 sorpresas para la pareja cuando lo lean?<\/strong> Por otro lado, Hernando coge por banda a B\u00e1rbara para convencerla de que d\u00e9 el visto bueno a la boda de Leonardo e Irene. \u00bfLo conseguir\u00e1?<\/p>\n<p>Tom\u00e1s vuelve a presionar a Luisa en &#8216;Valle Salvaje&#8217;<img draggable=\"true\" alt=\"valle salvaje tve\" title=\"valle salvaje tve\" loading=\"lazy\" width=\"1200\" height=\"675\" decoding=\"async\" data-nimg=\"1\" style=\"color:transparent;width:100%;height:auto;\"   src=\"https:\/\/www.europesays.com\/es\/wp-content\/uploads\/2025\/09\/valle-salvaje-temporada-3-68d24bbed3889.jpg\" class=\"css-0 e1g79fud0\"\/><\/p>\n<p>RTVE<\/p>\n<p data-journey-content=\"true\" data-node-id=\"12\" class=\"css-6wxqfj emevuu60\">Llega el d\u00eda de firmar el acuerdo entre Jos\u00e9 Luis y Adriana. <strong data-node-id=\"12.1\">\u00bfSe llevar\u00e1 a cabo a pesar de que Victoria no lo ve con buenos ojos? <\/strong>Mientras, Luisa se ocupa de Isabel para que Tom\u00e1s pueda robar en la Casa Grande\u2026 Sin embargo, alguien descubre al ladr\u00f3n donde no debe. Mart\u00edn se atreve a enfrentarse a Victoria, cuya venganza no tarda en salpicar a Amadeo, Eva y Francisco. La duquesa pierde los estribos por momentos, terminando por poner en riesgo el embarazo de Adriana. Adem\u00e1s, Tom\u00e1s vuelve a presionar a Luisa para llevar a cabo el robo. Jos\u00e9 Luis responsabiliza a Victoria de lo ocurrido con Adriana y la amenaza, dejando a su esposa sola y desesperada. En la Casa Peque\u00f1a, Pedrito planta cara a don Hernando, que afirma actuar por el bien de B\u00e1rbara. Mientras, Alejo descubre a Tom\u00e1s y Luisa en actitud comprometida.<\/p>\n<p><img src=\"https:\/\/www.europesays.com\/es\/wp-content\/uploads\/2025\/10\/1760258350_832_43af9b8f-983e-4e74-8e74-9a7479b0966b_1681831601.file\" alt=\"Headshot of Pilar Mart\u00ednez\" title=\"Headshot of Pilar Mart\u00ednez\" width=\"100%\" height=\"100%\" decoding=\"async\" loading=\"lazy\" class=\"css-o0wq4v ev8dhu53\"\/><\/p>\n<p>Pilar Mart\u00ednez es periodista especializada en contenidos de televisi\u00f3n y cultura, se gradu\u00f3 en la carrera en Periodismo en la Facultad de Ciencias de la Informaci\u00f3n (Universidad Complutense de Madrid) en el a\u00f1o 2018. Desde entonces ha pasado por las redacciones de Ecoteuve (El Economista), donde realiz\u00f3 sus primeras pr\u00e1cticas durante el verano del 2016.<\/p>\n<p>Posteriormente, concretamente, en el a\u00f1o 2017 se pas\u00f3 al grupo Hearst Espa\u00f1a, donde comenz\u00f3 su andadura en las revistas de televisi\u00f3n: Supertele, Teleprograma, Telenovela. Ahora colabora con Diez Minutos, en su versi\u00f3n web, donde se encarga de realizar los avances semanales de las ficciones diarias de moda, as\u00ed como entrevistas y art\u00edculos sobre los melodramas o telenovelas que aterrizan en nuestro pa\u00eds y aquellos que est\u00e1n por venir.<\/p>\n<p>Toda una cazadora de exclusivas. A esto, se suma su puesto como redactora jefe de la secci\u00f3n de novela narrativa en la revista Culturamas, medio digital de alto impacto al que lleva unida desde el a\u00f1o 2013. \u00c1vida lectora, cin\u00e9fila y seri\u00e9fila de primer nivel, ha hecho de su vocaci\u00f3n su oficio. \u00a0<\/p>\n","protected":false},"excerpt":{"rendered":"Anteriormente en &#8216;Valle Salvaje&#8216;, Cuando Pepa la sorprende con Tom\u00e1s, Luisa finge con habilidad, sin imaginar que una&hellip;\n","protected":false},"author":2,"featured_media":171343,"comment_status":"","ping_status":"","sticky":false,"template":"","format":"standard","meta":{"footnotes":""},"categories":[171],"tags":[253,146,147,25,24,23,214],"class_list":{"0":"post-171342","1":"post","2":"type-post","3":"status-publish","4":"format-standard","5":"has-post-thumbnail","7":"category-tv","8":"tag-discover","9":"tag-entertainment","10":"tag-entretenimiento","11":"tag-es","12":"tag-espana","13":"tag-spain","14":"tag-tv"},"share_on_mastodon":{"url":"","error":""},"_links":{"self":[{"href":"https:\/\/www.europesays.com\/es\/wp-json\/wp\/v2\/posts\/171342","targetHints":{"allow":["GET"]}}],"collection":[{"href":"https:\/\/www.europesays.com\/es\/wp-json\/wp\/v2\/posts"}],"about":[{"href":"https:\/\/www.europesays.com\/es\/wp-json\/wp\/v2\/types\/post"}],"author":[{"embeddable":true,"href":"https:\/\/www.europesays.com\/es\/wp-json\/wp\/v2\/users\/2"}],"replies":[{"embeddable":true,"href":"https:\/\/www.europesays.com\/es\/wp-json\/wp\/v2\/comments?post=171342"}],"version-history":[{"count":0,"href":"https:\/\/www.europesays.com\/es\/wp-json\/wp\/v2\/posts\/171342\/revisions"}],"wp:featuredmedia":[{"embeddable":true,"href":"https:\/\/www.europesays.com\/es\/wp-json\/wp\/v2\/media\/171343"}],"wp:attachment":[{"href":"https:\/\/www.europesays.com\/es\/wp-json\/wp\/v2\/media?parent=171342"}],"wp:term":[{"taxonomy":"category","embeddable":true,"href":"https:\/\/www.europesays.com\/es\/wp-json\/wp\/v2\/categories?post=171342"},{"taxonomy":"post_tag","embeddable":true,"href":"https:\/\/www.europesays.com\/es\/wp-json\/wp\/v2\/tags?post=171342"}],"curies":[{"name":"wp","href":"https:\/\/api.w.org\/{rel}","templated":true}]}}