{"id":171362,"date":"2025-10-12T08:49:38","date_gmt":"2025-10-12T08:49:38","guid":{"rendered":"https:\/\/www.europesays.com\/es\/171362\/"},"modified":"2025-10-12T08:49:38","modified_gmt":"2025-10-12T08:49:38","slug":"elpuerto-de-santa-maria-german-beardo-acompana-a-la-gymnastica-portuense-en-un-dia-historico-de-baloncesto-con-el-torneo-vicente-cisneros","status":"publish","type":"post","link":"https:\/\/www.europesays.com\/es\/171362\/","title":{"rendered":"#ElPuerto de Santa Mar\u00eda &#8211; Germ\u00e1n Beardo acompa\u00f1a a la Gymn\u00e1stica Portuense en un d\u00eda hist\u00f3rico de baloncesto con el Torneo Vicente Cisneros"},"content":{"rendered":"<p>Este s\u00e1bado, el alcalde de El Puerto de Santa Mar\u00eda, Germ\u00e1n Beardo, se ha acercado al Pabell\u00f3n Ram\u00f3n Vel\u00e1zquez para apoyar a los equipos de la Gymn\u00e1stica Portuense en una jornada muy especial, marcada por el estreno de la nueva pista tras la reforma integral del pabell\u00f3n, que moderniza y mejora notablemente sus instalaciones.\u00a0<\/p>\n<p>Las mejoras incluyen un <strong>nuevo parqu\u00e9 de alta calidad<\/strong>, un <strong>videomarcador LED de \u00faltima generaci\u00f3n<\/strong>, la <strong>reparaci\u00f3n de la cubierta<\/strong> y la <strong>actualizaci\u00f3n completa del sistema el\u00e9ctrico<\/strong>, que se completar\u00e1 en los pr\u00f3ximos d\u00edas junto con la <strong>sustituci\u00f3n de los paneles de la claraboya central<\/strong>, consolidando al <strong>Pabell\u00f3n Ram\u00f3n Vel\u00e1zquez<\/strong> como un espacio m\u00e1s <strong>seguro, c\u00f3modo y moderno<\/strong>, pensado tanto para los jugadores como para los aficionados.\u00a0<\/p>\n<p>La jornada comenz\u00f3 a las 10:00 h con el Torneo Vicente Cisneros, donde todos los equipos de baloncesto del club disputaron partidos amistosos, creando un ambiente lleno de emoci\u00f3n y fomentando la ilusi\u00f3n de peque\u00f1as y grandes promesas del deporte local. A las 15:00 h se realiz\u00f3 la tradicional foto de familia, seguida de un partido de exhibici\u00f3n de las leyendas de la Gymn\u00e1stica, en homenaje al 25 aniversario del club y a su contribuci\u00f3n hist\u00f3rica al baloncesto en El Puerto.\u00a0<\/p>\n<p>El primer equipo, Baublock Gymn\u00e1stica Portuense, pondr\u00e1 el broche de oro a la jornada enfrent\u00e1ndose a San Antonio C\u00e1ceres a las 20:00 h, en un encuentro que servir\u00e1 como inicio de la Temporada y el estreno de la <strong>nueva pista<\/strong> en casa del <strong>Tercera FEB<\/strong> en su primer partido de la liga.\u00a0<\/p>\n<p>Esta renovaci\u00f3n no solo mejora la experiencia deportiva, sino que refleja el compromiso del Ayuntamiento con el deporte base y con la formaci\u00f3n de futuras generaciones, consolidando al Pabell\u00f3n Ram\u00f3n Vel\u00e1zquez como un referente del baloncesto en la provincia.\u00a0<\/p>\n<p>El alcalde estuvo acompa\u00f1ado por el concejal de Deportes, Jos\u00e9 Ignacio Gonz\u00e1lez Nieto, que tambi\u00e9n dio la bienvenida a los equipos y destac\u00f3 la importancia de invertir en instalaciones que fomenten el deporte, la salud y la participaci\u00f3n ciudadana.\u00a0<\/p>\n<p>Una jornada cargada de baloncesto, emociones y comunidad, que pone en valor el talento y la pasi\u00f3n de la Gymn\u00e1stica Portuense y reafirma la apuesta de El Puerto por un deporte inclusivo, moderno y de calidad.\u00a0<\/p>\n<p>Doce horas de baloncesto y convivencia para disfrutar de este deporte con partidos en las categor\u00edas babys, pre-benjam\u00edn, mini-basket, infantil, junior y senior.\u00a0<\/p>\n<p>La Gymn\u00e1stica Portuense quiere agradecer al alcalde, al concejal de Deportes y a todos los asistentes su participaci\u00f3n en esta edici\u00f3n del Torneo Vicente Cisneros, donde m\u00e1s de 200 jugadores est\u00e1n haciendo del baloncesto el verdadero protagonista del d\u00eda.\u00a0<\/p>\n","protected":false},"excerpt":{"rendered":"Este s\u00e1bado, el alcalde de El Puerto de Santa Mar\u00eda, Germ\u00e1n Beardo, se ha acercado al Pabell\u00f3n Ram\u00f3n&hellip;\n","protected":false},"author":2,"featured_media":171363,"comment_status":"","ping_status":"","sticky":false,"template":"","format":"standard","meta":{"footnotes":""},"categories":[5],"tags":[299,17,18,49668,5446,25,24,13,14,49666,49667,11,19,20,9,10,15,16,49670,14824,23,12,49669,21,22],"class_list":{"0":"post-171362","1":"post","2":"type-post","3":"status-publish","4":"format-standard","5":"has-post-thumbnail","7":"category-titulares","8":"tag-baloncesto","9":"tag-breaking-news","10":"tag-breakingnews","11":"tag-dia-historico","12":"tag-el-puerto","13":"tag-es","14":"tag-espana","15":"tag-featured-news","16":"tag-featurednews","17":"tag-german-beardo","18":"tag-gymnastica-portuense","19":"tag-headlines","20":"tag-latest-news","21":"tag-latestnews","22":"tag-news","23":"tag-noticias","24":"tag-noticias-destacadas","25":"tag-noticiasdestacadas","26":"tag-pabellon-ramon-velazquez","27":"tag-reforma","28":"tag-spain","29":"tag-titulares","30":"tag-torneo-vicente-cisneros","31":"tag-ultimas-noticias","32":"tag-ultimasnoticias"},"share_on_mastodon":{"url":"","error":""},"_links":{"self":[{"href":"https:\/\/www.europesays.com\/es\/wp-json\/wp\/v2\/posts\/171362","targetHints":{"allow":["GET"]}}],"collection":[{"href":"https:\/\/www.europesays.com\/es\/wp-json\/wp\/v2\/posts"}],"about":[{"href":"https:\/\/www.europesays.com\/es\/wp-json\/wp\/v2\/types\/post"}],"author":[{"embeddable":true,"href":"https:\/\/www.europesays.com\/es\/wp-json\/wp\/v2\/users\/2"}],"replies":[{"embeddable":true,"href":"https:\/\/www.europesays.com\/es\/wp-json\/wp\/v2\/comments?post=171362"}],"version-history":[{"count":0,"href":"https:\/\/www.europesays.com\/es\/wp-json\/wp\/v2\/posts\/171362\/revisions"}],"wp:featuredmedia":[{"embeddable":true,"href":"https:\/\/www.europesays.com\/es\/wp-json\/wp\/v2\/media\/171363"}],"wp:attachment":[{"href":"https:\/\/www.europesays.com\/es\/wp-json\/wp\/v2\/media?parent=171362"}],"wp:term":[{"taxonomy":"category","embeddable":true,"href":"https:\/\/www.europesays.com\/es\/wp-json\/wp\/v2\/categories?post=171362"},{"taxonomy":"post_tag","embeddable":true,"href":"https:\/\/www.europesays.com\/es\/wp-json\/wp\/v2\/tags?post=171362"}],"curies":[{"name":"wp","href":"https:\/\/api.w.org\/{rel}","templated":true}]}}