{"id":171366,"date":"2025-10-12T08:51:07","date_gmt":"2025-10-12T08:51:07","guid":{"rendered":"https:\/\/www.europesays.com\/es\/171366\/"},"modified":"2025-10-12T08:51:07","modified_gmt":"2025-10-12T08:51:07","slug":"augusto-gonzalez-pradillo-con-antonete-curro-romero-y-frascuelo-en-guadalajara-sin-morante","status":"publish","type":"post","link":"https:\/\/www.europesays.com\/es\/171366\/","title":{"rendered":"AUGUSTO GONZ\u00c1LEZ PRADILLO \/ Con Anto\u00f1ete, Curro Romero y Frascuelo en Guadalajara, sin Morante"},"content":{"rendered":"<p>El 12 de octubre de 2025 hab\u00eda desfile en <strong>Guadalajara<\/strong>, de la <strong>Guardia Civil<\/strong>. Esa misma ma\u00f1ana, en <strong>Madrid<\/strong> hab\u00eda dos: el de los militares ante el <strong>Rey<\/strong>, por el <strong>Paseo del Prado<\/strong>, y el de miles de aficionados en <strong>Las Ventas<\/strong>, para el homenaje a <strong>Anto\u00f1ete<\/strong>, con estatua incluida. Hab\u00eda donde elegir y este que les escribe prefiri\u00f3 no estar en ninguno.<\/p>\n<p>Seg\u00fan se va viviendo, termina siendo m\u00e1s acogedor el recuerdo y m\u00e1s fiel compa\u00f1era la memoria (mientras dure) que la agotadora agenda de social, tan endog\u00e1mica casi siempre.<\/p>\n<p>Por eso, en este d\u00eda es bueno recordar aquel otro, un 12 de septiembre de 1999, en plenas <strong>Ferias<\/strong>, cuando se ca\u00eda del cartel <strong>Curro V\u00e1zque<\/strong>z, anunciado para la tarde junto con <strong>Curro Romero<\/strong> y el citado Anto\u00f1ete. <\/p>\n<p>Se dijo entonces, y recuerdo ahora, que a Frascuelo le cay\u00f3 la sustituci\u00f3n cuando se estaba comiendo una paella, en Madrid. Puede que sea leyenda hoy lo que entonces habr\u00eda sido una simple exageraci\u00f3n, pero que ilustraba bien lo ocurrido. <\/p>\n<p>Desde all\u00ed se vino corriendo, m\u00e1s que sobrado cincuent\u00f3n, para torear en <strong>La Alcarria<\/strong>, como tantos han hecho en los \u00faltimos tres siglos, ya fueran maletillas, segundones, figuras en declive o en ascenso y cualquier otro vestido de luces. De todo ha habido, como debe ser.<\/p>\n<p>Es esta una tierra que se dice amante de los toros, en todas las acepciones de la expresi\u00f3n. Se les venera aunque no pocas veces se les maltrata. Cada vez menos y en menos pueblos, pero la animalidad b\u00edpeda no es f\u00e1cil de erradicar.<\/p>\n<p>En la capital de la provincia, aquel 1999, los tendidos de la plaza no se llenaron, ni mucho menos. Hace 26 a\u00f1os, a Curro se le trataba ya como una rareza casi entomol\u00f3gica del que no cab\u00eda esperar la regularidad de su sucesor natural actual, <strong>Morante de la Puebla<\/strong>. De Anto\u00f1ete se envidiaba no el mech\u00f3n blanco sino la compa\u00f1\u00eda de <strong>Charo L\u00f3pez<\/strong>, aquella mujer. A Frascuelo ni le conoc\u00edan, en gran n\u00famero, los que pasaron por taquilla.<\/p>\n<p>Y, sin embargo, fue una tarde memorable.<\/p>\n<p>Curro tore\u00f3, para pasmo de la concurrencia, poco acostumbrada a las caricias de aquel capotillo ni al garbo del de <strong>Camas<\/strong>. Eso, ni entre los propios \u00abcurristas\u00bb, que se extasiaron lanzando al ruedo el romero que les hab\u00eda vendido la gitana en el exterior de la plaza cuando en el cuarto cort\u00f3 una oreja.<\/p>\n<p>Anto\u00f1ete resumi\u00f3 en media docena de trincheras, trincherillas y trincherazos toda una lecci\u00f3n de vida. Quiz\u00e1 fueran menos. \u00bfQu\u00e9 m\u00e1s da si as\u00ed es como se recuerda?<\/p>\n<p>Andaba el diestro en sus pen\u00faltimas tardes, sin fuelle en sus renegridos pulmones, atorados de nicotina. Pero el toreo no es ni gimnasia ni magnesia sino otra cosa. Es, para el que lo quiere ver, una lecci\u00f3n de vida sobre la arena. En la trinchera se condensa lo que uno debe hacer con el enemigo insidioso, a partir de un movimiento medido aunque firme, sin sobreactuar pero dej\u00e1ndole abierto el camino para que se someta, resignado. \u00bfHablamos de tauromaquia o de esta sociedad? Que el lector elija.<\/p>\n<p>Frascuelo dej\u00f3 dos faenas a\u00f1ejas, como \u00e9l mismo. Con sabor cl\u00e1sico.<\/p>\n<p>Aquella tarde dio para <a href=\"https:\/\/www.curro-romero.com\/actualidad_130999_2.htm\" rel=\"nofollow noopener\" target=\"_blank\">una cr\u00f3nica gloriosa del siempre a\u00f1orado <strong>Joaqu\u00edn Vidal<\/strong>,<\/a> entre otros gacetilleros nacionales que por aqu\u00ed se citaron. En Guadalajara, en la segunda mitad del siglo pasado, fueron varias las d\u00e9cadas en las que <strong>Domingo Cardero<\/strong> y <strong>Salvador Toquero <\/strong>eran los que escrib\u00edan de toros y as\u00ed se refleja incluso en el <strong>Coss\u00edo<\/strong>. Faltaban tres meses para que naciera<strong> LA CR\u00d3NICA<\/strong> y que en ella, en el sumar del tiempo, se hayan dejado muchas rese\u00f1as de otras tantas tardes. Las \u00faltimas, las de <strong>Miguel Redondo<\/strong>.<\/p>\n<p>Ni los periodistas ni los matadores de toros peleamos solos, entre las teclas o al comp\u00e1s de los alamares. Somos parte de un largo camino, que abrieron otros.<\/p>\n<p>Fue precisamente en esta provincia, en el peque\u00f1a pueblo de <strong>Cobeta<\/strong>, donde nac\u00eda en 1800 el primer cronista taurino. As\u00ed est\u00e1 reconocido, aunque tantos paisanos suyos lo desconozcan un par de siglo despu\u00e9s. Fue <strong>Santos L\u00f3pez Pelegr\u00edn<\/strong> en sus apenas 45 a\u00f1os de vida un precursor, bajo el seud\u00f3nimo de <strong>Abenamar<\/strong>. \u00abEs la personalizaci\u00f3n de la cr\u00f3nica de toros, que deja de ser un texto meramente informativo para convertirse en una creaci\u00f3n de estilo en la que se mezclan aspectos relativos a la sociedad y la pol\u00edtica de la \u00e9poca con los netamente taurinos\u00bb se lee sobre \u00e9l entre el millar de p\u00e1ginas de una tesis doctoral de la <strong>Universidad del Pa\u00eds Vasco<\/strong>. \u00bfInveros\u00edmil? Real. Hablamos de la fiesta nacional en el <strong>D\u00eda de la Fiesta Nacional<\/strong>. Todo es posible.<\/p>\n<p>Espa\u00f1a da para mucho, si quiere. Este 12 de octubre de 2025, por ejemplo, en homenaje a Anto\u00f1ete pisar\u00e1n el ruedo de Las Ventas, entre otros, el mismo Curro V\u00e1zquez que no tore\u00f3 en Guadalajara hace 26 a\u00f1os, el Frascuelo que s\u00ed lo hizo y ese Morante que a veces se deja ver por La Alcarria y otras, s\u00f3lo en los carteles de los que se cae. Curro aguanta, que no es poco.<\/p>\n<p>Dicen que en Espa\u00f1a no hay afici\u00f3n a las corridas de toros. Puede. Ser\u00e1 por eso que se agotaron los billetes para la doble cita de este domingo desde apenas dos horas despu\u00e9s de abrirse la taquilla en Internet.<\/p>\n<p>Los toros son historia. O Historia. <\/p>\n<p>Sin histerias y sin historias.<\/p>\n<p>\u2022 <strong>\u2014\u2014\u2014\u2014\u2014\u2014\u2014\u2014\u2014\u2014\u2014\u2014\u2014\u2014\u2014\u2014\u2014\u2014\u2014<\/strong> \u2022<\/p>\n<p>M\u00e1s informaci\u00f3n:<\/p>\n","protected":false},"excerpt":{"rendered":"El 12 de octubre de 2025 hab\u00eda desfile en Guadalajara, de la Guardia Civil. Esa misma ma\u00f1ana, en&hellip;\n","protected":false},"author":2,"featured_media":171367,"comment_status":"","ping_status":"","sticky":false,"template":"","format":"standard","meta":{"footnotes":""},"categories":[277],"tags":[373,168,25,24,439,205,23,167,374,444],"class_list":{"0":"post-171366","1":"post","2":"type-post","3":"status-publish","4":"format-standard","5":"has-post-thumbnail","7":"category-toreo","8":"tag-bullfighting","9":"tag-deportes","10":"tag-es","11":"tag-espana","12":"tag-guadalajara","13":"tag-madrid","14":"tag-spain","15":"tag-sports","16":"tag-toreo","17":"tag-toros"},"share_on_mastodon":{"url":"","error":""},"_links":{"self":[{"href":"https:\/\/www.europesays.com\/es\/wp-json\/wp\/v2\/posts\/171366","targetHints":{"allow":["GET"]}}],"collection":[{"href":"https:\/\/www.europesays.com\/es\/wp-json\/wp\/v2\/posts"}],"about":[{"href":"https:\/\/www.europesays.com\/es\/wp-json\/wp\/v2\/types\/post"}],"author":[{"embeddable":true,"href":"https:\/\/www.europesays.com\/es\/wp-json\/wp\/v2\/users\/2"}],"replies":[{"embeddable":true,"href":"https:\/\/www.europesays.com\/es\/wp-json\/wp\/v2\/comments?post=171366"}],"version-history":[{"count":0,"href":"https:\/\/www.europesays.com\/es\/wp-json\/wp\/v2\/posts\/171366\/revisions"}],"wp:featuredmedia":[{"embeddable":true,"href":"https:\/\/www.europesays.com\/es\/wp-json\/wp\/v2\/media\/171367"}],"wp:attachment":[{"href":"https:\/\/www.europesays.com\/es\/wp-json\/wp\/v2\/media?parent=171366"}],"wp:term":[{"taxonomy":"category","embeddable":true,"href":"https:\/\/www.europesays.com\/es\/wp-json\/wp\/v2\/categories?post=171366"},{"taxonomy":"post_tag","embeddable":true,"href":"https:\/\/www.europesays.com\/es\/wp-json\/wp\/v2\/tags?post=171366"}],"curies":[{"name":"wp","href":"https:\/\/api.w.org\/{rel}","templated":true}]}}