{"id":171368,"date":"2025-10-12T08:53:19","date_gmt":"2025-10-12T08:53:19","guid":{"rendered":"https:\/\/www.europesays.com\/es\/171368\/"},"modified":"2025-10-12T08:53:19","modified_gmt":"2025-10-12T08:53:19","slug":"carlos-alcaraz-y-jon-rahm-juegan-juntos-al-golf-en-el-open-de-espana","status":"publish","type":"post","link":"https:\/\/www.europesays.com\/es\/171368\/","title":{"rendered":"Carlos Alcaraz y Jon Rahm juegan juntos al golf en el Open de Espa\u00f1a"},"content":{"rendered":"<p><b>Carlos Alcaraz<\/b> cambi\u00f3 este mi\u00e9rcoles la raqueta por los palos, la pista por el green. El tenista murciano, n\u00famero 1 del mundo, fue el invitado estrella en la<b> jornada pro-am del Abierto de Espa\u00f1a de golf<\/b>, que se celebra desde este jueves en el Club de Campo Villa de Madrid.<\/p>\n<p>Alcaraz comparti\u00f3 recorrido con <b>Jon Rahm<\/b>, campe\u00f3n del torneo en 2018, 2019 y 2022, y con el irland\u00e9s <b>Shane Lowry<\/b>, una de las figuras del circuito internacional. El tenista, <b><a title=\"que acaba de ganar el torneo de Tokio\" href=\"https:\/\/www.antena3.com\/noticias\/deportes\/tenis\/carlos-alcaraz-taylor-fritz-directo-ultima-hora-final-torneo-atp-500-tokio_2025093068db8d3016355c411db6f4a7.html\" target=\"_blank\" rel=\"nofollow noopener\">que acaba de ganar el torneo de Tokio<\/a><\/b>, aprovech\u00f3 su par\u00f3n competitivo para disfrutar de su otra gran pasi\u00f3n.<\/p>\n<blockquote class=\"blockquote \">\n<p class=\"blockquote__quote\">\u00abHa sido divertido, una pasada. Los primeros nueve hoyos han sido bastante correctos\u00bb<\/p>\n<\/blockquote>\n<p>\u00abHa sido divertido, una pasada. Los primeros nueve hoyos han sido bastante correctos\u00bb, coment\u00f3 Alcaraz tras completar su ronda con Rahm y el extenista <b>Feliciano L\u00f3pez<\/b>.<\/p>\n<p>El murciano <b><a title=\"decidi\u00f3 no participar en el Masters 1.000 de Shangh\u00e1i\" href=\"https:\/\/www.antena3.com\/noticias\/deportes\/tenis\/carlos-alcaraz-renuncia-masters-shanghai-estado-arrastrando-molestias-fisicas_2025093068dbdfcc3ce0ad1de88fbc7a.html\" target=\"_blank\" rel=\"nofollow noopener\">decidi\u00f3 no participar en el Masters 1.000 de Shangh\u00e1i<\/a><\/b> para recuperarse de las molestias f\u00edsicas que arrastra y aprovech\u00f3 su estancia en Madrid para relajarse jugando al golf, deporte que practica desde hace algo m\u00e1s de dos a\u00f1os.<\/p>\n<p>Alcaraz trat\u00f3 de disfrutar de cada golpe en una jornada que combin\u00f3 deporte y amistad. <b>\u00abJuego cada d\u00eda que puedo\u00bb<\/b>, confes\u00f3 al saludar a Lowry antes de iniciar el segundo tramo del recorrido.<\/p>\n<p>Amigo de Sergio Garc\u00eda<\/p>\n<p>El tenista mantiene una estrecha relaci\u00f3n con el golfista<b> Sergio Garc\u00eda<\/b>, con quien ha compartido partidas en el pasado. De hecho, durante el <b>Abierto de Estados Unidos <\/b>Alcaraz populariz\u00f3 un gesto que imitaba el swing de un golfista en presencia del castellonense, quien le anim\u00f3 desde la grada.<\/p>\n<p>El Open de Espa\u00f1a, que arranca este jueves, tendr\u00e1 a Rahm y Lowry, <b><a title=\"reci\u00e9n proclamados campeones de la Ryder Cup con Europa\" href=\"https:\/\/www.antena3.com\/noticias\/deportes\/europa-jon-rahm-gana-ryder-cup-final-agonico-sigue-recortando-estados-unidos_2025092868d9ae26f10d3f0678200ba8.html\" target=\"_blank\" rel=\"nofollow noopener\">reci\u00e9n proclamados campeones de la Ryder Cup con Europa<\/a><\/b>, como los grandes favoritos al t\u00edtulo.<\/p>\n<p>Puedes ver el informativo completo &#8216;Noticias 1&#8217; en <b><a title=\"Atresplayer\" href=\"https:\/\/www.atresplayer.com\/antena3\/noticias\/noticias-1\/\" target=\"_blank\" rel=\"nofollow noopener\">Atresplayer<\/a><\/b>.<\/p>\n<p>S\u00edguenos en nuestro <b><a title=\"canal de WhatsApp\" href=\"https:\/\/www.whatsapp.com\/channel\/0029Va6BhYH2phHPnlatwW3b\" target=\"_blank\" rel=\"nofollow noopener\">canal de WhatsApp<\/a><\/b> y no te pierdas la \u00faltima hora y toda la actualidad de <b><a title=\"antena3noticias.com\" href=\"https:\/\/www.antena3.com\/noticias\/\" target=\"_blank\" rel=\"nofollow noopener\">antena3noticias.com<\/a><\/b><\/p>\n<p>   <img decoding=\"async\" title=\"Iker y Eneko Popu en el Pilar del Texu\" alt=\"Iker y Eneko Popu en el Pilar del Texu\" width=\"480\" height=\"270\" src=\"https:\/\/www.europesays.com\/es\/wp-content\/uploads\/2025\/10\/iker-eneko-popu-pilar-texu_70.jpg\" loading=\"lazy\" class=\"lazy\"\/><\/p>\n","protected":false},"excerpt":{"rendered":"Carlos Alcaraz cambi\u00f3 este mi\u00e9rcoles la raqueta por los palos, la pista por el green. El tenista murciano,&hellip;\n","protected":false},"author":2,"featured_media":171369,"comment_status":"","ping_status":"","sticky":false,"template":"","format":"standard","meta":{"footnotes":""},"categories":[275],"tags":[168,25,24,329,23,167],"class_list":{"0":"post-171368","1":"post","2":"type-post","3":"status-publish","4":"format-standard","5":"has-post-thumbnail","7":"category-golf","8":"tag-deportes","9":"tag-es","10":"tag-espana","11":"tag-golf","12":"tag-spain","13":"tag-sports"},"share_on_mastodon":{"url":"","error":""},"_links":{"self":[{"href":"https:\/\/www.europesays.com\/es\/wp-json\/wp\/v2\/posts\/171368","targetHints":{"allow":["GET"]}}],"collection":[{"href":"https:\/\/www.europesays.com\/es\/wp-json\/wp\/v2\/posts"}],"about":[{"href":"https:\/\/www.europesays.com\/es\/wp-json\/wp\/v2\/types\/post"}],"author":[{"embeddable":true,"href":"https:\/\/www.europesays.com\/es\/wp-json\/wp\/v2\/users\/2"}],"replies":[{"embeddable":true,"href":"https:\/\/www.europesays.com\/es\/wp-json\/wp\/v2\/comments?post=171368"}],"version-history":[{"count":0,"href":"https:\/\/www.europesays.com\/es\/wp-json\/wp\/v2\/posts\/171368\/revisions"}],"wp:featuredmedia":[{"embeddable":true,"href":"https:\/\/www.europesays.com\/es\/wp-json\/wp\/v2\/media\/171369"}],"wp:attachment":[{"href":"https:\/\/www.europesays.com\/es\/wp-json\/wp\/v2\/media?parent=171368"}],"wp:term":[{"taxonomy":"category","embeddable":true,"href":"https:\/\/www.europesays.com\/es\/wp-json\/wp\/v2\/categories?post=171368"},{"taxonomy":"post_tag","embeddable":true,"href":"https:\/\/www.europesays.com\/es\/wp-json\/wp\/v2\/tags?post=171368"}],"curies":[{"name":"wp","href":"https:\/\/api.w.org\/{rel}","templated":true}]}}