{"id":171374,"date":"2025-10-12T08:56:25","date_gmt":"2025-10-12T08:56:25","guid":{"rendered":"https:\/\/www.europesays.com\/es\/171374\/"},"modified":"2025-10-12T08:56:25","modified_gmt":"2025-10-12T08:56:25","slug":"max-verstappen-vence-a-los-mclaren-en-la-sprint-de-belgica","status":"publish","type":"post","link":"https:\/\/www.europesays.com\/es\/171374\/","title":{"rendered":"Max Verstappen vence a los McLaren en la Sprint de B\u00e9lgica"},"content":{"rendered":"<p>El piloto de Red Bull encara la clasificaci\u00f3n para el Gran Premio con una renovada confianza luego de este triunfo<\/p>\n<p>SPA-FRANCORCHAMPS, B\u00e9lgica (AP) \u2014 <strong>Max Verstappen<\/strong> adelant\u00f3 a <strong>Oscar Piastri <\/strong>para ganar el s\u00e1bado la carrera al sprint de la <strong>F\u00f3rmula 1<\/strong> en el <strong>Gran Premio de B\u00e9lgica,<\/strong> mientras <strong>Red Bull <\/strong>comienza una nueva tras el despido de su jefe de equipo <strong>Christian Horner<\/strong>.<\/p>\n<p><strong>Max Verstappen <\/strong>super\u00f3 al <strong>McLaren <\/strong>de <strong>Oscar Piastri <\/strong>en la recta de la primera vuelta. El australiano se mantuvo cerca del monoplaza de Verstappen durante el resto de la prueba sprint de 15 vueltas, pero no pudo encontrar una manera de superar al tetracampe\u00f3n del mundo.<\/p>\n<p><strong>Lando Norris<\/strong>, en el otro <strong>McLaren<\/strong>, fue tercero despu\u00e9s de arrebatarle la posici\u00f3n a <strong>Charles Leclerc<\/strong>, de <strong>Ferrari<\/strong>.<\/p>\n<p><img class=\" lazyload lazyload\" data-image-container=\".inline-photo\" height=\"320\" width=\"570\"\/>El Red Bull de Max Verstappen liderando el podio y seguido por los McLaren luego de la carrera Sprint en B\u00e9lgica.\u00a0Mark Sutton &#8211; Formula 1\/Formula 1 via Getty ImagesPodcast ESPN Racing<\/p>\n<p><img loading=\"lazy\" decoding=\"async\" src=\"https:\/\/www.europesays.com\/es\/wp-content\/uploads\/2025\/08\/1755914891_727_i\" width=\"110\" height=\"110\" align=\"right\"\/>Escucha cada semana a Javier Trejo Garay, Alex Pombo, Adal Franco y Jos\u00e9 Antonio Cort\u00e9s analizar lo que pasa en la F1 y en el deporte motor.<br \/><b><a href=\"https:\/\/open.spotify.com\/show\/3uuJxuRR1W9nnaQjmTN1sI\" target=\"_blank\" rel=\"nofollow noopener\">Spotify<\/a><\/b> | <b><a href=\"https:\/\/podcasts.apple.com\/us\/podcast\/espn-racing\/id1640115578\" target=\"_blank\" rel=\"nofollow noopener\">Apple<\/a><\/b> | <b><a href=\"https:\/\/www.youtube.com\/playlist?list=PLTRckBbIqcx0pq4DY7smV3k2NbXgp1tSE\" target=\"_blank\" rel=\"nofollow noopener\">YouTube<\/a><\/b> | <b><a href=\"https:\/\/music.amazon.com\/podcasts\/11e48395-a2b1-4af7-a223-7ed67af6f77b\/espn-racing\/\" target=\"_blank\" rel=\"nofollow noopener\">Amazon<\/a><\/b><\/p>\n<p>Piastri ampl\u00ed\u00f3 su ventaja sobre Norris en la clasificaci\u00f3n a nueve puntos, desde los ocho anteriores. Verstappen es tercero, a 68 puntos del l\u00edder.<\/p>\n<p>La sesi\u00f3n de calificaci\u00f3n para la carrera del domingo se disputar\u00e1 m\u00e1s tarde el s\u00e1bado.<\/p>\n<p>Posiciones finales Sprint B\u00e9lgica 2025<\/p>\n<ol>\n<li>\n<p><strong>Max Verstappen, Red Bull<\/strong><\/p>\n<\/li>\n<li>\n<p>Oscar Piastri, McLaren<\/p>\n<\/li>\n<li>\n<p>Lando Norris, McLaren<\/p>\n<\/li>\n<li>\n<p>Charles Leclerc, Ferrari<\/p>\n<\/li>\n<li>\n<p>Esteban Ocon, Haas<\/p>\n<\/li>\n<li>\n<p>Carlos Sainz, Williams<\/p>\n<\/li>\n<li>\n<p>Oliver Bearman, Haas<\/p>\n<\/li>\n<li>\n<p>Isack Hadjar, Racing Bulls<\/p>\n<\/li>\n<li>\n<p>Gabriel Bortoleto, Kick Sauber<\/p>\n<\/li>\n<li>\n<p>Liam Laeson, Racing Bulls<\/p>\n<\/li>\n<li>\n<p>Yuki Tsunoda, Red Bull<\/p>\n<\/li>\n<li>\n<p>George Russell, Mercedes<\/p>\n<\/li>\n<li>\n<p>Lance Stroll, Aston Martin<\/p>\n<\/li>\n<li>\n<p>Fernando Alonso, Aston Martin<\/p>\n<\/li>\n<li>\n<p>Lewis Hamilton, Ferrari<\/p>\n<\/li>\n<li>\n<p>Alex Albon, Williams<\/p>\n<\/li>\n<li>\n<p>Kimi Antonelli, Mercedes<\/p>\n<\/li>\n<li>\n<p>Nico Hulkenberg, Kick Sauber<\/p>\n<\/li>\n<li>\n<p>Franco Colapinto, Alpine<\/p>\n<\/li>\n<\/ol>\n<p><strong>DNF<\/strong><\/p>\n<p>Pierre Gasly<\/p>\n","protected":false},"excerpt":{"rendered":"El piloto de Red Bull encara la clasificaci\u00f3n para el Gran Premio con una renovada confianza luego de&hellip;\n","protected":false},"author":2,"featured_media":171375,"comment_status":"","ping_status":"","sticky":false,"template":"","format":"standard","meta":{"footnotes":""},"categories":[270],"tags":[168,25,24,306,271,272,23,167],"class_list":{"0":"post-171374","1":"post","2":"type-post","3":"status-publish","4":"format-standard","5":"has-post-thumbnail","7":"category-formula-1","8":"tag-deportes","9":"tag-es","10":"tag-espana","11":"tag-f1","12":"tag-formula-1","13":"tag-formula1","14":"tag-spain","15":"tag-sports"},"share_on_mastodon":{"url":"","error":""},"_links":{"self":[{"href":"https:\/\/www.europesays.com\/es\/wp-json\/wp\/v2\/posts\/171374","targetHints":{"allow":["GET"]}}],"collection":[{"href":"https:\/\/www.europesays.com\/es\/wp-json\/wp\/v2\/posts"}],"about":[{"href":"https:\/\/www.europesays.com\/es\/wp-json\/wp\/v2\/types\/post"}],"author":[{"embeddable":true,"href":"https:\/\/www.europesays.com\/es\/wp-json\/wp\/v2\/users\/2"}],"replies":[{"embeddable":true,"href":"https:\/\/www.europesays.com\/es\/wp-json\/wp\/v2\/comments?post=171374"}],"version-history":[{"count":0,"href":"https:\/\/www.europesays.com\/es\/wp-json\/wp\/v2\/posts\/171374\/revisions"}],"wp:featuredmedia":[{"embeddable":true,"href":"https:\/\/www.europesays.com\/es\/wp-json\/wp\/v2\/media\/171375"}],"wp:attachment":[{"href":"https:\/\/www.europesays.com\/es\/wp-json\/wp\/v2\/media?parent=171374"}],"wp:term":[{"taxonomy":"category","embeddable":true,"href":"https:\/\/www.europesays.com\/es\/wp-json\/wp\/v2\/categories?post=171374"},{"taxonomy":"post_tag","embeddable":true,"href":"https:\/\/www.europesays.com\/es\/wp-json\/wp\/v2\/tags?post=171374"}],"curies":[{"name":"wp","href":"https:\/\/api.w.org\/{rel}","templated":true}]}}