{"id":171382,"date":"2025-10-12T09:00:25","date_gmt":"2025-10-12T09:00:25","guid":{"rendered":"https:\/\/www.europesays.com\/es\/171382\/"},"modified":"2025-10-12T09:00:25","modified_gmt":"2025-10-12T09:00:25","slug":"el-amor-de-mariano-fortuny-por-las-plantas-que-asoma-en-sus-lienzos-estilo-de-vida","status":"publish","type":"post","link":"https:\/\/www.europesays.com\/es\/171382\/","title":{"rendered":"El amor de Mariano Fortuny por las plantas que asoma en sus lienzos | Estilo de vida"},"content":{"rendered":"<p class=\"\">Para los amantes del arte siempre hay alg\u00fan suspiro que se escapa por aquellas personas creadoras de belleza que murieron j\u00f3venes, artistas que desaparecieron demasiado pronto y que dejaron una sensaci\u00f3n de vac\u00edo por todo lo hermoso que todav\u00eda podr\u00edan haber regalado a la humanidad. El pintor alem\u00e1n Adam Elsheimer (1578-1610) falleci\u00f3 con tan solo 32 a\u00f1os, legando una obra muy bella y original, como no se hab\u00eda visto en otros pintores de la \u00e9poca. <a href=\"https:\/\/elpais.com\/estilo-de-vida\/2025-06-29\/la-guerra-y-la-ausencia-de-plantas-en-el-arte-y-en-la-vida.html\" target=\"_self\" rel=\"nofollow noopener\" title=\"https:\/\/elpais.com\/estilo-de-vida\/2025-06-29\/la-guerra-y-la-ausencia-de-plantas-en-el-arte-y-en-la-vida.html\">Sus pinceles ilustraron pasajes<\/a> que no eran habituales, y en sus obras se aprecia el gusto por el detalle; de hecho, sent\u00eda predilecci\u00f3n por elaborar cuadros de peque\u00f1o formato, con una maestr\u00eda fascinante, en los que aplicaba unos efectos lum\u00ednicos hermos\u00edsimos llenos de realidad, daba igual que fueran efecto de una puesta de sol, de una noche estrellada o de la llama de una candela. <a href=\"https:\/\/elpais.com\/estilo-de-vida\/2025-09-28\/libros-jardineria-una-genesis-de-belleza-en-si-misma.html\" target=\"_self\" rel=\"nofollow noopener\" title=\"https:\/\/elpais.com\/estilo-de-vida\/2025-09-28\/libros-jardineria-una-genesis-de-belleza-en-si-misma.html\">Tan elevado era su arte<\/a>, que incluso un colega coet\u00e1neo de la talla del enorme<a href=\"https:\/\/elpais.com\/elpais\/2020\/03\/27\/icon_design\/1585295351_518718.html\" target=\"_self\" rel=\"nofollow noopener\" title=\"https:\/\/elpais.com\/elpais\/2020\/03\/27\/icon_design\/1585295351_518718.html\"> Rubens<\/a> (1577-1640) \u2014poseedor de varias obras de Elsheimer\u2014 lament\u00f3 su muerte con una frase que habla de su admiraci\u00f3n por el artista desaparecido: \u201cUno pod\u00eda esperar cosas de \u00e9l nunca vistas antes y que ya nunca veremos\u201d.<\/p>\n<p class=\"\">En el Museo del Prado se puede disfrutar de una de sus pinturas, <a href=\"https:\/\/www.museodelprado.es\/coleccion\/obra-de-arte\/ceres-en-casa-de-hecuba\/c234310d-d284-4095-b8cf-f21896765fa9\" target=\"_blank\" rel=\"noreferrer nofollow noopener\" title=\"https:\/\/www.museodelprado.es\/coleccion\/obra-de-arte\/ceres-en-casa-de-hecuba\/c234310d-d284-4095-b8cf-f21896765fa9\">Ceres en casa de H\u00e9cuba<\/a>, obra maestra que recrea una escena nocturna iluminada tan solo por una vela, dos antorchas y la luz de la luna en el cielo. A la espalda de la diosa de la agricultura, Ceres, se descuelga un tallo de una parra (Vitis vinifera), acompa\u00f1ado de las grandes inflorescencias blancas de un sa\u00faco (Sambucus nigra), porque Adam Elsheimer tambi\u00e9n era sensible a la belleza de las plantas.<\/p>\n<p>M\u00e1s informaci\u00f3n<\/p>\n<p class=\"\">En Espa\u00f1a, otro de estos lamentos mana al recordar a Mariano Fortuny (1838-1874), fallecido con 36 a\u00f1os. Precisamente, este a\u00f1o se conmemora el 150 aniversario de su muerte, con actos y exposiciones como la que se lleva a cabo estos d\u00edas en el Museo de Reus \u2014ciudad natal del artista\u2014, con el t\u00edtulo Fortuny. La observaci\u00f3n de la naturaleza, abierta hasta el 14 de diciembre. Esta capacidad de Fortuny <a href=\"https:\/\/elpais.com\/estilo-de-vida\/2025-03-30\/jardines-en-las-grietas-o-como-miles-de-semillas-que-palpitan-bajo-tierra-brotan-silenciosas-para-contar-su-historia.html\" target=\"_self\" rel=\"nofollow noopener\" title=\"https:\/\/elpais.com\/estilo-de-vida\/2025-03-30\/jardines-en-las-grietas-o-como-miles-de-semillas-que-palpitan-bajo-tierra-brotan-silenciosas-para-contar-su-historia.html\">para fijarse en el detalle <\/a>es una cualidad que le podr\u00eda hermanar con Adam Elsheimer, aparte tambi\u00e9n de su elevado ingenio para crear obras originales, composiciones \u201cnunca vistas antes\u201d, parafraseando a Rubens.<\/p>\n<p><img decoding=\"auto\" class=\"_re lazyload a_m-v\" height=\"607\"  width=\"414\"  src=\"https:\/\/www.europesays.com\/es\/wp-content\/uploads\/2025\/10\/2LORXMG7CZF7LO7BF6QDPOOGEA.jpg\" loading=\"lazy\"\/>El jard\u00edn de la casa en el Realejo granadino en la que vivi\u00f3 Mariano Fortuny albergaba malvarrosas, calabazas y cipreses, entre otras muchas plantas.<\/p>\n<p class=\"\">El pintor catal\u00e1n plasm\u00f3 en sus cuadros, con aparente facilidad, tanto escenarios b\u00e9licos como aquellos de marcado car\u00e1cter orientalista, costumbrista o incluso paisajista. Otra de sus especialidades era la <a href=\"https:\/\/elpais.com\/estilo-de-vida\/2024-03-09\/jardineria-emocional-cuando-las-flores-y-plantas-hacen-brotar-recuerdos.html\" target=\"_self\" rel=\"nofollow noopener\" title=\"https:\/\/elpais.com\/estilo-de-vida\/2024-03-09\/jardineria-emocional-cuando-las-flores-y-plantas-hacen-brotar-recuerdos.html\">pintura de jardines<\/a>, no como tem\u00e1tica aut\u00f3noma, sino para situar en ellos a diferentes personajes, a veces con un tono dram\u00e1tico, como si de una funci\u00f3n teatral se tratara. En esos jardines, Fortuny se desenvolv\u00eda con soltura a la hora de retratar las diferentes especies de plantas que los poblaban, y a lo largo de su breve, pero prol\u00edfica carrera, se pueden rastrear sus preferencias bot\u00e1nicas.<\/p>\n<p class=\"\">Si tan solo se tuviera que mencionar una de sus apetencias florales, sin duda habr\u00eda que resaltar su pasi\u00f3n por las malvarrosas (Alcea rosea), a las que incluye de fondo en varias escenas de jard\u00edn \u2014<a href=\"https:\/\/www.museodelprado.es\/coleccion\/obra-de-arte\/jardin-de-la-casa-de-fortuny\/d03b475c-4d3d-433d-b33d-4b31ab8ed43c\" rel=\"nofollow noopener\" target=\"_blank\">como en la obra Jard\u00edn de la casa de Fortuny<\/a> (1872-1877). All\u00ed, en la parte izquierda de la tabla, reposa una maceta de terracota decorada con guirnaldas con varias malvarrosas, caracter\u00edsticas por sus varas florales altas y espigadas. Era tal su devoci\u00f3n por esta planta, que hasta <a href=\"https:\/\/elpais.com\/estilo-de-vida\/2025-06-15\/malvarrosa-la-flor-que-enamoro-a-medicos-artistas-y-darwin.html\" rel=\"nofollow noopener\" target=\"_blank\">le dedic\u00f3 un cuadro a ella sola, Malvas reales<\/a>, pintado entre 1872 y 1873. <\/p>\n<p class=\"\">Otra especie retratada por Fortuny <a href=\"https:\/\/elpais.com\/estilo-de-vida\/2024-11-10\/sobre-jardineria-emocional-hoy-seguimos-mirando-al-cerezo-y-recordamos-al-abuelo.html\" target=\"_self\" rel=\"nofollow noopener\" title=\"https:\/\/elpais.com\/estilo-de-vida\/2024-11-10\/sobre-jardineria-emocional-hoy-seguimos-mirando-al-cerezo-y-recordamos-al-abuelo.html\">fue la calabaza<\/a>, cuyas enormes hojas aparecen en muchas de sus obras trepando por aqu\u00ed y por all\u00e1 o cubriendo el suelo, incluso inmortalizada como motivo principal en algunos cuadritos, a modo de bocetos o de modelos, como dos que atesora la colecci\u00f3n Vida Mu\u00f1oz. En estos se aprecia la anatom\u00eda vigorosa de la planta, tambi\u00e9n con su enorme fruto, que comienza a madurar a medida que avanzan el verano y el oto\u00f1o.<\/p>\n<p><img decoding=\"auto\" class=\"_re lazyload a_m-h\" height=\"187\"  width=\"414\"  src=\"https:\/\/www.europesays.com\/es\/wp-content\/uploads\/2025\/10\/L7ITI2ZJ2NBWXPSSRXMVQIROKQ.jpg\" loading=\"lazy\"\/>En el cuadro Los hijos del pintor en el sal\u00f3n japon\u00e9s, en la parte izquierda aparecen las hojas de la oreja de elefante, de la begonia rex y las flores rojas del geranio.Heritage Images (Heritage Images\/Getty Images)<\/p>\n<p class=\"\">El British Museum, en Londres, <a href=\"https:\/\/www.britishmuseum.org\/collection\/image\/197763001\" rel=\"nofollow noopener\" target=\"_blank\">custodia una delicada acuarela de la mujer del pintor, Cecilia de Madrazo<\/a>. Su figura est\u00e1 sentada, cosiendo, con su pelo adornado de flores, con su rostro finamente acariciado por el pincel. A ambos lados de Cecilia, Fortuny tambi\u00e9n ha retratado dos plantas que, de nuevo, aparecer\u00e1n en el ic\u00f3nico \u00f3leo de Los hijos del pintor en el sal\u00f3n japon\u00e9s [ambas obras, pintadas en el a\u00f1o 1874]. Las dos especies en cuesti\u00f3n son un geranio rojo (Pelargonium x hortorum cv.) patilargo, a\u00f1oso, y una begonia rex (Begonia rex cv.). En el cuadro de los hijos del pintor, el geranio se reduce a unas manchas de color rojo salpicadas al cobijo de las monstruosas hojas de la oreja de elefante (Alocasia macrorrhizos), mientras que la begonia muestra sus elegantes hojas verdosas y plateadas, raz\u00f3n por la cual fue una planta muy popular en siglos pasados, con cientos y cientos de cultivares diferentes, cada cual con un patr\u00f3n tonal distinto.<\/p>\n<p><img decoding=\"auto\" class=\"_re lazyload a_m-v\" height=\"588\"  width=\"414\"  src=\"https:\/\/www.europesays.com\/es\/wp-content\/uploads\/2025\/10\/GXY7XBDLKRGPNKJMYVDD3IDNHU.jpg\" loading=\"lazy\"\/>En el dibujo a pluma Cactus, en el Museo del Prado, aparece un Echinopsis oxygona que ha roto el tiesto en el que crece.<\/p>\n<p class=\"\">Otra de las plantas jardineras que deb\u00eda rondar el entorno familiar de Fortuny es un cactus que retrata en, al menos, dos ocasiones, en unos dibujos a pluma \u2014en el Museo del Prado\u2014 que casi parecen realizados con la t\u00e9cnica del grabado. <a href=\"https:\/\/www.museodelprado.es\/coleccion\/obra-de-arte\/cactus\/82ccc3fe-e7ab-4bb7-b6f8-cac81e370252\" rel=\"nofollow noopener\" target=\"_blank\">En el que parece el dibujo final, titulado Cactus<\/a>, un Echinopsis oxygona ha generado varios reto\u00f1os en su propio cuerpo. Crece en una maceta de terracota alargada y estrecha, moldeada a mano en un torno; por efecto de la presi\u00f3n de esos reto\u00f1os y del tallo engrosado de la planta madre, el tiesto est\u00e1 roto.<\/p>\n<p class=\"\">Fortuny tambi\u00e9n a\u00f1adi\u00f3 en sus paisajes otros cactus muy habituales de las costas del Mediterr\u00e1neo, como las chumberas (Opuntia ficus-indica). Las formas de sus tallos aplastados son una constante de sus dibujos y \u00f3leos, especialmente en aquellos que realiz\u00f3 en Marruecos y en Italia.<\/p>\n<p><img decoding=\"auto\" class=\"_re lazyload a_m-h\" height=\"328\"  width=\"414\"  src=\"https:\/\/www.europesays.com\/es\/wp-content\/uploads\/2025\/10\/36CRUTNRIRGSPH67AEVADIAGHY.jpg\" loading=\"lazy\"\/>El precioso \u00f3leo en el Museo de Bellas Artes de Asturias, titulado Mar\u00eda Luisa en el jard\u00edn, muestra a la hija de Fortuny rodeada de flores y de hojas.Eduardo Barba<\/p>\n<p class=\"\">Para terminar, habr\u00eda que recrearse con un bell\u00edsimo \u00f3leo en el Museo de Bellas Artes de Asturias: Mar\u00eda Luisa en el jard\u00edn (1871). Con manchas irregulares aplicadas con muy poca materia sobre la imprimaci\u00f3n ocre del lienzo, emergen de la tela hojas y flores rojizas y moradas, entre las que destaca la propia flor delicada en la que se convierte su propia hija entre tanta frondosidad, concentrada en admirar alg\u00fan misterio. A la izquierda, como un centinela, se yergue con marcada verticalidad un gladiolo (Gladiolus cv.) con tres flores rojas como tres llamaradas. El Fortuny m\u00e1s jardinero vuelve a mostrar aqu\u00ed su amor por las cosas bellas del mundo.<\/p>\n","protected":false},"excerpt":{"rendered":"Para los amantes del arte siempre hay alg\u00fan suspiro que se escapa por aquellas personas creadoras de belleza&hellip;\n","protected":false},"author":2,"featured_media":171383,"comment_status":"","ping_status":"","sticky":false,"template":"","format":"standard","meta":{"footnotes":""},"categories":[173],"tags":[15687,229,233,231,230,27468,232,234,146,147,25,24,7181,9646,29803,49672,18792,503,7771,23],"class_list":{"0":"post-171382","1":"post","2":"type-post","3":"status-publish","4":"format-standard","5":"has-post-thumbnail","7":"category-arte-y-diseno","8":"tag-aniversarios","9":"tag-arte","10":"tag-arte-y-diseno","11":"tag-arts","12":"tag-arts-and-design","13":"tag-botanica","14":"tag-design","15":"tag-diseno","16":"tag-entertainment","17":"tag-entretenimiento","18":"tag-es","19":"tag-espana","20":"tag-estilo-vida","21":"tag-flores","22":"tag-jardineria","23":"tag-mariano-fortuny","24":"tag-museo-del-prado","25":"tag-pintura","26":"tag-plantas","27":"tag-spain"},"share_on_mastodon":{"url":"","error":""},"_links":{"self":[{"href":"https:\/\/www.europesays.com\/es\/wp-json\/wp\/v2\/posts\/171382","targetHints":{"allow":["GET"]}}],"collection":[{"href":"https:\/\/www.europesays.com\/es\/wp-json\/wp\/v2\/posts"}],"about":[{"href":"https:\/\/www.europesays.com\/es\/wp-json\/wp\/v2\/types\/post"}],"author":[{"embeddable":true,"href":"https:\/\/www.europesays.com\/es\/wp-json\/wp\/v2\/users\/2"}],"replies":[{"embeddable":true,"href":"https:\/\/www.europesays.com\/es\/wp-json\/wp\/v2\/comments?post=171382"}],"version-history":[{"count":0,"href":"https:\/\/www.europesays.com\/es\/wp-json\/wp\/v2\/posts\/171382\/revisions"}],"wp:featuredmedia":[{"embeddable":true,"href":"https:\/\/www.europesays.com\/es\/wp-json\/wp\/v2\/media\/171383"}],"wp:attachment":[{"href":"https:\/\/www.europesays.com\/es\/wp-json\/wp\/v2\/media?parent=171382"}],"wp:term":[{"taxonomy":"category","embeddable":true,"href":"https:\/\/www.europesays.com\/es\/wp-json\/wp\/v2\/categories?post=171382"},{"taxonomy":"post_tag","embeddable":true,"href":"https:\/\/www.europesays.com\/es\/wp-json\/wp\/v2\/tags?post=171382"}],"curies":[{"name":"wp","href":"https:\/\/api.w.org\/{rel}","templated":true}]}}