{"id":171388,"date":"2025-10-12T09:04:15","date_gmt":"2025-10-12T09:04:15","guid":{"rendered":"https:\/\/www.europesays.com\/es\/171388\/"},"modified":"2025-10-12T09:04:15","modified_gmt":"2025-10-12T09:04:15","slug":"el-documental-vitoriano-bailando-a-golpes-lleva-al-primer-plano-a-la-bateria","status":"publish","type":"post","link":"https:\/\/www.europesays.com\/es\/171388\/","title":{"rendered":"El documental vitoriano \u2018Bailando a golpes\u2019 lleva al primer plano a la bater\u00eda"},"content":{"rendered":"<p>\n        <strong>Con sus proyectos como l\u00edderes, tocando en bandas como Berri Txarrak o El \u00daltimo de la Fila, y actuando junto a artistas como Jorge Drexler, Ariel Rot, Perales, Iv\u00e1n Ferreiro, Nathy Peluso, Serrtat y El Kanka, entre otros. As\u00ed vienen componiendo su camino los 21 bateristas que protagonizan el documental <\/strong><strong>Bailando a golpes<\/strong>, un proyecto nacido en la <a href=\"https:\/\/www.noticiasdealava.eus\/cultura\/\" title=\"capital alavesa\" class=\"link copy\" rel=\"nofollow noopener\" target=\"_blank\">capital alavesa<\/a> de la mano de \u00c1lvaro Larrory (director y guionista), otro habitual de las baquetas, al igual que\u00a0Javier Ortega (direcci\u00f3n de fotograf\u00eda), la otra parte indispensable de este proyecto.\n<\/p>\n<p class=\"article-body__text \">\n        Nombres como<strong> Borja Barrueta, \u00c1ngel Celada, \u00darsula Strong, Galder Izagirre, Mariana P\u00e9rez y Antonio <\/strong><strong>Pax <\/strong><strong>\u00c1lvarez<\/strong> aportan su experiencia, sabidur\u00eda, formaci\u00f3n, talento y reflexiones a una creaci\u00f3n que el 21 se podr\u00e1 ver en la Semana del Documental Vasco que Fundaci\u00f3n Vital lleva a cabo en Vitoria y el 31 en el Moments Festival (M\u00e1laga). \u201cEn la pel\u00edcula lo que se percibe es un amor bestial por el instrumento y por la m\u00fasica. Es la fuerza que ha movido el documental\u201d, apunta Larrory en torno a un proyecto que tambi\u00e9n tiene otra base gasteiztarra fundamental como es la colaboraci\u00f3n con <a href=\"https:\/\/www.sonoraestudios.es\/\" title=\"Sonora Estudios\" rel=\"nofollow noopener\" target=\"_blank\" class=\"link copy\">Sonora Estudios<\/a>.\n<\/p>\n<p>        Como curiosidad, cabe decir que la banda sonora de la pel\u00edcula, creada para la ocasi\u00f3n, no cuenta con ninguna bater\u00eda<\/p>\n<p class=\"article-body__text \">\n        Es la bater\u00eda, la que por lo general suele situarse al fondo del escenario, la que aqu\u00ed se hace con el primer plano. Lo hace, adem\u00e1s, con el prop\u00f3sito de ser protagonista de un filme destinado a cualquier persona \u201cque tenga un m\u00ednimo de curiosidad por la m\u00fasica\u201d. Ante el p\u00fablico que quiera dejarse llevar por el ritmo estar\u00e1n int\u00e9rpretes como <strong>Vicente Climent, Pedro Barcel\u00f3, Rakel Arbeloa, Pablo Serrano, Fernando Lamas y Daniel Lizarraga<\/strong>.\n<\/p>\n<p>            <a href=\"https:\/\/www.noticiasdealava.eus\/cultura\/2025\/10\/06\/doolin-juan-mari-beltran-xabi-aburruzaga-karmento-faltriqueira-acudiran-aitzina-folk-festival-ataxia-telangiectasia-solidario-vitoria-gasteiz-alava-araba-10172806.html\" title=\"Doolin\u2019, Juan Mari Beltran, Xabi Aburruzaga, Karmento y Faltriqueira acudir\u00e1n al Aitzina Folk\" class=\"new__media\" rel=\"nofollow noopener\" target=\"_blank\"><\/p>\n<p>                <img alt=\"Doolin\u2019, Juan Mari Beltran, Xabi Aburruzaga, Karmento y Faltriqueira acudir\u00e1n al Aitzina Folk\" data-src=\"https:\/\/www.europesays.com\/es\/wp-content\/uploads\/2025\/10\/0be1d60c-8f50-4f6e-8989-8e150d38c94c_16-9-aspect-ratio_default_0_x1085y532.jpg\" class=\"lozad\"\/><\/p>\n<p>        <\/a><\/p>\n<p>        <a href=\"https:\/\/www.noticiasdealava.eus\/cultura\/2025\/10\/06\/doolin-juan-mari-beltran-xabi-aburruzaga-karmento-faltriqueira-acudiran-aitzina-folk-festival-ataxia-telangiectasia-solidario-vitoria-gasteiz-alava-araba-10172806.html\" title=\"Doolin\u2019, Juan Mari Beltran, Xabi Aburruzaga, Karmento y Faltriqueira acudir\u00e1n al Aitzina Folk\" class=\"new__headline\" rel=\"nofollow noopener\" target=\"_blank\"><br \/>\n            Doolin\u2019, Juan Mari Beltran, Xabi Aburruzaga, Karmento y Faltriqueira acudir\u00e1n al Aitzina Folk<br \/>\n        <\/a><\/p>\n<p>  El instrumento primigenio<\/p>\n<p class=\"article-body__text \">\n        <strong>Fue en 2018, a ra\u00edz de un viaje a Estados Unidos de Larrory, cuando prendi\u00f3 la chispa de esta producci\u00f3n. Tras pasar por ciudades como Nueva York, Chicago y Memphis, constat\u00f3 \u201cla importancia que le dan all\u00ed a la cultura musical\u201d frente a lo que sucede por estos lares, donde \u201cparece que nunca valoramos lo nuestro\u201d<\/strong>. As\u00ed que, de repente, empez\u00f3 a aparecer una idea, la de poder hacer este documental. \u201cTocar la bater\u00eda es como un arte. Es algo que est\u00e1 relacionado con la energ\u00eda y la fuerza, pero que requiere algo m\u00e1s. Es el instrumento primigenio\u201d.\n<\/p>\n<p class=\"article-photo__footer\">\n            \u00darsula Strong en un fotograma del documental            Cedida        <\/p>\n<p class=\"article-body__text \">\n        Larrory y Ortega ya se conoc\u00edan. De hecho, <strong>la primera vez que se pusieron en contacto fue precisamente por una bater\u00eda<\/strong>. \u201cYo necesitaba algo para una grabaci\u00f3n y \u00c1lvaro me lo prest\u00f3\u201d, recuerda Javier, cuyo trabajo en el mundo audiovisual conoc\u00eda bien el director de Bailando a golpes. Por eso \u201cle llam\u00e9 y le pregunt\u00e9 si se vendr\u00eda conmigo a hacer esto realidad\u201d. Su compa\u00f1ero en esta aventura ni se lo pens\u00f3. Fue un s\u00ed al instante.\n<\/p>\n<p class=\"article-photo__footer\">\n            Pedro Barcel\u00f3 en un fotograma del documental            Cedida        <\/p>\n<p class=\"article-body__text \">\n        As\u00ed que en 2019 empez\u00f3 un proceso de grabaci\u00f3n que les llev\u00f3 a diferentes ciudades y a entrevistarse con m\u00fasicos como <strong>Oriol Flores, Karlos Arancegui, Xavi Molero, Oriol Roca, Ricky Lavado, Hoss Ben\u00edtez, Enric Ponsa y Gloria Maurel<\/strong>. El camino no fue sencillo. Para empezar porque la pandemia lo paraliz\u00f3 todo. Adem\u00e1s, hubo que hacer verdaderos encajes de bolillos para cuadrar agendas, aprovechar al m\u00e1ximo los d\u00edas de viaje y rodaje, y poder llegar a todo lo que se quer\u00eda.\u00a0\n<\/p>\n<p>            <a href=\"https:\/\/www.noticiasdealava.eus\/cultura\/2025\/10\/03\/araia-celebra-ano-musical-10164363.html\" title=\"Araia celebra su Fin de A\u00f1o Musical\" class=\"new__media\" rel=\"nofollow noopener\" target=\"_blank\"><\/p>\n<p>                <img alt=\"Araia celebra su Fin de A\u00f1o Musical\" data-src=\"https:\/\/www.europesays.com\/es\/wp-content\/uploads\/2025\/10\/1fc280f7-ad99-439a-911c-cf3237e72fab_16-9-aspect-ratio_default_0.jpg\" class=\"lozad\"\/><\/p>\n<p>        <\/a><\/p>\n<p>        <a href=\"https:\/\/www.noticiasdealava.eus\/cultura\/2025\/10\/03\/araia-celebra-ano-musical-10164363.html\" title=\"Araia celebra su Fin de A\u00f1o Musical\" class=\"new__headline\" rel=\"nofollow noopener\" target=\"_blank\"><br \/>\n            Araia celebra su Fin de A\u00f1o Musical<br \/>\n        <\/a><\/p>\n<p class=\"article-body__text \">\n        <strong>\u201cEs una amalgama de bateristas de diferentes edades y distintas \u00e9pocas\u201d<\/strong>, m\u00e1s all\u00e1 de que el documental \u201ctiene un hilo conductor. Quer\u00eda tratar una serie de temas muy concretos con ellos como lo que supone hacer giras, tocar en escenarios m\u00e1s grandes o m\u00e1s peque\u00f1os, hablar de lo que es el sonido que cada uno tenemos en la cabeza y qu\u00e9 conseguimos para materializarlo\u2026 Eso ha hecho que haya una unidad\u201d, explica el director.\u00a0\n<\/p>\n<p>        El documental est\u00e1 destinado a cualquier persona \u201cque tenga un m\u00ednimo de curiosidad por la m\u00fasica\u201d<\/p>\n<p class=\"article-body__text \">\n        \u201cTodos nos han hecho llegar que estaban muy contentos de poder participar. Han entendido nuestro amor, pasi\u00f3n y ganas de hacer esto. Eso ha ayudado mucho a la hora de hacer el trabajo. Adem\u00e1s, el hecho de ser nosotros tambi\u00e9n bateristas ha sumado\u201d a la hora de ir componiendo <strong>un puzle audiovisual que se abre y se cierra con Manuel Almeida de Ocampo<\/strong>, todo un artesano de la bater\u00eda que, por desgracia, falleci\u00f3 el pasado verano.\u00a0\n<\/p>\n<p>            <a href=\"https:\/\/www.noticiasdealava.eus\/cultura\/2025\/10\/07\/paul-urkijo-veces-necesario-salir-camino-adentrarse-oscuridad-miedos-profundos-alma-ser-libres-pelicula-gaua-estreno-sitges-vitoria-gasteiz-alava-araba-10179572.html\" title=\"&quot;A veces es necesario adentrarse en la oscuridad, en los miedos m\u00e1s profundos del alma, para ser libres\u201d\" class=\"new__media\" rel=\"nofollow noopener\" target=\"_blank\"><\/p>\n<p>                <img alt=\"&quot;A veces es necesario adentrarse en la oscuridad, en los miedos m\u00e1s profundos del alma, para ser libres\u201d\" data-src=\"https:\/\/www.europesays.com\/es\/wp-content\/uploads\/2025\/10\/4716d720-c2fe-46f9-a9ec-6f7a6e1fd8ca_16-9-aspect-ratio_default_0_x1118y324.jpg\" class=\"lozad\"\/><\/p>\n<p>        <\/a><\/p>\n<p>        <a href=\"https:\/\/www.noticiasdealava.eus\/cultura\/2025\/10\/07\/paul-urkijo-veces-necesario-salir-camino-adentrarse-oscuridad-miedos-profundos-alma-ser-libres-pelicula-gaua-estreno-sitges-vitoria-gasteiz-alava-araba-10179572.html\" title=\"&quot;A veces es necesario adentrarse en la oscuridad, en los miedos m\u00e1s profundos del alma, para ser libres\u201d\" class=\"new__headline\" rel=\"nofollow noopener\" target=\"_blank\"><br \/>\n            \u00abA veces es necesario adentrarse en la oscuridad, en los miedos m\u00e1s profundos del alma, para ser libres\u201d<br \/>\n        <\/a><\/p>\n<p>  Toda una experiencia<\/p>\n<p class=\"article-body__text \">\n        Junto a todas estas personas se construye un documental con otra peculiaridad importante. <strong>En su banda sonora, creada para la ocasi\u00f3n por Marcel Bages y David Soler, no hay ni una sola bater\u00eda<\/strong>. Es la guinda, si as\u00ed se quiere ver, de un proyecto que, como reconoce Ortega, \u201cha sido una experiencia, con sus altos y sus bajos, de la leche\u201d.\u00a0\n<\/p>\n<p class=\"article-photo__footer\">\n            Manuel Almeida de Ocampo en un fotograma del documental            Cedida        <\/p>\n<p class=\"article-body__text \">\n        La intenci\u00f3n ha sido conseguir \u201csacar la esencia\u201d de cada participante en el documental. Eso ha pasado tambi\u00e9n por el hecho de grabar en espacios muy diferentes, en esos lugares en los que ellos y ellas, junto a su instrumento, se sienten como en casa. A veces, adem\u00e1s, de manera literal. \u201cA muchos los conoc\u00eda, pero no quer\u00eda profundizar demasiado antes de ir a donde cada uno porque con la c\u00e1mara me apetec\u00eda captar sus emociones y creatividad. Cada grabaci\u00f3n fue distinta en ese sentido. <strong>Lo que s\u00ed que quer\u00eda es que la gente que vea ahora lo que hemos hecho se pueda empapar de este instrumento<\/strong>\u201d, describe Ortega.\u00a0\n<\/p>\n<p>            <a href=\"https:\/\/www.noticiasdealava.eus\/cultura\/2025\/10\/08\/lyuba-manana-estrena-cara-publico-beatriz-da-silva-invasion-rusa-ucrania-refugiados-10189367.html\" title=\"\u2018Lyuba, ma\u00f1ana\u2019, se estrena de cara al p\u00fablico el 12 de octubre\" class=\"new__media\" rel=\"nofollow noopener\" target=\"_blank\"><\/p>\n<p>                <img alt=\"\u2018Lyuba, ma\u00f1ana\u2019, se estrena de cara al p\u00fablico el 12 de octubre\" data-src=\"https:\/\/www.europesays.com\/es\/wp-content\/uploads\/2025\/10\/0d508b1f-b5f7-4ec0-8115-8e7263bd7c2a_16-9-aspect-ratio_default_0_x1061y715.jpg\" class=\"lozad\"\/><\/p>\n<p>        <\/a><\/p>\n<p>        <a href=\"https:\/\/www.noticiasdealava.eus\/cultura\/2025\/10\/08\/lyuba-manana-estrena-cara-publico-beatriz-da-silva-invasion-rusa-ucrania-refugiados-10189367.html\" title=\"\u2018Lyuba, ma\u00f1ana\u2019, se estrena de cara al p\u00fablico el 12 de octubre\" class=\"new__headline\" rel=\"nofollow noopener\" target=\"_blank\"><br \/>\n            \u2018Lyuba, ma\u00f1ana\u2019, se estrena de cara al p\u00fablico el 12 de octubre<br \/>\n        <\/a><\/p>\n<p class=\"article-body__text \">\n        \u201cEl documental, aunque pueda estar mal que yo lo diga, ha quedado muy bien, m\u00e1s all\u00e1 de que los dos\u00a0\u00a0somos muy autocr\u00edticos. Esto es como los discos, que si te pones as\u00ed, no los terminas nunca. Pero m\u00e1s all\u00e1 de eso, creemos que el trabajo est\u00e1 muy bien y que puede llegar a todos los p\u00fablicos\u201d, explica Larrory, <strong>m\u00e1s all\u00e1 de que encontrar distribuci\u00f3n y festivales que quieran acoger un pase no est\u00e1 siendo sencillo<\/strong>.\n<\/p>\n<p class=\"article-photo__footer\">\n            Hoss Ben\u00edtez en un momento del documental            Cedida        <\/p>\n<p class=\"article-body__text \">\n        A la espera de que ese camino hacia el p\u00fablico pueda encontrar las sendas adecuadas, ambos se llevan de esta experiencia, m\u00e1s all\u00e1 de la amistad compartida, el aprendizaje que han tenido como bateristas gracias a la realizaci\u00f3n de esta producci\u00f3n. <strong>\u201cEl poder entrar hasta la cocina del universo de bateristas a los que admiramos, ha sido incre\u00edble. Hemos puesto nuestro granito de arena para que la gente pueda conocer m\u00e1s un instrumento que nosotros amamos\u201d<\/strong>.\u00a0<\/p>\n","protected":false},"excerpt":{"rendered":"Con sus proyectos como l\u00edderes, tocando en bandas como Berri Txarrak o El \u00daltimo de la Fila, y&hellip;\n","protected":false},"author":2,"featured_media":171389,"comment_status":"","ping_status":"","sticky":false,"template":"","format":"standard","meta":{"footnotes":""},"categories":[169],"tags":[3935,2607,3936,20511,15762,49675,177,6084,146,147,25,24,176,3934,12677,5264,49676,6414,175,185,4813,1257,35924,977,23,2177,40318],"class_list":{"0":"post-171388","1":"post","2":"type-post","3":"status-publish","4":"format-standard","5":"has-post-thumbnail","7":"category-cine","8":"tag-alava","9":"tag-alvaro","10":"tag-araba","11":"tag-audiovisual","12":"tag-bailando","13":"tag-bateria","14":"tag-cine","15":"tag-documental","16":"tag-entertainment","17":"tag-entretenimiento","18":"tag-es","19":"tag-espana","20":"tag-film","21":"tag-gasteiz","22":"tag-golpes","23":"tag-javier","24":"tag-larrory","25":"tag-lleva","26":"tag-movies","27":"tag-musica","28":"tag-ortega","29":"tag-pelicula","30":"tag-plano","31":"tag-primer","32":"tag-spain","33":"tag-vitoria","34":"tag-vitoriano"},"share_on_mastodon":{"url":"","error":""},"_links":{"self":[{"href":"https:\/\/www.europesays.com\/es\/wp-json\/wp\/v2\/posts\/171388","targetHints":{"allow":["GET"]}}],"collection":[{"href":"https:\/\/www.europesays.com\/es\/wp-json\/wp\/v2\/posts"}],"about":[{"href":"https:\/\/www.europesays.com\/es\/wp-json\/wp\/v2\/types\/post"}],"author":[{"embeddable":true,"href":"https:\/\/www.europesays.com\/es\/wp-json\/wp\/v2\/users\/2"}],"replies":[{"embeddable":true,"href":"https:\/\/www.europesays.com\/es\/wp-json\/wp\/v2\/comments?post=171388"}],"version-history":[{"count":0,"href":"https:\/\/www.europesays.com\/es\/wp-json\/wp\/v2\/posts\/171388\/revisions"}],"wp:featuredmedia":[{"embeddable":true,"href":"https:\/\/www.europesays.com\/es\/wp-json\/wp\/v2\/media\/171389"}],"wp:attachment":[{"href":"https:\/\/www.europesays.com\/es\/wp-json\/wp\/v2\/media?parent=171388"}],"wp:term":[{"taxonomy":"category","embeddable":true,"href":"https:\/\/www.europesays.com\/es\/wp-json\/wp\/v2\/categories?post=171388"},{"taxonomy":"post_tag","embeddable":true,"href":"https:\/\/www.europesays.com\/es\/wp-json\/wp\/v2\/tags?post=171388"}],"curies":[{"name":"wp","href":"https:\/\/api.w.org\/{rel}","templated":true}]}}