{"id":171400,"date":"2025-10-12T09:10:08","date_gmt":"2025-10-12T09:10:08","guid":{"rendered":"https:\/\/www.europesays.com\/es\/171400\/"},"modified":"2025-10-12T09:10:08","modified_gmt":"2025-10-12T09:10:08","slug":"ultima-hora-del-conflicto-en-oriente-proximo-en-directo-camiones-con-ayuda-humanitaria-comienzan-a-entrar-en-gaza-desde-egipto-segun-el-acuerdo-de-alto-al-fuego-internacional","status":"publish","type":"post","link":"https:\/\/www.europesays.com\/es\/171400\/","title":{"rendered":"\u00daltima hora del conflicto en Oriente Pr\u00f3ximo, en directo | Camiones con ayuda humanitaria comienzan a entrar en Gaza desde Egipto, seg\u00fan el acuerdo de alto al fuego | Internacional"},"content":{"rendered":"<p class=\"ev-title\">La oficina de presos palestinos denuncian redadas israel\u00edes en las casas de los reos que ser\u00e1n liberados<\/p>\n<p>La Oficina de Medios de Prisioneros Palestinos (Asra, por su nombre en \u00e1rabe), vinculada al movimiento islamista Ham\u00e1s, ha denunciado este domingo que el Ej\u00e9rcito israel\u00ed ha realizado redadas y ha detenido a 13 personas en Cisjordania en los domicilios de varios presos que ser\u00e1n liberados en virtud del acuerdo de alto el fuego en Gaza.<\/p>\n<p>\u201cAl amanecer del domingo, las fuerzas de ocupaci\u00f3n israel\u00edes lanzaron una campa\u00f1a masiva de redadas y arrestos en distintas gobernaciones de Cisjordania, dirigida contra los hogares de prisioneros liberados y de otros que iban a ser puestos en libertad\u201d, ha indicado Asra en un comunicado. \u201cLas operaciones incluyeron registros, destrozos y amenazas a las familias\u201d, a\u00f1ade el organismo.<\/p>\n<p>Seg\u00fan la lista de detenidos difundida por la organizaci\u00f3n, compuesta por 13 nombres, la mayor\u00eda de las redadas se han llevado a cabo en las ciudades de Ramala y Nablus, y en menor medida en Hebr\u00f3n. El Ej\u00e9rcito israel\u00ed no se ha pronunciado sobre estas acusaciones.<\/p>\n<p>De acuerdo con la lista publicada el pasado viernes por el Ministerio de Justicia de Israel, el acuerdo de alto el fuego contempla la liberaci\u00f3n de 250 prisioneros palestinos condenados a cadena perpetua y 1.750 presos m\u00e1s, a cambio de la liberaci\u00f3n de los 48 rehenes (unos 20 de ellos vivos) retenidos en Gaza. (EFE)<\/p>\n","protected":false},"excerpt":{"rendered":"La oficina de presos palestinos denuncian redadas israel\u00edes en las casas de los reos que ser\u00e1n liberados La&hellip;\n","protected":false},"author":2,"featured_media":171401,"comment_status":"","ping_status":"","sticky":false,"template":"","format":"standard","meta":{"footnotes":""},"categories":[42],"tags":[17,18,68,70,71,72,13,14,73,69,75,11,61,62,63,64,74,19,20,9,10,15,16,77,76,12,21,22,65,66,67],"class_list":{"0":"post-171400","1":"post","2":"type-post","3":"status-publish","4":"format-standard","5":"has-post-thumbnail","7":"category-internacional","8":"tag-breaking-news","9":"tag-breakingnews","10":"tag-conflicto-arabe-israeli","11":"tag-conflictos","12":"tag-conflictos-armados","13":"tag-conflictos-internacionales","14":"tag-featured-news","15":"tag-featurednews","16":"tag-franja-gaza","17":"tag-guerra","18":"tag-hamas","19":"tag-headlines","20":"tag-internacional","21":"tag-international","22":"tag-international-news","23":"tag-internationalnews","24":"tag-israel","25":"tag-latest-news","26":"tag-latestnews","27":"tag-news","28":"tag-noticias","29":"tag-noticias-destacadas","30":"tag-noticiasdestacadas","31":"tag-oriente-proximo","32":"tag-palestina","33":"tag-titulares","34":"tag-ultimas-noticias","35":"tag-ultimasnoticias","36":"tag-world","37":"tag-world-news","38":"tag-worldnews"},"share_on_mastodon":{"url":"","error":""},"_links":{"self":[{"href":"https:\/\/www.europesays.com\/es\/wp-json\/wp\/v2\/posts\/171400","targetHints":{"allow":["GET"]}}],"collection":[{"href":"https:\/\/www.europesays.com\/es\/wp-json\/wp\/v2\/posts"}],"about":[{"href":"https:\/\/www.europesays.com\/es\/wp-json\/wp\/v2\/types\/post"}],"author":[{"embeddable":true,"href":"https:\/\/www.europesays.com\/es\/wp-json\/wp\/v2\/users\/2"}],"replies":[{"embeddable":true,"href":"https:\/\/www.europesays.com\/es\/wp-json\/wp\/v2\/comments?post=171400"}],"version-history":[{"count":0,"href":"https:\/\/www.europesays.com\/es\/wp-json\/wp\/v2\/posts\/171400\/revisions"}],"wp:featuredmedia":[{"embeddable":true,"href":"https:\/\/www.europesays.com\/es\/wp-json\/wp\/v2\/media\/171401"}],"wp:attachment":[{"href":"https:\/\/www.europesays.com\/es\/wp-json\/wp\/v2\/media?parent=171400"}],"wp:term":[{"taxonomy":"category","embeddable":true,"href":"https:\/\/www.europesays.com\/es\/wp-json\/wp\/v2\/categories?post=171400"},{"taxonomy":"post_tag","embeddable":true,"href":"https:\/\/www.europesays.com\/es\/wp-json\/wp\/v2\/tags?post=171400"}],"curies":[{"name":"wp","href":"https:\/\/api.w.org\/{rel}","templated":true}]}}