{"id":171413,"date":"2025-10-12T09:21:10","date_gmt":"2025-10-12T09:21:10","guid":{"rendered":"https:\/\/www.europesays.com\/es\/171413\/"},"modified":"2025-10-12T09:21:10","modified_gmt":"2025-10-12T09:21:10","slug":"alonso-es-uno-de-los-mejores-y","status":"publish","type":"post","link":"https:\/\/www.europesays.com\/es\/171413\/","title":{"rendered":"Alonso es uno de los mejores y&#8230;"},"content":{"rendered":"<p class=\"L6-news-detail__text\"><b><a title=\"\u00c1lex Palou\" href=\"https:\/\/www.lasexta.com\/noticias\/deportes\/motor\/formula1\/red-bull-intento-fichar-alex-palou-asi-fue-negociacion-jefe-que-mclaren-paro_2025101068e8af63e81f417969428cc2.html\" target=\"_blank\" rel=\"nofollow noopener\">\u00c1lex Palou<\/a><\/b> est\u00e1 viviendo una de las semanas m\u00e1s intensas de su trayectoria como piloto. El tetracampe\u00f3n del mundo de la <b>IndyCar<\/b>, alejado de los circuitos, pelea judicialmente contra <b><a title=\"McLaren\" href=\"https:\/\/www.lasexta.com\/noticias\/deportes\/motor\/formula1\/red-bull-intento-fichar-alex-palou-asi-fue-negociacion-jefe-que-mclaren-paro_2025101068e8af63e81f417969428cc2.html\" target=\"_blank\" rel=\"nofollow noopener\">McLaren<\/a><\/b> en uno caso que en el que la escuder\u00eda le reclama nada m\u00e1s y nada menos que 20 millones de d\u00f3lares a Palou.<\/p>\n<p class=\"L6-news-detail__text\">El piloto espa\u00f1ol ha vuelto a ser noticia despu\u00e9s de citar a <b><a title=\"Fernando Alonso\" href=\"https:\/\/www.lasexta.com\/noticias\/deportes\/motor\/formula1\/archienemigo-alonso-cambia-bando-apoya-guerra-hamilton-hacer-trampa_2025101068e8a5289c028a4cad2e40a8.html\" target=\"_blank\" rel=\"nofollow noopener\">Fernando Alonso<\/a><\/b> en su defensa. El asturiano, que tambi\u00e9n particip\u00f3 en la IndyCar, le ha servido de ejemplo a <b>Palou<\/b> para defenderse en el Caso: \u00abSi un piloto no tiene la maquinaria y el mejor equipo a su alrededor, no puede ganar carreras\u00bb.<\/p>\n<p class=\"L6-news-detail__text\">\u00ab<b>Fernando Alonso es un bicampe\u00f3n del mundo <\/b>de F1 y probablemente uno de los mejores pilotos de la era moderna. En 2019 intent\u00f3 clasificarse para las <b>500 Millas de Indian\u00e1polis con McLaren<\/b> y no lo consigui\u00f3 frente a un debutante sin experiencia previa. En 2017, con otro equipo, casi gana. Y en 2020 termin\u00f3 21\u00ba con McLaren\u00bb, ha asegurado el espa\u00f1ol en unas declaraciones que seg\u00fan &#8216;The Race&#8217;.<\/p>\n<p class=\"L6-news-detail__text\"><b>McLaren<\/b> va a por Palou debido a un supuesto incumplimiento de contrato del catal\u00e1n con la escuder\u00eda brit\u00e1nica. El vigente campe\u00f3n de la <b>IndyCar<\/b> sigue defendi\u00e9ndose de un caso que est\u00e1 siendo muy llamativo y m\u00e1s despu\u00e9s de que apareciera el nombre de <b>Alonso<\/b> en la defensa de Palou.<\/p>\n<p class=\"L6-support-news-video__title\">\u00abLo ha tirado\u00bb<\/p>\n<p>            <a href=\"https:\/\/www.lasexta.com\/noticias\/deportes\/motor\/ducati-desvela-reaccion-equipo-marc-marquez-accidente_2025100868e69f8b9c028a4cad29a930.html\" class=\"L6-news__link\" rel=\"nofollow noopener\" target=\"_blank\"><br \/>\n                Ducati desvela la reacci\u00f3n del equipo de Marc M\u00e1rquez durante su accidente<\/p>\n<p class=\"recirculation-video-desc\">Tras ser embestido por Marco Bezzecchi en la salida del Gran Premio de Indonesia, el eneacampe\u00f3n lleg\u00f3 a un box que estaba muy preocupado por su estado. <\/p>\n<p>            <\/a><\/p>\n","protected":false},"excerpt":{"rendered":"\u00c1lex Palou est\u00e1 viviendo una de las semanas m\u00e1s intensas de su trayectoria como piloto. El tetracampe\u00f3n del&hellip;\n","protected":false},"author":2,"featured_media":171414,"comment_status":"","ping_status":"","sticky":false,"template":"","format":"standard","meta":{"footnotes":""},"categories":[270],"tags":[168,25,24,306,271,272,23,167],"class_list":{"0":"post-171413","1":"post","2":"type-post","3":"status-publish","4":"format-standard","5":"has-post-thumbnail","7":"category-formula-1","8":"tag-deportes","9":"tag-es","10":"tag-espana","11":"tag-f1","12":"tag-formula-1","13":"tag-formula1","14":"tag-spain","15":"tag-sports"},"share_on_mastodon":{"url":"","error":""},"_links":{"self":[{"href":"https:\/\/www.europesays.com\/es\/wp-json\/wp\/v2\/posts\/171413","targetHints":{"allow":["GET"]}}],"collection":[{"href":"https:\/\/www.europesays.com\/es\/wp-json\/wp\/v2\/posts"}],"about":[{"href":"https:\/\/www.europesays.com\/es\/wp-json\/wp\/v2\/types\/post"}],"author":[{"embeddable":true,"href":"https:\/\/www.europesays.com\/es\/wp-json\/wp\/v2\/users\/2"}],"replies":[{"embeddable":true,"href":"https:\/\/www.europesays.com\/es\/wp-json\/wp\/v2\/comments?post=171413"}],"version-history":[{"count":0,"href":"https:\/\/www.europesays.com\/es\/wp-json\/wp\/v2\/posts\/171413\/revisions"}],"wp:featuredmedia":[{"embeddable":true,"href":"https:\/\/www.europesays.com\/es\/wp-json\/wp\/v2\/media\/171414"}],"wp:attachment":[{"href":"https:\/\/www.europesays.com\/es\/wp-json\/wp\/v2\/media?parent=171413"}],"wp:term":[{"taxonomy":"category","embeddable":true,"href":"https:\/\/www.europesays.com\/es\/wp-json\/wp\/v2\/categories?post=171413"},{"taxonomy":"post_tag","embeddable":true,"href":"https:\/\/www.europesays.com\/es\/wp-json\/wp\/v2\/tags?post=171413"}],"curies":[{"name":"wp","href":"https:\/\/api.w.org\/{rel}","templated":true}]}}