{"id":171425,"date":"2025-10-12T09:28:11","date_gmt":"2025-10-12T09:28:11","guid":{"rendered":"https:\/\/www.europesays.com\/es\/171425\/"},"modified":"2025-10-12T09:28:11","modified_gmt":"2025-10-12T09:28:11","slug":"la-mallorquina-aitana-jerez-nueva-voz-de-los-40-urban","status":"publish","type":"post","link":"https:\/\/www.europesays.com\/es\/171425\/","title":{"rendered":"La mallorquina Aitana Jerez, nueva voz de LOS 40 Urban"},"content":{"rendered":"<p>El pasado <strong>19 de marzo,<\/strong> la mallorquina<strong> Aitana Jerez (2003, Palma)<\/strong> se uni\u00f3 al equipo de<strong> LOS40 Urban<\/strong> tras ganar un <strong>concurso<\/strong> organizado por la misma emisora musical del<strong> grupo medi\u00e1tico PRISA<\/strong> en colaboraci\u00f3n con <strong>Santander SMusic Talento<\/strong> para descubrir nuevas promesas en el mundo de la comunicaci\u00f3n. La locutora se enfrent\u00f3 a un<strong> casting de m\u00e1s de 300 participantes<\/strong>. \u00abMe siento muy agradecida por esta oportunidad\u00bb, admite Jerez.<\/p>\n<p>En cuanto al <strong>g\u00e9nero urbano<\/strong>, Jerez confiesa que<strong> \u00abya no es lo que era\u00bb<\/strong>. En este sentido, la mallorquina piensa que existe un antes y un despu\u00e9s en las<strong> letras<\/strong> de las <strong>canciones de reguet\u00f3n<\/strong>, que evolucionan hacia una deriva que puede sonar \u00abm\u00e1s agresiva\u00bb.<\/p>\n<p><img loading=\"lazy\" decoding=\"async\" src=\"https:\/\/www.europesays.com\/es\/wp-content\/uploads\/2025\/10\/3508337.jpg\" border=\"0\" alt=\"\" width=\"2048\" height=\"1153\"\/>&#13;<br \/>\nLa joven locutora Aitana Jerez presenta en LOS 40 Urban un programa, de 12.00 a 16.00 horas, entre semana.&#13;<\/p>\n<p>Aunque la joven ve ahora las cosas muy claras respecto a su vocaci\u00f3n, no fue hasta bien entrada su adolescencia cuando se lanz\u00f3 de lleno al mundo de la comunicaci\u00f3n. Tras cursar el primer a\u00f1o del grado de<strong> Direcci\u00f3n Hotelera<\/strong> en la<strong> Universitat de les Illes Balears (UIB)<\/strong> y trabajar un verano en el <strong>sector de la hosteler\u00eda<\/strong>, Jerez decidi\u00f3 abandonar sus estudios:<strong> \u00abNo era para m\u00ed\u00bb.<\/strong><\/p>\n<p>Despu\u00e9s de esta varapalo acad\u00e9mico, la locutora quiso aprovechar el a\u00f1o siguiente \u00abde una manera u otra\u00bb y se apunto a un<strong> curso de Locuci\u00f3n y Presentaci\u00f3n de TV<\/strong>. \u00abTermin\u00e9 la licenciatura en un a\u00f1o\u00bb, admite la comunicadora. Para sus <strong>pr\u00e1cticas<\/strong>, contact\u00f3 con decenas de empresas en Mallorca entre las que destacan IB3 y algunas radios locales. Ante las negativas de varios medios, se present\u00f3 en la delegaci\u00f3n de<strong> Hit FM en Baleares<\/strong> y consigui\u00f3 un puesto como becaria. Poco despu\u00e9s de comenzar sus pr\u00e1cticas en este medio musical,<strong> uno de sus compa\u00f1eros la inform\u00f3 del concurso<\/strong> organizado por Los 40 \u2014emisora del Grupo PRISA\u2014 y orientado a <strong>j\u00f3venes talentos de la comunicaci\u00f3n<\/strong> para convertirse en la<strong> nueva voz de LOS40 Urban<\/strong>. Y, por casualidad o providencia, Aitana env\u00edo los v\u00eddeos de casting pocos minutos antes de que finalizara la inscripci\u00f3n del concurso online.<\/p>\n<p>El \u2018caos\u2019 del primer d\u00eda<\/p>\n<p>La mallorquina entr\u00f3 a trabajar por primera vez a <strong>los estudios de L0S40 Urban, en Madrid,<\/strong> el pasado mes de marzo:<strong> \u00abMi primer d\u00eda fue un caos total\u00bb<\/strong>. Aitana recuerda aquella primera jornada con cari\u00f1o: \u00abMe presentaron a todo el equipo, es una empresa muy grande. De todas las personas que conoc\u00ed me qued\u00e9 con dos nombres\u00bb.<\/p>\n<p>Como locutora de la<strong> radio musical l\u00edder en Espa\u00f1a<\/strong>, Jerez ha tenido la oportunidad de conocer a numerosos artistas. Entre ellos, destaca al <strong>d\u00fao venezolano<\/strong> de m\u00fasica urbana <strong>Alleh y Yorghaki<\/strong>: <strong>\u00abfueron muy simp\u00e1ticos y cercanos\u00bb<\/strong>. El cantante espa\u00f1ol<strong> Dani Fern\u00e1ndez<\/strong> tambi\u00e9n sorprendi\u00f3 a la joven en<strong> \u2018LOS 40 Primavera Pop 2025\u2019<\/strong>: <strong>\u00abMe pareci\u00f3 un chico muy normal, muy agradable\u00bb.<\/strong><\/p>\n<p>Sus experiencias en <strong>conciertos<\/strong> han aumentado desde que la de Palma reside en la capital espa\u00f1ola, no obstante, su recuerdo m\u00e1s gracioso en un show musical tuvo lugar en el <strong>\u2018Mallorca Live Festival 2022\u2019<\/strong> celebrado en Calvi\u00e0. Y es que, pese a se<strong>r \u00abtimadas\u00bb por la compra de unas entradas<\/strong>, a trav\u00e9s de una <strong>aplicaci\u00f3n de venta de segunda mano<\/strong>, para ver a<strong> Dani Mart\u00edn<\/strong> en concierto; el portero del festival las dej\u00f3 pasar tras varios minutos de suplica. En su defensa, Jerez afirma que en las<strong> entradas estaban agotadas<\/strong> en la web oficial: \u00abEra nuestra \u00fanica opci\u00f3n\u00bb.<\/p>\n<p>El <strong>pop ingl\u00e9s<\/strong> es uno de los <strong>g\u00e9neros musicales<\/strong> m\u00e1s escuchados por la joven, adem\u00e1s de la <strong>m\u00fasica urbana<\/strong>. De hecho, este mismo a\u00f1o disfrut\u00f3 de la actuaci\u00f3n en directo de <strong>Shawn Mendes<\/strong>: \u00abMi mejor concierto hasta la fecha\u00bb. La cantautora <strong>Taylor Swift<\/strong> y el trapero mallorqu\u00edn<strong> Rels B<\/strong> son otros de sus grandes favoritos:<strong> \u00abMe gusta mezclar\u00bb<\/strong>.<\/p>\n","protected":false},"excerpt":{"rendered":"El pasado 19 de marzo, la mallorquina Aitana Jerez (2003, Palma) se uni\u00f3 al equipo de LOS40 Urban&hellip;\n","protected":false},"author":2,"featured_media":171426,"comment_status":"","ping_status":"","sticky":false,"template":"","format":"standard","meta":{"footnotes":""},"categories":[170],"tags":[146,147,25,24,184,185,492,23,2922,1529],"class_list":{"0":"post-171425","1":"post","2":"type-post","3":"status-publish","4":"format-standard","5":"has-post-thumbnail","7":"category-musica","8":"tag-entertainment","9":"tag-entretenimiento","10":"tag-es","11":"tag-espana","12":"tag-music","13":"tag-musica","14":"tag-sociedad","15":"tag-spain","16":"tag-tendencias","17":"tag-ultima-hora"},"share_on_mastodon":{"url":"","error":""},"_links":{"self":[{"href":"https:\/\/www.europesays.com\/es\/wp-json\/wp\/v2\/posts\/171425","targetHints":{"allow":["GET"]}}],"collection":[{"href":"https:\/\/www.europesays.com\/es\/wp-json\/wp\/v2\/posts"}],"about":[{"href":"https:\/\/www.europesays.com\/es\/wp-json\/wp\/v2\/types\/post"}],"author":[{"embeddable":true,"href":"https:\/\/www.europesays.com\/es\/wp-json\/wp\/v2\/users\/2"}],"replies":[{"embeddable":true,"href":"https:\/\/www.europesays.com\/es\/wp-json\/wp\/v2\/comments?post=171425"}],"version-history":[{"count":0,"href":"https:\/\/www.europesays.com\/es\/wp-json\/wp\/v2\/posts\/171425\/revisions"}],"wp:featuredmedia":[{"embeddable":true,"href":"https:\/\/www.europesays.com\/es\/wp-json\/wp\/v2\/media\/171426"}],"wp:attachment":[{"href":"https:\/\/www.europesays.com\/es\/wp-json\/wp\/v2\/media?parent=171425"}],"wp:term":[{"taxonomy":"category","embeddable":true,"href":"https:\/\/www.europesays.com\/es\/wp-json\/wp\/v2\/categories?post=171425"},{"taxonomy":"post_tag","embeddable":true,"href":"https:\/\/www.europesays.com\/es\/wp-json\/wp\/v2\/tags?post=171425"}],"curies":[{"name":"wp","href":"https:\/\/api.w.org\/{rel}","templated":true}]}}