{"id":171432,"date":"2025-10-12T09:32:09","date_gmt":"2025-10-12T09:32:09","guid":{"rendered":"https:\/\/www.europesays.com\/es\/171432\/"},"modified":"2025-10-12T09:32:09","modified_gmt":"2025-10-12T09:32:09","slug":"muere-a-los-59-anos-jimmy-shaw-actor-de-la-que-se-avecina-cultura","status":"publish","type":"post","link":"https:\/\/www.europesays.com\/es\/171432\/","title":{"rendered":"Muere a los 59 a\u00f1os Jimmy Shaw, actor de \u2018La que se avecina\u2019 | Cultura"},"content":{"rendered":"<p class=\"\">Lleg\u00f3 a Espa\u00f1a para mejorar su dominio del idioma y pasar tres meses en el a\u00f1o 2000, pero acab\u00f3 por instalarse, formar una familia junto a su esposo y convertirse en un rostro popular por su trabajo en la televisi\u00f3n. Jimmy Shaw, Mateo en la serie <a href=\"https:\/\/elpais.com\/noticias\/la-que-se-avecina\/\" target=\"_blank\" rel=\"noreferrer nofollow noopener\" title=\"https:\/\/elpais.com\/noticias\/la-que-se-avecina\/\">La que se avecina,<\/a> falleci\u00f3 este s\u00e1bado a los 59 a\u00f1os a consecuencia de un c\u00e1ncer de p\u00e1ncreas, seg\u00fan comunic\u00f3 su representante. <\/p>\n<p><img decoding=\"auto\" class=\"_re lazyload a_m-h\" height=\"233\"  width=\"414\"  src=\"https:\/\/www.europesays.com\/es\/wp-content\/uploads\/2025\/10\/KUNYOSPZZBC6TGFSYOQAIMXEQQ.jpeg\" loading=\"lazy\"\/>Jimmy Shaw,  en una escena de &#8216;La que se avecina&#8217;.<\/p>\n<p class=\"\">La actriz y amiga de Jimmy, Cristina Casta\u00f1o, explic\u00f3 por redes el pasado septiembre la situaci\u00f3n cr\u00edtica que padec\u00eda el actor. Tras recibir un primer diagn\u00f3stico hace tres a\u00f1os y someterse a un tratamiento que le cur\u00f3, el c\u00e1ncer hab\u00eda regresado y necesitaba ser operado con urgencia en Lisboa. Casta\u00f1o solicitaba ayuda con el fin de recaudar dinero para costear ese tratamiento. Tal y como Casta\u00f1o explic\u00f3 ayer en Instagram, al final la operaci\u00f3n no pudo ser. Otros actores y compa\u00f1eros de profesi\u00f3n de Shaw, como Nacho Vigalondo y Laura Caballero, directora de La que se avecina manifestaron ayer sus condolencias. <\/p>\n<p class=\"\">Nacido en Los \u00c1ngeles en 1966 y criado en la costa Este, Shaw se form\u00f3 en Nueva York, entre otros con la profesora de interpretaci\u00f3n Uta Hagen en Greenwich Village, y m\u00e1s adelante con Warren Robertson, formado en el Actor\u2019s Studio y maestro de Paul Newman o Marilyn Monroe entre otros, y los con los coach Wynn Handman, y Marjorie Ballentine. <\/p>\n<p class=\"\">Trabaj\u00f3 en el teatro en Nueva York, y estren\u00f3 en Off Broadway antes de trasladarse a Los \u00c1ngeles, donde arrancar\u00eda su carrera en televisi\u00f3n, el medio en el que m\u00e1s trabaj\u00f3. Tras una d\u00e9cada en la meca del cine, y participando en series como Will y Grace, empezaron sus viajes a Espa\u00f1a hasta su traslado definitivo a Madrid. En esta ciudad al principio daba clases de ingl\u00e9s y hac\u00eda traducciones, trabajos que alternaba con su participaci\u00f3n en distintas producciones teatrales en Nueva York. Shaw mantuvo siempre un firme compromiso con la interpretaci\u00f3n, se volc\u00f3 tambi\u00e9n en la formaci\u00f3n de otros actores. Representado por Elena L\u00e1zaro, su participaci\u00f3n en series en Espa\u00f1a incluye trabajos en \u00c1guila Roja, Cu\u00e9ntame c\u00f3mo pas\u00f3, El tiempo entre costuras, El Ministerio del Tiempo, La fortuna, Now and Then o The English. <\/p>\n","protected":false},"excerpt":{"rendered":"Lleg\u00f3 a Espa\u00f1a para mejorar su dominio del idioma y pasar tres meses en el a\u00f1o 2000, pero&hellip;\n","protected":false},"author":2,"featured_media":171433,"comment_status":"","ping_status":"","sticky":false,"template":"","format":"standard","meta":{"footnotes":""},"categories":[91],"tags":[1014,49677,1066,209,146,147,25,24,7225,8190,23],"class_list":{"0":"post-171432","1":"post","2":"type-post","3":"status-publish","4":"format-standard","5":"has-post-thumbnail","7":"category-entretenimiento","8":"tag-actores","9":"tag-aguila-roja","10":"tag-cancer","11":"tag-cultura","12":"tag-entertainment","13":"tag-entretenimiento","14":"tag-es","15":"tag-espana","16":"tag-la-que-se-avecina","17":"tag-series-espanolas","18":"tag-spain"},"share_on_mastodon":{"url":"","error":""},"_links":{"self":[{"href":"https:\/\/www.europesays.com\/es\/wp-json\/wp\/v2\/posts\/171432","targetHints":{"allow":["GET"]}}],"collection":[{"href":"https:\/\/www.europesays.com\/es\/wp-json\/wp\/v2\/posts"}],"about":[{"href":"https:\/\/www.europesays.com\/es\/wp-json\/wp\/v2\/types\/post"}],"author":[{"embeddable":true,"href":"https:\/\/www.europesays.com\/es\/wp-json\/wp\/v2\/users\/2"}],"replies":[{"embeddable":true,"href":"https:\/\/www.europesays.com\/es\/wp-json\/wp\/v2\/comments?post=171432"}],"version-history":[{"count":0,"href":"https:\/\/www.europesays.com\/es\/wp-json\/wp\/v2\/posts\/171432\/revisions"}],"wp:featuredmedia":[{"embeddable":true,"href":"https:\/\/www.europesays.com\/es\/wp-json\/wp\/v2\/media\/171433"}],"wp:attachment":[{"href":"https:\/\/www.europesays.com\/es\/wp-json\/wp\/v2\/media?parent=171432"}],"wp:term":[{"taxonomy":"category","embeddable":true,"href":"https:\/\/www.europesays.com\/es\/wp-json\/wp\/v2\/categories?post=171432"},{"taxonomy":"post_tag","embeddable":true,"href":"https:\/\/www.europesays.com\/es\/wp-json\/wp\/v2\/tags?post=171432"}],"curies":[{"name":"wp","href":"https:\/\/api.w.org\/{rel}","templated":true}]}}