{"id":171441,"date":"2025-10-12T09:37:38","date_gmt":"2025-10-12T09:37:38","guid":{"rendered":"https:\/\/www.europesays.com\/es\/171441\/"},"modified":"2025-10-12T09:37:38","modified_gmt":"2025-10-12T09:37:38","slug":"temporal-lluvias-encuentran-los-restos-de-un-hombre-que-llevaba-muerto-15-anos-en-su-casa-en-valencia","status":"publish","type":"post","link":"https:\/\/www.europesays.com\/es\/171441\/","title":{"rendered":"TEMPORAL LLUVIAS | Encuentran los restos de un hombre que llevaba muerto 15 a\u00f1os en su casa en Val\u00e8ncia"},"content":{"rendered":"<p class=\"ft-text\">Las intensas lluvias que han ca\u00eddo estos d\u00edas en Val\u00e8ncia <strong>han destapado los restos \u00f3seos de un hombre que llevar\u00eda, por lo menos, quince a\u00f1os muerto en su casa.<\/strong><\/p>\n<p class=\"ft-text\">El edificio, situado en la calle Luis Fenollet de Val\u00e8ncia, en el barrio de la Fuensanta, <strong>ha sufrido un atasco en el desag\u00fce, lo que ha inundado la terraza del \u00faltimo piso, en la vivienda en la que se han hallado los restos y, de ah\u00ed, ha ca\u00eddo a viviendas inferiores.<\/strong> El l\u00edquido filtrado <strong>era de color negro y con mal olor, lo que ha alarmado a los vecinos.<\/strong><\/p>\n<p class=\"ft-text\">Habr\u00eda sido el vecino de abajo el que ha dado el aviso a la Polic\u00eda Local y los bomberos. Al personarse los agentes en el inmueble, han procedido a acceder a esta vivienda, <strong>que corresponde a Antonio F., nacido en 1936, por una ventana dada la imposibilidad de entrar por la puerta<\/strong>, bloqueada porque dentro hab\u00eda anidado un gran n\u00famero de palomas. Ya en su interior, los polic\u00edas han descubierto el esqueleto de un hombre tirado en el suelo de una de las habitaciones, todav\u00eda con ropa. Los huesos corresponden previsiblemente<strong> Antonio F., del que sus vecinos hac\u00eda a\u00f1os que no ten\u00edan noticias. <\/strong>Uno de los vecinos afirma que en el edificio pensaban que estar\u00eda viviendo en una residencia. \u00abNo lo vemos desde hace por lo menos quince a\u00f1os, pero como estaba al corriente de pago, no pens\u00e1bamos que estuviese muerto\u00bb, sostiene una de las vecinas. <strong>Todo apunta a que su fallecimiento fue por causas naturales.<\/strong><\/p>\n<p class=\"ft-text\">Antonio F. podr\u00eda llevar<strong> fallecido al menos quince a\u00f1os seg\u00fan relatan los vecinos. <\/strong>Otra vecina <strong>dice recordar un hedor provinente de la vivienda en el a\u00f1o 2014, hace once a\u00f1os, <\/strong>al que no dio m\u00e1s importancia, pero que podr\u00eda corresponderse con el cuerpo en descomposici\u00f3n. <strong>Ser\u00e1n los an\u00e1lisis pertinentes los que determinen la fecha de la defunci\u00f3n. <\/strong><\/p>\n<p class=\"ft-text\">Antonio F. ten\u00eda dos hijos con los que no ten\u00eda ninguna relaci\u00f3n -seg\u00fan fuentes vecinales los abandon\u00f3 cuando eran muy peque\u00f1os- y, al parecer, no ten\u00eda m\u00e1s familia conocida, por lo que nadie le ha echado en falta en estos a\u00f1os salvo los vecinos que, tal como han declarado a este peri\u00f3dico, pensaban que se hab\u00eda marchado a una residencia.<\/p>\n<p><img decoding=\"async\" src=\"https:\/\/www.europesays.com\/es\/wp-content\/uploads\/2025\/10\/bc01c47c-28c8-4fb2-b9b4-4f478d01c7d6_alta-libre-aspect-ratio_default_0.jpg\" width=\"1200\" height=\"900\" alt=\"Portal de la calle Luis Fenollet en el que se ha encontrado el cad\u00e1ver fallecido al menos once a\u00f1os\" class=\"ft-helper-img-rd\" loading=\"lazy\" hasdataaida=\"true\"\/><\/p>\n<p class=\"ft-helper-fontColor-quaternary ft-helper-fontSize-body-S ft-helper-spacer-t-xxs\">Portal de la calle Luis Fenollet en el que se ha encontrado el cad\u00e1ver fallecido al menos once a\u00f1os  \/ J.M. L\u00f3pez<\/p>\n<p>Al corriente de pago<\/p>\n<p class=\"ft-text\">El propietario del piso donde se ha encontrado el cuerpo lleg\u00f3 a acumular una <strong>deuda de 11.000 euros en pagos a la comunidad porque dej\u00f3 de satisfacer la cuota tras su muerte, algo que no se ha sabido hasta ahora. <\/strong>Tras varios requerimientos de estos pagos por parte del adminsitrador, y sin respuesta por parte de Antonio F., \u00e9ste le demand\u00f3 y, al no responder tampoco a tal demanda, un juzgado orden\u00f3 el embargo de sus cuentas.<strong> Por esa circunstancia, la comunidad cobr\u00f3 la deuda y sigui\u00f3 percibiendo las sucesivas cuotas, a pesar de que el due\u00f1o hab\u00eda fallecido. Lo mismo parece haber estado ocurrriendo con el resto de servicios como el agua y la luz. <\/strong>La pregunta ahora es por qu\u00e9 la Seguridad Social sigui\u00f3 pag\u00e1ndole la pensi\u00f3n, lo que permiti\u00f3 los pagos, a pesar de que el beneficiario no presentaba la fe de vida que se le requiere obligatoriamente una vez al a\u00f1o a cada pensionista.<\/p>\n","protected":false},"excerpt":{"rendered":"Las intensas lluvias que han ca\u00eddo estos d\u00edas en Val\u00e8ncia han destapado los restos \u00f3seos de un hombre&hellip;\n","protected":false},"author":2,"featured_media":170414,"comment_status":"","ping_status":"","sticky":false,"template":"","format":"standard","meta":{"footnotes":""},"categories":[5],"tags":[4343,17,18,4996,25,24,13,14,11,366,19,20,17899,6194,5555,9,10,15,16,16881,23,12,21,22,3096,3633],"class_list":{"0":"post-171441","1":"post","2":"type-post","3":"status-publish","4":"format-standard","5":"has-post-thumbnail","7":"category-titulares","8":"tag-bomberos","9":"tag-breaking-news","10":"tag-breakingnews","11":"tag-encuentran","12":"tag-es","13":"tag-espana","14":"tag-featured-news","15":"tag-featurednews","16":"tag-headlines","17":"tag-hombre","18":"tag-latest-news","19":"tag-latestnews","20":"tag-llevaba","21":"tag-lluvias","22":"tag-muerto","23":"tag-news","24":"tag-noticias","25":"tag-noticias-destacadas","26":"tag-noticiasdestacadas","27":"tag-restos","28":"tag-spain","29":"tag-titulares","30":"tag-ultimas-noticias","31":"tag-ultimasnoticias","32":"tag-vecinos","33":"tag-vivienda"},"share_on_mastodon":{"url":"","error":""},"_links":{"self":[{"href":"https:\/\/www.europesays.com\/es\/wp-json\/wp\/v2\/posts\/171441","targetHints":{"allow":["GET"]}}],"collection":[{"href":"https:\/\/www.europesays.com\/es\/wp-json\/wp\/v2\/posts"}],"about":[{"href":"https:\/\/www.europesays.com\/es\/wp-json\/wp\/v2\/types\/post"}],"author":[{"embeddable":true,"href":"https:\/\/www.europesays.com\/es\/wp-json\/wp\/v2\/users\/2"}],"replies":[{"embeddable":true,"href":"https:\/\/www.europesays.com\/es\/wp-json\/wp\/v2\/comments?post=171441"}],"version-history":[{"count":0,"href":"https:\/\/www.europesays.com\/es\/wp-json\/wp\/v2\/posts\/171441\/revisions"}],"wp:featuredmedia":[{"embeddable":true,"href":"https:\/\/www.europesays.com\/es\/wp-json\/wp\/v2\/media\/170414"}],"wp:attachment":[{"href":"https:\/\/www.europesays.com\/es\/wp-json\/wp\/v2\/media?parent=171441"}],"wp:term":[{"taxonomy":"category","embeddable":true,"href":"https:\/\/www.europesays.com\/es\/wp-json\/wp\/v2\/categories?post=171441"},{"taxonomy":"post_tag","embeddable":true,"href":"https:\/\/www.europesays.com\/es\/wp-json\/wp\/v2\/tags?post=171441"}],"curies":[{"name":"wp","href":"https:\/\/api.w.org\/{rel}","templated":true}]}}