{"id":171442,"date":"2025-10-12T09:38:07","date_gmt":"2025-10-12T09:38:07","guid":{"rendered":"https:\/\/www.europesays.com\/es\/171442\/"},"modified":"2025-10-12T09:38:07","modified_gmt":"2025-10-12T09:38:07","slug":"radu-afronta-hoy-un-examen-clave-en-la-porteria-de-rumania","status":"publish","type":"post","link":"https:\/\/www.europesays.com\/es\/171442\/","title":{"rendered":"Radu afronta hoy un examen clave en la porter\u00eda de Ruman\u00eda"},"content":{"rendered":"<p class=\"paragraph-atom &#10;        B-500-300-700-N B-550-300-700-N--md  \">Ionut Radu tiene hoy (20:45) una <strong>prueba de fuego<\/strong> para saber si puede asentarse en la porter\u00eda de su selecci\u00f3n, <a href=\"https:\/\/www.atlantico.net\/temas\/rumania\/\" rel=\"nofollow noopener\" target=\"_blank\">Ruman\u00eda<\/a>. El c\u00e9ltico fue titular el pasado viernes ante Moldavia pero se trataba de un encuentro amistoso y el de esta noche contra Austria no s\u00f3lo es oficial, sino que resulta clave para mantener abiertas las opciones de clasificaci\u00f3n para el pr\u00f3ximo Mundial. Los rumanos son terceros de su grupo con 7 puntos tras cinco encuentros y tiene <strong>por delante a Bosnia (13 con 6 duelos)<\/strong> y a la propia  Austria (15 con 5).<\/p>\n<p class=\"paragraph-atom &#10;        B-500-300-700-N B-550-300-700-N--md  \">En los \u00faltimos partidos oficiales, el portero elegido fue Horatio Moldovan, cedido por el Atl\u00e9tico de Madrid al Oviedo. Pero su ausencia total de minutos en la Liga han abierto una puerta a Radu, titular indiscutible en el Celta.<\/p>\n","protected":false},"excerpt":{"rendered":"Ionut Radu tiene hoy (20:45) una prueba de fuego para saber si puede asentarse en la porter\u00eda de&hellip;\n","protected":false},"author":2,"featured_media":171443,"comment_status":"","ping_status":"","sticky":false,"template":"","format":"standard","meta":{"footnotes":""},"categories":[278],"tags":[1399,376,12554,168,25,24,7109,375,315,49678,23,167],"class_list":{"0":"post-171442","1":"post","2":"type-post","3":"status-publish","4":"format-standard","5":"has-post-thumbnail","7":"category-balonmano","8":"tag-afronta","9":"tag-balonmano","10":"tag-clave","11":"tag-deportes","12":"tag-es","13":"tag-espana","14":"tag-examen","15":"tag-handball","16":"tag-hoy","17":"tag-radu","18":"tag-spain","19":"tag-sports"},"share_on_mastodon":{"url":"","error":""},"_links":{"self":[{"href":"https:\/\/www.europesays.com\/es\/wp-json\/wp\/v2\/posts\/171442","targetHints":{"allow":["GET"]}}],"collection":[{"href":"https:\/\/www.europesays.com\/es\/wp-json\/wp\/v2\/posts"}],"about":[{"href":"https:\/\/www.europesays.com\/es\/wp-json\/wp\/v2\/types\/post"}],"author":[{"embeddable":true,"href":"https:\/\/www.europesays.com\/es\/wp-json\/wp\/v2\/users\/2"}],"replies":[{"embeddable":true,"href":"https:\/\/www.europesays.com\/es\/wp-json\/wp\/v2\/comments?post=171442"}],"version-history":[{"count":0,"href":"https:\/\/www.europesays.com\/es\/wp-json\/wp\/v2\/posts\/171442\/revisions"}],"wp:featuredmedia":[{"embeddable":true,"href":"https:\/\/www.europesays.com\/es\/wp-json\/wp\/v2\/media\/171443"}],"wp:attachment":[{"href":"https:\/\/www.europesays.com\/es\/wp-json\/wp\/v2\/media?parent=171442"}],"wp:term":[{"taxonomy":"category","embeddable":true,"href":"https:\/\/www.europesays.com\/es\/wp-json\/wp\/v2\/categories?post=171442"},{"taxonomy":"post_tag","embeddable":true,"href":"https:\/\/www.europesays.com\/es\/wp-json\/wp\/v2\/tags?post=171442"}],"curies":[{"name":"wp","href":"https:\/\/api.w.org\/{rel}","templated":true}]}}