{"id":171444,"date":"2025-10-12T09:39:10","date_gmt":"2025-10-12T09:39:10","guid":{"rendered":"https:\/\/www.europesays.com\/es\/171444\/"},"modified":"2025-10-12T09:39:10","modified_gmt":"2025-10-12T09:39:10","slug":"una-sustitucion-sorpresa-en-un-coso-de-primera","status":"publish","type":"post","link":"https:\/\/www.europesays.com\/es\/171444\/","title":{"rendered":"Una sustituci\u00f3n sorpresa en un coso de primera"},"content":{"rendered":"<p><a class=\"v-mdl-ath__fig-a\" href=\"https:\/\/www.lagacetadesalamanca.es\/autor\/javier-lorenzo-5975.html\" title=\"Javier Lorenzo\" rel=\"nofollow noopener\" target=\"_blank\"><br \/>\n<img decoding=\"async\" class=\"v-mdl-ath__img\" src=\"https:\/\/www.europesays.com\/es\/wp-content\/uploads\/2025\/09\/1757748131_340_autor-5975-foto-1.png\" alt=\"Javier Lorenzo\"\/><br \/>\n<\/a><\/p>\n<p class=\"v-mdl-ath__p v-mdl-ath__p--6\">\nDomingo, 12 de octubre 2025, 10:22<\/p>\n<p>| Actualizado 11:38h.<\/p>\n<p class=\"v-p\">Ismael Mart\u00edn sustituir\u00e1 esta tarde a Rom\u00e1n en la plaza de toros de La Misericordia, en el \u00faltimo festejo a pie de la Feria del Pilar que se cierra ma\u00f1ana con un festejo de rejones. As\u00ed el diestro salmantino har\u00e1 el pase\u00edllo junto al veterano torero local Alberto \u00c1lvarez y el manchego Jos\u00e9 Fernando Molina, que lidiar\u00e1n una imponente corrida de toros de Gavira, que a su vez sustituye al encierro anunciado de El Pincha. <\/p>\n<p class=\"v-p\">Rom\u00e1n, que ayer en Las Ventas a punto estuvo de abrir la puerta grande tras cortar una oreja a un toro de Victorino Mart\u00edn, ha presentado un parte m\u00e9dico justificando su ausencia en Zaragoza por una reca\u00edda de la fractura del hombro que sufri\u00f3 a principios de septiembre en Santo\u00f1a. <\/p>\n<p class=\"v-p\">De esta manera, Ismael Mart\u00edn que hab\u00eda cerrado su temporada de luces con las dos puertas grandes consecutivas en la pasada Feria de Salamanca, volver\u00e1 a enfundarse esta tarde el traje de torear, no de luces si no goyesco, porque ese car\u00e1cter tiene la corrida de esta tarde (17:30 horas) en Zaragoza, asumiendo as\u00ed la segunda corrida de toros en una plaza de primera categor\u00eda de esta temporada como es La Misericordia, donde har\u00e1 su presentaci\u00f3n como matador de toros, despu\u00e9s de confirmar su alternativa el pasado 6 de junio en la Feria despu\u00e9s San Isidro de Madrid.<\/p>\n<p>Reporta un error<\/p>\n","protected":false},"excerpt":{"rendered":"Domingo, 12 de octubre 2025, 10:22 | Actualizado 11:38h. Ismael Mart\u00edn sustituir\u00e1 esta tarde a Rom\u00e1n en la&hellip;\n","protected":false},"author":2,"featured_media":171445,"comment_status":"","ping_status":"","sticky":false,"template":"","format":"standard","meta":{"footnotes":""},"categories":[277],"tags":[373,8992,168,25,24,1078,5785,23,167,33722,374],"class_list":{"0":"post-171444","1":"post","2":"type-post","3":"status-publish","4":"format-standard","5":"has-post-thumbnail","7":"category-toreo","8":"tag-bullfighting","9":"tag-coso","10":"tag-deportes","11":"tag-es","12":"tag-espana","13":"tag-primera","14":"tag-sorpresa","15":"tag-spain","16":"tag-sports","17":"tag-sustitucion","18":"tag-toreo"},"share_on_mastodon":{"url":"","error":""},"_links":{"self":[{"href":"https:\/\/www.europesays.com\/es\/wp-json\/wp\/v2\/posts\/171444","targetHints":{"allow":["GET"]}}],"collection":[{"href":"https:\/\/www.europesays.com\/es\/wp-json\/wp\/v2\/posts"}],"about":[{"href":"https:\/\/www.europesays.com\/es\/wp-json\/wp\/v2\/types\/post"}],"author":[{"embeddable":true,"href":"https:\/\/www.europesays.com\/es\/wp-json\/wp\/v2\/users\/2"}],"replies":[{"embeddable":true,"href":"https:\/\/www.europesays.com\/es\/wp-json\/wp\/v2\/comments?post=171444"}],"version-history":[{"count":0,"href":"https:\/\/www.europesays.com\/es\/wp-json\/wp\/v2\/posts\/171444\/revisions"}],"wp:featuredmedia":[{"embeddable":true,"href":"https:\/\/www.europesays.com\/es\/wp-json\/wp\/v2\/media\/171445"}],"wp:attachment":[{"href":"https:\/\/www.europesays.com\/es\/wp-json\/wp\/v2\/media?parent=171444"}],"wp:term":[{"taxonomy":"category","embeddable":true,"href":"https:\/\/www.europesays.com\/es\/wp-json\/wp\/v2\/categories?post=171444"},{"taxonomy":"post_tag","embeddable":true,"href":"https:\/\/www.europesays.com\/es\/wp-json\/wp\/v2\/tags?post=171444"}],"curies":[{"name":"wp","href":"https:\/\/api.w.org\/{rel}","templated":true}]}}