{"id":171446,"date":"2025-10-12T09:42:18","date_gmt":"2025-10-12T09:42:18","guid":{"rendered":"https:\/\/www.europesays.com\/es\/171446\/"},"modified":"2025-10-12T09:42:18","modified_gmt":"2025-10-12T09:42:18","slug":"preocupante-derrota-ante-un-rival-directo","status":"publish","type":"post","link":"https:\/\/www.europesays.com\/es\/171446\/","title":{"rendered":"preocupante derrota ante un rival directo"},"content":{"rendered":"<p>\n        El <strong>ATP Tudelano se fue de vac\u00edo de C\u00f3rdoba<\/strong> antes del par\u00f3n liguero. Los de Dani Iba\u00f1es, que siguen sin ganar, siempre fueron a remolque de un rival mucho m\u00e1s acertado. El partido enfrentaba a dos rivales directos en la zona baja, un duelo de necesitados. Los navarros se mostraron algo m\u00e1s agresivos y <strong>en dos minutos de juego acumularon hasta tres faltas<\/strong>. A los 4 minutos, Fabio Alvira estuvo muy acertado a disparo de Terry, y la r\u00e9plica local lleg\u00f3 en el minuto 6 cuando Titi del Rey puso a prueba a Paulo, que despej\u00f3 con los pies. En su segunda opci\u00f3n, los verdiblancos no fallaron: asistencia de Montero a Carlos G\u00f3mez y 1-0.\n<\/p>\n<p class=\"article-body__text \">\n        Iba\u00f1es recurri\u00f3 a un tiempo muerto para reordenar a su equipo, que acus\u00f3 mucho el tanto recibido. No fue suficiente porque Ezequiel Montero estuvo muy cerca de hacer el segundo tras una buena acci\u00f3n individual.\n<\/p>\n<p class=\"article-body__text \">\n        En el minuto 18, el C\u00f3rdoba ampli\u00f3 diferencias: Nico, tras un gran movimiento del p\u00edvot, puso el 2-0. Marcador con el que se llegar\u00eda al final de los primeros veinte minutos.\n<\/p>\n<p class=\"article-body__text \">\n        Tras el paso por los vestuarios, el Ribera Navarra dej\u00f3 escapar varias buenas opciones para meterse de nuevo en el partido, porque Fabio Alvira continu\u00f3 con sus paradas.\n<\/p>\n<p class=\"article-body__text \">\n        En el minuto 29, el Ribera Navarra empez\u00f3 a atacar de cinco. No fue productivo ya que en el minuto 34, Carlos G\u00f3mez hizo el doblete en una jugada r\u00e1pida de contragolpe y gran definici\u00f3n con la zurda del toledano. Respondi\u00f3 r\u00e1pidamente el Ribera Navarra, y Pablo Otero acort\u00f3 distancias y daba aire a los de naranja con un lanzamiento de larga distancia. Pero a dos minutos para la conclusi\u00f3n, Murilo daba la tranquilidad definitiva con el 4-1 final.\n<\/p>\n<p class=\"article-body__text \">\n        <strong>C\u00f3rdoba\t4<\/strong>\n<\/p>\n<p class=\"article-body__text \">\n        <strong>ATP Tudelano\t1<\/strong>\n<\/p>\n<p class=\"article-body__text \">\n        C\u00d3RDOBA Fabio Alvira; B\u00e1ez, Ezequiel Montero, Aranda y Carlos G\u00f3mez. Tambi\u00e9n jugaron Hugo Exp\u00f3sito, Pescio, Nico, Enzo Baez, Nacho G\u00f3mez, Agust\u00edn del Rey, Murilo y Manu Tejada.\n<\/p>\n<p class=\"article-body__text \">\n        ATP TUDELANO RIBERA NAVARRA Paulo; Mykytiuk, Joao, Chino y Malaguti. Tambi\u00e9n jugaron David Garcc\u00eda, Sergi Sierra, Alberto Lahuerta, Terry, pablo Otero, \u00c9ric P\u00e9rez y Fabio J\u00fanior.\n<\/p>\n<p class=\"article-body__text \">\n        Goles 1-0 m.9: Carlos G\u00f3mez. 2-0 m.18: Nico. 3-0 m.34: Carlos G\u00f3mez. 3-1 m.35: Pablo Otero. 4-1 m.39: Murilo.\n<\/p>\n<p class=\"article-body__text \">\n        \u00c1rbitros Panadero D\u00edaz y H\u00e9ctor Mayo. Amarillas a los visitantes Terry, Chino y Myko.\n<\/p>\n<p class=\"article-body__text \">\n        Pabell\u00f3n Municipal de Deportes Vista Alegre. Unos 2.000 espectadores.\n<\/p>\n<p>  Dani Iba\u00f1es: \u201cTodav\u00eda no somos un equipo\u201d<\/p>\n<p class=\"article-body__text \">\n        El t\u00e9cnico Dani Iba\u00f1es dijo en rueda de prensa: \u201cEl partido ha sido disputado, pero cuando regalas acabas pag\u00e1ndolo. El primer y el segundo gol han sido regalos. Adem\u00e1s, nos han pasado por encima en el tema de ganas, de actitud y de voluntad de querer ganar. Ellos han estado mejor, pero considero que ha sido un partido igualado si quitamos los errores que hemos cometido&#8230; El par\u00f3n nos ir\u00e1 bien. Tenemos que cambiar el chip y meternos en la cabeza que somos un equipo peque\u00f1o, y a partir de ah\u00ed intentar hacernos grandes&#8230; Posiblemente lo que nos sucede es un tema de cabeza, tenemos nombres pero todav\u00eda no somos un equipo\u201d.<\/p>\n","protected":false},"excerpt":{"rendered":"El ATP Tudelano se fue de vac\u00edo de C\u00f3rdoba antes del par\u00f3n liguero. Los de Dani Iba\u00f1es, que&hellip;\n","protected":false},"author":2,"featured_media":171447,"comment_status":"","ping_status":"","sticky":false,"template":"","format":"standard","meta":{"footnotes":""},"categories":[274],"tags":[1691,168,2244,25,24,24784,6260,23,167,327,326,16026],"class_list":{"0":"post-171446","1":"post","2":"type-post","3":"status-publish","4":"format-standard","5":"has-post-thumbnail","7":"category-tenis","8":"tag-atp","9":"tag-deportes","10":"tag-derrota","11":"tag-es","12":"tag-espana","13":"tag-preocupante","14":"tag-rival","15":"tag-spain","16":"tag-sports","17":"tag-tenis","18":"tag-tennis","19":"tag-tudelano"},"share_on_mastodon":{"url":"","error":""},"_links":{"self":[{"href":"https:\/\/www.europesays.com\/es\/wp-json\/wp\/v2\/posts\/171446","targetHints":{"allow":["GET"]}}],"collection":[{"href":"https:\/\/www.europesays.com\/es\/wp-json\/wp\/v2\/posts"}],"about":[{"href":"https:\/\/www.europesays.com\/es\/wp-json\/wp\/v2\/types\/post"}],"author":[{"embeddable":true,"href":"https:\/\/www.europesays.com\/es\/wp-json\/wp\/v2\/users\/2"}],"replies":[{"embeddable":true,"href":"https:\/\/www.europesays.com\/es\/wp-json\/wp\/v2\/comments?post=171446"}],"version-history":[{"count":0,"href":"https:\/\/www.europesays.com\/es\/wp-json\/wp\/v2\/posts\/171446\/revisions"}],"wp:featuredmedia":[{"embeddable":true,"href":"https:\/\/www.europesays.com\/es\/wp-json\/wp\/v2\/media\/171447"}],"wp:attachment":[{"href":"https:\/\/www.europesays.com\/es\/wp-json\/wp\/v2\/media?parent=171446"}],"wp:term":[{"taxonomy":"category","embeddable":true,"href":"https:\/\/www.europesays.com\/es\/wp-json\/wp\/v2\/categories?post=171446"},{"taxonomy":"post_tag","embeddable":true,"href":"https:\/\/www.europesays.com\/es\/wp-json\/wp\/v2\/tags?post=171446"}],"curies":[{"name":"wp","href":"https:\/\/api.w.org\/{rel}","templated":true}]}}