{"id":171456,"date":"2025-10-12T09:47:08","date_gmt":"2025-10-12T09:47:08","guid":{"rendered":"https:\/\/www.europesays.com\/es\/171456\/"},"modified":"2025-10-12T09:47:08","modified_gmt":"2025-10-12T09:47:08","slug":"las-camaras-captan-lo-que-ha-hecho-la-infanta-sofia-justo-despues-de-que-sonase-el-himno-de-espana","status":"publish","type":"post","link":"https:\/\/www.europesays.com\/es\/171456\/","title":{"rendered":"Las c\u00e1maras captan lo que ha hecho la infanta Sof\u00eda justo despu\u00e9s de que sonase el himno de Espa\u00f1a"},"content":{"rendered":"<p>Como cada a\u00f1o, las m\u00e1ximas autoridades del Estado se han reunido en el desfile del 12 de octubre. La familia real al completo \u2014Felipe VI, Letizia y sus dos hijas, la princesa Leonor y la infanta Sof\u00eda\u2014 <a href=\"https:\/\/www.huffingtonpost.es\/virales\/pedro-sanchez-felicita-12-octubre-pablo-iglesias-le-chirria-detalle-aparece.html\" rel=\"nofollow noopener\" target=\"_blank\">ha escuchado con atenci\u00f3n el himno de Espa\u00f1a<\/a> y han saludado a los pol\u00edticos presentes.\u00a0<\/p>\n<p><a href=\"https:\/\/www.huffingtonpost.es\/virales\/gabriel-rufian-tarda-10-minutos-poner-tuit-mas-comentado-12-octubrenade-palo-sideral.html\" rel=\"nofollow noopener\" target=\"_blank\">Ha sido S\u00e1nchez la primera autoridad en llegar <\/a>y en saludar de forma cordial tanto a Isabel D\u00edaz Ayuso como a Jos\u00e9 Luis Mart\u00ednez-Almeida. Despu\u00e9s han llegado los reyes con sus hijas y han formado para pasar revista.\u00a0<\/p>\n<p>Desde hace unos a\u00f1os, Pedro S\u00e1nchez es insultado en los desfiles y en la se\u00f1al institucional de Casa Real se ha escuchado c\u00f3mo <b>hab\u00eda pitos al presidente y alg\u00fan que otro \u00abhijo de puta\u00bb.\u00a0<\/b><\/p>\n<p>En otra escena, las c\u00e1maras han captado la cara de emoci\u00f3n y de sorpresa <a href=\"https:\/\/www.huffingtonpost.es\/life\/influencers-celebrities\/la-infanta-sofia-cumple-acuerdo-alcanzo-reyes-felipe-letizia-estudiar-fuera-espana.html\" rel=\"nofollow noopener\" target=\"_blank\">de la infanta Sof\u00eda<\/a>, siempre tan expresiva y simp\u00e1tica en todo tipo de eventos.\u00a0<\/p>\n<p>Por fin juntos<\/p>\n<p>Con la presencia de la menor de las hijas de los reyes, la familia real vuelve a estar completa, sin contar a la reina Sof\u00eda, por primera vez un 12 de octubre desde 2020.<\/p>\n<p>Ese a\u00f1o, marcado por la pandemia, fue la \u00faltima vez en la que se pudo ver siguiendo el desfile militar en la tribuna real a los reyes y sus dos hijas. <b>En 2021 y 2022 fall\u00f3 Leonor al estar en Gales<\/b> y en 2023 y 2024 fue Sof\u00eda la que no estuvo por encontrarse en ese mismo lugar.<\/p>\n<p>Ahora, la novedad es el regreso de la infanta Sof\u00eda y tambi\u00e9n su estreno en la recepci\u00f3n palaciega. En su caso, al contrario que su hermana, no hay uniforme militar, as\u00ed que, como la reina Letizia, ha ido &#8216;de calle&#8217;, concretamente con un vestido de lunares y una especie de capa negra para el fr\u00edo.\u00a0<\/p>\n","protected":false},"excerpt":{"rendered":"Como cada a\u00f1o, las m\u00e1ximas autoridades del Estado se han reunido en el desfile del 12 de octubre.&hellip;\n","protected":false},"author":2,"featured_media":171457,"comment_status":"","ping_status":"","sticky":false,"template":"","format":"standard","meta":{"footnotes":""},"categories":[174],"tags":[255,49346,146,147,25,24,256,1026,23],"class_list":{"0":"post-171456","1":"post","2":"type-post","3":"status-publish","4":"format-standard","5":"has-post-thumbnail","7":"category-famosos","8":"tag-celebrities","9":"tag-desfile-12-octubre","10":"tag-entertainment","11":"tag-entretenimiento","12":"tag-es","13":"tag-espana","14":"tag-famosos","15":"tag-infanta-sofia","16":"tag-spain"},"share_on_mastodon":{"url":"","error":""},"_links":{"self":[{"href":"https:\/\/www.europesays.com\/es\/wp-json\/wp\/v2\/posts\/171456","targetHints":{"allow":["GET"]}}],"collection":[{"href":"https:\/\/www.europesays.com\/es\/wp-json\/wp\/v2\/posts"}],"about":[{"href":"https:\/\/www.europesays.com\/es\/wp-json\/wp\/v2\/types\/post"}],"author":[{"embeddable":true,"href":"https:\/\/www.europesays.com\/es\/wp-json\/wp\/v2\/users\/2"}],"replies":[{"embeddable":true,"href":"https:\/\/www.europesays.com\/es\/wp-json\/wp\/v2\/comments?post=171456"}],"version-history":[{"count":0,"href":"https:\/\/www.europesays.com\/es\/wp-json\/wp\/v2\/posts\/171456\/revisions"}],"wp:featuredmedia":[{"embeddable":true,"href":"https:\/\/www.europesays.com\/es\/wp-json\/wp\/v2\/media\/171457"}],"wp:attachment":[{"href":"https:\/\/www.europesays.com\/es\/wp-json\/wp\/v2\/media?parent=171456"}],"wp:term":[{"taxonomy":"category","embeddable":true,"href":"https:\/\/www.europesays.com\/es\/wp-json\/wp\/v2\/categories?post=171456"},{"taxonomy":"post_tag","embeddable":true,"href":"https:\/\/www.europesays.com\/es\/wp-json\/wp\/v2\/tags?post=171456"}],"curies":[{"name":"wp","href":"https:\/\/api.w.org\/{rel}","templated":true}]}}