{"id":171460,"date":"2025-10-12T09:50:12","date_gmt":"2025-10-12T09:50:12","guid":{"rendered":"https:\/\/www.europesays.com\/es\/171460\/"},"modified":"2025-10-12T09:50:12","modified_gmt":"2025-10-12T09:50:12","slug":"una-desaparicion-y-una-muerte","status":"publish","type":"post","link":"https:\/\/www.europesays.com\/es\/171460\/","title":{"rendered":"Una desaparici\u00f3n y una muerte"},"content":{"rendered":"<p data-journey-content=\"true\" data-node-id=\"3\" class=\"css-6wxqfj emevuu60\">Anteriormente en &#8216;<a href=\"https:\/\/www.diezminutos.es\/renacer-serie-turca\/\" target=\"_blank\" data-vars-ga-outbound-link=\"https:\/\/www.diezminutos.es\/renacer-serie-turca\/\" data-vars-ga-ux-element=\"Hyperlink\" data-vars-ga-call-to-action=\"Renacer\" data-node-id=\"3.1\" class=\"body-link css-177bzfx emevuu60\" rel=\"nofollow noopener\">Renacer<\/a>&#8216;, <strong data-node-id=\"3.3\">cuando Bahar cree que no puede recibir m\u00e1s golpes, llega otro<\/strong>. Umay, agotada de sentirse incomprendida, toma una decisi\u00f3n radical: abandona la casa sin decir palabra. Antes de partir, deja una carta, escrita con tinta de tristeza y deseo de libertad. En ella, una frase resuena como un eco: \u00abAdi\u00f3s a todos\u00bb. As\u00ed, el silencio se instala, y <a href=\"https:\/\/www.diezminutos.es\/telenovela\/turcas\/a68808143\/renacer-capitulo-46-avance-del-martes-7-de-octubre-serie-turca-antena-3\/\" target=\"_blank\" data-vars-ga-outbound-link=\"https:\/\/www.diezminutos.es\/telenovela\/turcas\/a68808143\/renacer-capitulo-46-avance-del-martes-7-de-octubre-serie-turca-antena-3\/\" data-vars-ga-ux-element=\"Hyperlink\" data-vars-ga-call-to-action=\"la historia contin\u00faa su curso, marcada por despedidas\" data-node-id=\"3.5\" class=\"body-link css-177bzfx emevuu60\" rel=\"nofollow noopener\">la historia contin\u00faa su curso, marcada por despedidas<\/a>, revelaciones y la eterna b\u00fasqueda de consuelo.<\/p>\n<p><img draggable=\"true\" alt=\"evren y bahar en 'renacer'\" title=\"Evren y Bahar en 'Renacer'\" loading=\"lazy\" width=\"5334\" height=\"3000\" decoding=\"async\" data-nimg=\"1\" style=\"color:transparent;width:100%;height:auto;\"   src=\"https:\/\/www.europesays.com\/es\/wp-content\/uploads\/2025\/10\/renacer-evren-y-bahar-68dbc80a04ad0.jpg\" class=\"css-0 e1g79fud0\"\/><\/p>\n<p>Atresmedia<\/p>\n<p data-journey-content=\"true\" data-node-id=\"7\" class=\"css-6wxqfj emevuu60\">Esta semana en &#8216;Renacer&#8217;, la repentina desaparici\u00f3n de Umay sacude a Bahar y sumerge a toda la familia en una espiral de angustia. La joven no deja m\u00e1s que una carta escrita con tono desesperado, lo que incrementa la preocupaci\u00f3n de sus seres queridos. La incertidumbre sobre su paradero y el temor de que algo terrible ya le haya ocurrido hacen que todos se movilicen sin descanso. Parla, afectada, <strong data-node-id=\"7.1\">confiesa que Umay la sigui\u00f3<\/strong> esa misma ma\u00f1ana, convencida de que iba a encontrarse con Cem.<\/p>\n<p>Evren y Naz contin\u00faan acerc\u00e1ndose en &#8216;Renacer&#8217;<\/p>\n<p data-journey-content=\"true\" data-node-id=\"10\" class=\"css-6wxqfj emevuu60\">La familia, decidida a encontrar a Umay, comienza a rastrear los movimientos de su tarjeta de cr\u00e9dito, con la esperanza de que alguna transacci\u00f3n s\u00ed revele pistas sobre su ubicaci\u00f3n. Mientras tanto, <strong data-node-id=\"10.1\">Parla se siente muy culpable<\/strong>. Asegura que su encuentro con Cem no ten\u00eda otro prop\u00f3sito que el de intentar mediar entre \u00e9l y Umay, buscando una reconciliaci\u00f3n que ahora parece m\u00e1s lejana que nunca.<\/p>\n<p data-journey-content=\"true\" data-node-id=\"14\" class=\"css-6wxqfj emevuu60\">Y Evren y Naz contin\u00faan acerc\u00e1ndose. Naz se siente cada vez m\u00e1s c\u00f3moda en su presencia, y decide abrirle su coraz\u00f3n. Con sinceridad y sin presiones, le confiesa que siente algo por \u00e9l, pero que no quiere que eso lo agobie. Y mientras la b\u00fasqueda de Umay contin\u00faa, una joven con el rostro irreconocible es ingresada en el hospital. Las lesiones son tan graves que nadie puede confirmar su identidad. <strong data-node-id=\"14.1\">La paciente fallece en quir\u00f3fano<\/strong>, y Bahar, con el coraz\u00f3n en un pu\u00f1o, se acerca a identificar el cuerpo. Al comprobar que la joven no tiene la cicatriz en el brazo que distingue a Umay, respira aliviada: no es ella. La situaci\u00f3n de Bahar y Timur es cr\u00edtica. Ambos est\u00e1n al borde del colapso por la falta de noticias sobre su hija.<\/p>\n<p>Bahar le pide otra oportunidad a Evren en &#8216;Renacer&#8217;<img draggable=\"true\" alt=\"renacer\" title=\"Renacer\" loading=\"lazy\" width=\"1524\" height=\"1016\" decoding=\"async\" data-nimg=\"1\" style=\"color:transparent;width:100%;height:auto;\"   src=\"https:\/\/www.europesays.com\/es\/wp-content\/uploads\/2025\/10\/renacer-67acb6a66aaad.jpg\" class=\"css-0 e1g79fud0\"\/><\/p>\n<p>Productora<\/p>\n<p data-journey-content=\"true\" data-node-id=\"18\" class=\"css-6wxqfj emevuu60\">Muy lejos de casa, Umay, en plena huida, se encuentra con un joven que le hace reflexionar sobre sus decisiones. Sus palabras calan hondo, y Umay, conmovida, decide regresar a casa. Su vuelta es inesperada, pero trae consigo nuevas tensiones. La joven se niega a hablar con Parla y solo comparte tiempo con su madre, que la consiente mucho. Finalmente, <strong data-node-id=\"18.1\">se produce el esperado cara a cara entre Bahar y Evren<\/strong>. Ella se presenta en su apartamento y le pide una segunda oportunidad, justo en el momento en que Naz tambi\u00e9n est\u00e1 all\u00ed.<\/p>\n<p><img src=\"https:\/\/www.europesays.com\/es\/wp-content\/uploads\/2025\/10\/1760262612_525_43af9b8f-983e-4e74-8e74-9a7479b0966b_1681831601.file\" alt=\"Headshot of Pilar Mart\u00ednez\" title=\"Headshot of Pilar Mart\u00ednez\" width=\"100%\" height=\"100%\" decoding=\"async\" loading=\"lazy\" class=\"css-o0wq4v ev8dhu53\"\/><\/p>\n<p>Pilar Mart\u00ednez es periodista especializada en contenidos de televisi\u00f3n y cultura, se gradu\u00f3 en la carrera en Periodismo en la Facultad de Ciencias de la Informaci\u00f3n (Universidad Complutense de Madrid) en el a\u00f1o 2018. Desde entonces ha pasado por las redacciones de Ecoteuve (El Economista), donde realiz\u00f3 sus primeras pr\u00e1cticas durante el verano del 2016.<\/p>\n<p>Posteriormente, concretamente, en el a\u00f1o 2017 se pas\u00f3 al grupo Hearst Espa\u00f1a, donde comenz\u00f3 su andadura en las revistas de televisi\u00f3n: Supertele, Teleprograma, Telenovela. Ahora colabora con Diez Minutos, en su versi\u00f3n web, donde se encarga de realizar los avances semanales de las ficciones diarias de moda, as\u00ed como entrevistas y art\u00edculos sobre los melodramas o telenovelas que aterrizan en nuestro pa\u00eds y aquellos que est\u00e1n por venir.<\/p>\n<p>Toda una cazadora de exclusivas. A esto, se suma su puesto como redactora jefe de la secci\u00f3n de novela narrativa en la revista Culturamas, medio digital de alto impacto al que lleva unida desde el a\u00f1o 2013. \u00c1vida lectora, cin\u00e9fila y seri\u00e9fila de primer nivel, ha hecho de su vocaci\u00f3n su oficio. \u00a0<\/p>\n","protected":false},"excerpt":{"rendered":"Anteriormente en &#8216;Renacer&#8216;, cuando Bahar cree que no puede recibir m\u00e1s golpes, llega otro. Umay, agotada de sentirse&hellip;\n","protected":false},"author":2,"featured_media":171461,"comment_status":"","ping_status":"","sticky":false,"template":"","format":"standard","meta":{"footnotes":""},"categories":[171],"tags":[253,146,147,25,24,23,214],"class_list":{"0":"post-171460","1":"post","2":"type-post","3":"status-publish","4":"format-standard","5":"has-post-thumbnail","7":"category-tv","8":"tag-discover","9":"tag-entertainment","10":"tag-entretenimiento","11":"tag-es","12":"tag-espana","13":"tag-spain","14":"tag-tv"},"share_on_mastodon":{"url":"","error":""},"_links":{"self":[{"href":"https:\/\/www.europesays.com\/es\/wp-json\/wp\/v2\/posts\/171460","targetHints":{"allow":["GET"]}}],"collection":[{"href":"https:\/\/www.europesays.com\/es\/wp-json\/wp\/v2\/posts"}],"about":[{"href":"https:\/\/www.europesays.com\/es\/wp-json\/wp\/v2\/types\/post"}],"author":[{"embeddable":true,"href":"https:\/\/www.europesays.com\/es\/wp-json\/wp\/v2\/users\/2"}],"replies":[{"embeddable":true,"href":"https:\/\/www.europesays.com\/es\/wp-json\/wp\/v2\/comments?post=171460"}],"version-history":[{"count":0,"href":"https:\/\/www.europesays.com\/es\/wp-json\/wp\/v2\/posts\/171460\/revisions"}],"wp:featuredmedia":[{"embeddable":true,"href":"https:\/\/www.europesays.com\/es\/wp-json\/wp\/v2\/media\/171461"}],"wp:attachment":[{"href":"https:\/\/www.europesays.com\/es\/wp-json\/wp\/v2\/media?parent=171460"}],"wp:term":[{"taxonomy":"category","embeddable":true,"href":"https:\/\/www.europesays.com\/es\/wp-json\/wp\/v2\/categories?post=171460"},{"taxonomy":"post_tag","embeddable":true,"href":"https:\/\/www.europesays.com\/es\/wp-json\/wp\/v2\/tags?post=171460"}],"curies":[{"name":"wp","href":"https:\/\/api.w.org\/{rel}","templated":true}]}}