{"id":171470,"date":"2025-10-12T09:55:12","date_gmt":"2025-10-12T09:55:12","guid":{"rendered":"https:\/\/www.europesays.com\/es\/171470\/"},"modified":"2025-10-12T09:55:12","modified_gmt":"2025-10-12T09:55:12","slug":"la-reina-letizia-apuesta-por-un-vestido-de-tweed-verde-para-asistir-al-desfile-de-las-fuerzas-armadas","status":"publish","type":"post","link":"https:\/\/www.europesays.com\/es\/171470\/","title":{"rendered":"La Reina Letizia apuesta por un vestido de tweed verde para asistir al desfile de las Fuerzas Armadas"},"content":{"rendered":"<p>12\/10\/2025<br \/>\n<br \/><strong><br \/>\nActualizado a las 11:53h.<br \/>\n<\/strong><\/p>\n<p class=\"voc-p\" style=\"\">El 12 de octubre, <a href=\"https:\/\/www.abc.es\/espana\/octubre-marcado-expectacion-ver-familia-real-tension-20251012114654-nt.html\" target=\"_self\" data-voc-vtm-id=\"in-text-traffic\" title=\"D\u00eda de la Hispanidad\" data-mrf-link=\"www.abc.es\" rel=\"nofollow noopener\">D\u00eda de la Hispanidad<\/a>, es un d\u00eda se\u00f1alado en la agenda de la Casa Real. Los Reyes de Espa\u00f1a presiden desde hace a\u00f1os el <strong>desfile de las Fuerzas Armadas<\/strong>, en muchas ocasiones acompa\u00f1ados de sus hijas, la Princesa Leonor  &#8230; y la Infanta Sof\u00eda que este 202, vuelve a acompa\u00f1ar a su familia tras su ausencia debida a los estudios de 2024. Como todos los a\u00f1os, el estilismo de la <a href=\"https:\/\/www.abc.es\/estilo\/moda\/vestidos-reina-letizia-llevado-dia-hispanidad-20251010162238-ga.html\" target=\"_self\" data-voc-vtm-id=\"in-text-traffic\" title=\"Reina Letizia\" data-mrf-link=\"www.abc.es\" rel=\"nofollow noopener\">Reina Letizia<\/a> se convierte en el centro de todas las miradas. En este d\u00eda tan especial, que culmina con la recepci\u00f3n de Sus Majestades a las autoridades en el <strong>Palacio Real de Madrid<\/strong>, Do\u00f1a Letizia suele apostar especialmente por marcas espa\u00f1olas, como gran embajadora de la industria nacional. Durante a\u00f1os, <strong>Felipe Varela<\/strong> fue su dise\u00f1ador de cabecera, pero en ocasiones m\u00e1s recientes ha abierto el abanico, apostando por otras <strong>firmas &#8216;made in Spain&#8217;<\/strong> como Juan Vidal en el desfile de 2023, Vogana en 2022 o Mar\u00eda Barrag\u00e1n en 2021.<\/p>\n<p><img decoding=\"async\" loading=\"lazy\" src=\"https:\/\/www.europesays.com\/es\/wp-content\/uploads\/2025\/10\/letizia-apertura-U50635247842oUK-760x427@diario_abc.jpg\" class=\"voc-img\" width=\"760\" height=\"427\" alt=\"Los Reyes y sus hijas en el desfile de las Fuerzas Armadas\" data-voc-vtm-id=\"in-text-traffic\"\/><\/p>\n<p>Los Reyes y sus hijas en el desfile de las Fuerzas Armadas<\/p>\n<p>EFE<\/p>\n<p class=\"voc-p\" style=\"\">Hoy, Madrid ha amanecido nuboso y con el aire oto\u00f1al que de esta \u00e9poca del a\u00f1o.  <strong>Do\u00f1a Letizia<\/strong> ha vuelto a dar una lecci\u00f3n de estilo, en esta ocasi\u00f3n con un vestido de color verde, un tono al que no suele recurrir con frecuencia pero cuyo dise\u00f1o se convierte en una opci\u00f3n acertada para un d\u00eda como el de hoy. Un <strong>vestido sencillo con cuerpo ce\u00f1ido<\/strong>, manga francesa y falda de vuelo que ha enfatizado con un peque\u00f1o cintur\u00f3n negro a juego con sus zapatos, unos<strong> salones destalonados<\/strong> con tac\u00f3n sensato. <\/p>\n<p><img decoding=\"async\" loading=\"lazy\" src=\"https:\/\/www.europesays.com\/es\/wp-content\/uploads\/2025\/10\/letizia-1-U41603824540hYg-758x470@diario_abc.jpg\" class=\"voc-d-c-combo-3__img\" width=\"758\" height=\"470\" alt=\"Imagen principal - Destalles del estilismo escogido por la Reina Letizia para asistir al desfile de las Fuerzas Armadas\"\/><\/p>\n<p><img decoding=\"async\" loading=\"lazy\" src=\"https:\/\/www.europesays.com\/es\/wp-content\/uploads\/2025\/10\/letizia-2-U40347324668ZOI-464x329@diario_abc.jpg\" class=\"voc-d-c-combo-3__img\" width=\"464\" height=\"329\" alt=\"Imagen secundaria 1 - Destalles del estilismo escogido por la Reina Letizia para asistir al desfile de las Fuerzas Armadas\"\/><\/p>\n<p><img decoding=\"async\" loading=\"lazy\" src=\"https:\/\/www.europesays.com\/es\/wp-content\/uploads\/2025\/10\/letizia-3-U44453428530kAY-278x329@diario_abc.jpg\" class=\"voc-d-c-combo-3__img\" width=\"278\" height=\"329\" alt=\"Imagen secundaria 2 - Destalles del estilismo escogido por la Reina Letizia para asistir al desfile de las Fuerzas Armadas\"\/><\/p>\n<p>Destalles del estilismo escogido por la Reina Letizia para asistir al desfile de las Fuerzas Armadas<br \/>\nEFE<\/p>\n<p class=\"voc-p\" style=\"\">La Reina ha completado su estilismo con pendientes de <strong>esmeraldas<\/strong> en cascada de la firma <strong>Tous<\/strong>, habituales en su joyero y a juego con la tonalidad del vestido protagonista y un bolso negro, concretamente el modelo <strong>Satchel de Carolina Herrera<\/strong>, un dise\u00f1o de estructura firme y acabado pulido que atesora en distintos colores. <\/p>\n<p class=\"voc-p\" style=\"\">Un <strong>maquillaje sencillo<\/strong> y el pelo suelo con una ligera y desenfada onda para lograr un look natural y fresco, han cerrado a la perfecci\u00f3n un estilismo que muestra una vez m\u00e1s, el uso que la Reina hace de su vestuario para comunicar, en este caso con una imagen <strong>regia y actual<\/strong> que se mantiene en segundo plano para otorgar el protagonismo a la Princesa. <\/p>\n<p>\nArt\u00edculo solo para suscriptores\n<\/p>\n<p>Reportar un error<\/p>\n","protected":false},"excerpt":{"rendered":"12\/10\/2025 Actualizado a las 11:53h. El 12 de octubre, D\u00eda de la Hispanidad, es un d\u00eda se\u00f1alado en&hellip;\n","protected":false},"author":2,"featured_media":171471,"comment_status":"","ping_status":"","sticky":false,"template":"","format":"standard","meta":{"footnotes":""},"categories":[91],"tags":[49633,43412,146,147,25,24,26013,11644,10717,23,13011],"class_list":{"0":"post-171470","1":"post","2":"type-post","3":"status-publish","4":"format-standard","5":"has-post-thumbnail","7":"category-entretenimiento","8":"tag-armadas","9":"tag-desfile","10":"tag-entertainment","11":"tag-entretenimiento","12":"tag-es","13":"tag-espana","14":"tag-fuerzas","15":"tag-letizia","16":"tag-reina","17":"tag-spain","18":"tag-vestido"},"share_on_mastodon":{"url":"","error":""},"_links":{"self":[{"href":"https:\/\/www.europesays.com\/es\/wp-json\/wp\/v2\/posts\/171470","targetHints":{"allow":["GET"]}}],"collection":[{"href":"https:\/\/www.europesays.com\/es\/wp-json\/wp\/v2\/posts"}],"about":[{"href":"https:\/\/www.europesays.com\/es\/wp-json\/wp\/v2\/types\/post"}],"author":[{"embeddable":true,"href":"https:\/\/www.europesays.com\/es\/wp-json\/wp\/v2\/users\/2"}],"replies":[{"embeddable":true,"href":"https:\/\/www.europesays.com\/es\/wp-json\/wp\/v2\/comments?post=171470"}],"version-history":[{"count":0,"href":"https:\/\/www.europesays.com\/es\/wp-json\/wp\/v2\/posts\/171470\/revisions"}],"wp:featuredmedia":[{"embeddable":true,"href":"https:\/\/www.europesays.com\/es\/wp-json\/wp\/v2\/media\/171471"}],"wp:attachment":[{"href":"https:\/\/www.europesays.com\/es\/wp-json\/wp\/v2\/media?parent=171470"}],"wp:term":[{"taxonomy":"category","embeddable":true,"href":"https:\/\/www.europesays.com\/es\/wp-json\/wp\/v2\/categories?post=171470"},{"taxonomy":"post_tag","embeddable":true,"href":"https:\/\/www.europesays.com\/es\/wp-json\/wp\/v2\/tags?post=171470"}],"curies":[{"name":"wp","href":"https:\/\/api.w.org\/{rel}","templated":true}]}}