{"id":171479,"date":"2025-10-12T10:00:33","date_gmt":"2025-10-12T10:00:33","guid":{"rendered":"https:\/\/www.europesays.com\/es\/171479\/"},"modified":"2025-10-12T10:00:33","modified_gmt":"2025-10-12T10:00:33","slug":"pedro-sanchez-busca-su-oportunidad-para-adelantar-las-elecciones","status":"publish","type":"post","link":"https:\/\/www.europesays.com\/es\/171479\/","title":{"rendered":"Pedro S\u00e1nchez busca su \u00aboportunidad\u00bb para adelantar las elecciones"},"content":{"rendered":"<p style=\"\">Pedro S\u00e1nchez repite que agotar\u00e1 el mandato, que la legislatura durar\u00e1 hasta 2027 y que volver\u00e1 a presentarse a las pr\u00f3ximas elecciones. La \u00fanica certeza que se cierne sobre estos tres vaticinios es que el <a href=\"https:\/\/www.abc.es\/espana\/sanchez-asistira-lunes-egipto-acto-firma-fin-20251011101710-nt.html\" target=\"_self\" data-voc-vtm-id=\"in-text-traffic\" title=\"presidente del Gobierno\" rel=\"nofollow noopener\">presidente del Gobierno<\/a> no puede decir nada diferente. Introducir  &#8230; cualquier matiz o titubeo sobre la hoja de ruta prevista proyectar\u00eda debilidad y un cuestionamiento interno de su liderazgo que se afana en cerrar desde que volviera de sus cinco d\u00edas de reflexi\u00f3n en 2024. <\/p>\n<p class=\"voc-p\" style=\"\">Sin embargo, aunque resistir dos a\u00f1os m\u00e1s es el objetivo a alcanzar \u2013con permiso de la agenda judicial\u2013, fuentes gubernamentales consultadas por ABC reconocen que S\u00e1nchez podr\u00eda adelantar las elecciones si encontrase una <a href=\"https:\/\/www.abc.es\/espana\/modo-electoral-podemos-desconcierta-resto-socios-parlamentarios-20250922171146-nt.html\" target=\"_self\" data-voc-vtm-id=\"in-text-traffic\" title=\"\u00abventana de oportunidad\u00bb\" rel=\"nofollow noopener\">\u00abventana de oportunidad\u00bb<\/a> que dibujase un horizonte propicio para la convocatoria en 2026. <\/p>\n<p class=\"voc-p\" style=\"\">La maniobra entra\u00f1a numerosos riesgos pol\u00edticos. El principal, que en la Moncloa asumen que, llegado ese momento, irremediablemente perder\u00edan el poder, porque la suma de las derechas se impone claramente a la de las izquierdas, pero la clave no la ubican tanto en el corto, como en el medio plazo.<\/p>\n<p class=\"voc-p\" style=\"\">En el Gobierno tienen encuestas que les sit\u00faan en el entorno del 30% de los votos. Esto supondr\u00eda un \u00abhito\u00bb en s\u00ed mismo, porque significar\u00eda que, despu\u00e9s de ocho a\u00f1os en el Gobierno, S\u00e1nchez abandonar\u00eda el poder manteniendo el grueso de los apoyos que le llevaron a la Moncloa sin registrar \u00abning\u00fan desgaste\u00bb y \u00absin perder ni un solo voto\u00bb, teorizan. <\/p>\n<p class=\"voc-p\" style=\"\">En su entorno hacen esta comparaci\u00f3n con el resto de pa\u00edses de la escena europea y elevan el tiro, asegurando que en un contexto de contienda electoral tendr\u00edan, incluso, la capacidad de movilizar a su electorado. \u00abLo que dicen todas las encuestas es que tenemos margen para activar a un porcentaje importante de votantes que hoy no est\u00e1n enchufados\u00bb, aseguran las fuentes socialistas consultadas por este diario. <\/p>\n<p class=\"voc-p\" style=\"\">Este porcentaje se cifra en un dos o un tres por ciento \u2013llegar al 35% ser\u00eda una quimera\u2013, pero podr\u00eda ser suficiente para ser primera fuerza, seg\u00fan sus c\u00e1lculos. Es su escenario ideal. Que pueda llegar a materializarse, o no, no depende tanto de los esfuerzos del PSOE, sino de <a href=\"https:\/\/www.abc.es\/espana\/pp-detecta-vox-roba-votos-izquierda-teme-20251007184458-nt.html\" target=\"_self\" data-voc-vtm-id=\"in-text-traffic\" title=\"la pujanza del PP\" rel=\"nofollow noopener\">la pujanza del PP<\/a> en las urnas. <\/p>\n<p class=\"voc-p\" style=\"\">La mejor ocasi\u00f3n para S\u00e1nchez pasa irremediablemente por elegir el momento m\u00e1s inoportuno para <a href=\"https:\/\/www.abc.es\/espana\/feijoo-pide-zanjar-debate-aborto-dejen-manosear-20251009150200-nt.html\" target=\"_self\" data-voc-vtm-id=\"in-text-traffic\" title=\"Alberto N\u00fa\u00f1ez Feij\u00f3o\" rel=\"nofollow noopener\">Alberto N\u00fa\u00f1ez Feij\u00f3o<\/a>. Un componente decisivo para pulsar el bot\u00f3n nuclear ser\u00e1 hacerlo en el contexto de mayor debilidad para el jefe de la oposici\u00f3n. Para ello, desde el Gobierno se ha desplegado una campa\u00f1a que consiste en forzar o alimentar debates divisivos \u2013Gaza, aborto, Franco&#8230;\u2013 de manera que se polarice al extremo la conversaci\u00f3n p\u00fablica, desgastando a Feij\u00f3o y aupando a Vox hasta porcentajes de voto que podr\u00edan rozar el 20 por ciento. <\/p>\n<p class=\"voc-p\" style=\"\">Solo con que la formaci\u00f3n de <a href=\"https:\/\/www.abc.es\/espana\/vox-reta-comunidades-pp-adelanten-elecciones-20251010195022-nt.html\" target=\"_self\" data-voc-vtm-id=\"in-text-traffic\" title=\"Santiago Abascal\" rel=\"nofollow noopener\">Santiago Abascal<\/a> se ubicase en la horquilla del 17 o el 18 por ciento podr\u00eda entrar en las provincias decisivas, las que reparten entre tres y cinco esca\u00f1os, haci\u00e9ndole un importante agujero a los populares, como ya ocurriera con Albert Rivera. La carta de la divisi\u00f3n en la derecha S\u00e1nchez la juega a la perfecci\u00f3n, es la l\u00f3gica que aplic\u00f3 en 2019, cuando adelant\u00f3 las elecciones con la &#8216;foto de Col\u00f3n&#8217; \u2013el hermanamiento del PP, Ciudadanos y Vox\u2013 vivo en la retina de los espa\u00f1oles. <\/p>\n<p class=\"voc-title\">En la Moncloa asumen que perder\u00e1n el poder, pero, con un PP en manos de Abascal, creen que la legislatura ser\u00e1 corta<\/p>\n<p class=\"voc-p\" style=\"\">En 2023 tambi\u00e9n activ\u00f3 la &#8216;alerta antifascista&#8217; para movilizar a la izquierda ante el riesgo de que la ultraderecha tocase poder \u2013tras materializarse los pactos auton\u00f3micos y municipales\u2013 y, ahora, asumida la p\u00e9rdida del Gobierno, se buscar\u00eda un escenario de ingobernabilidad. <\/p>\n<p class=\"voc-p\" style=\"\">Un PP debilitado que necesitar\u00eda irremediablemente a Vox dibuja, seg\u00fan los estrategas monclovitas, una legislatura corta. \u00abNo podr\u00edan gobernar mucho tiempo, dos a\u00f1os a lo sumo\u00bb, se\u00f1alan, porque creen que a Vox no le interesar\u00e1 apuntalar a los populares, sino minar su posici\u00f3n con el objetivo de llegar a superarlos en una nueva cita electoral. Esto volver\u00eda a acercar las urnas. <\/p>\n<p class=\"voc-p\" style=\"\">Pero, \u00bfpor qu\u00e9 forzar\u00eda S\u00e1nchez un adelanto electoral si esto supondr\u00eda perder el poder? En la Moncloa ya han asumido que est\u00e1n en tiempo de descuento, porque ni siquiera en 2027 dar\u00edan los n\u00fameros por la izquierda. No hay ni habr\u00e1 suma posible ante la imposibilidad de \u00abreordenar\u00bb ese espacio, inmerso en una lucha fratricida sin cuartel. Por ello, en el PSOE lo que priman es proteger su posici\u00f3n. A un PP debilitado por la derecha, se suma la incomparecencia de una izquierda alternativa. <\/p>\n<p class=\"voc-p\" style=\"\">En el panorama actual, el PSOE mantendr\u00eda la hegemon\u00eda de su espacio ideol\u00f3gico. Una hegemon\u00eda que no hace tanto estuvo amenazada y que ahora le garantiza algunos a\u00f1os de estabilidad sin necesidad de mirar por el retrovisor. \u00abNosotros tenemos el monopolio, sin oposici\u00f3n a la izquierda\u00bb, aseguran, recordando que durante el tiempo que les lleve reconstruirse, los socialistas disfrutar\u00e1n de una posici\u00f3n de fuerza que piensan explotar. <\/p>\n<p class=\"voc-p\" style=\"\">Adem\u00e1s, las fuentes consultadas revelan que en los cualitativos que manejan sobre el presidente del Gobierno, su \u00edndice de valoraci\u00f3n \u2013con subidas y bajadas, que se corresponden, por ejemplo, con lo m\u00e1s duro del caso Cerd\u00e1n\u2013 se sit\u00faa por encima de los porcentajes que manejaban Gonz\u00e1lez, Aznar y Rajoy en el mismo punto del mandato.<\/p>\n<p>\nCoartada presupuestaria\n<\/p>\n<p class=\"voc-p\" style=\"\">Los socios de la mayor\u00eda de la investidura recelan de que S\u00e1nchez pueda utilizar el fracaso de los Presupuestos como una coartada para adelantar las elecciones. Existe el precedente de 2019, cuando el presidente ya se vali\u00f3 del veto de ERC a las cuentas para anticipar la cita con las urnas a conveniencia. <\/p>\n<p>El PP hurga en la herida de los presupuestos<\/p>\n<p class=\"voc-p\">La diputada Cuca Gamarra ironiz\u00f3 este s\u00e1bado con la celebraci\u00f3n del Gobierno por sacar adelante dos votaciones que <a href=\"https:\/\/www.abc.es\/espana\/podemos-salva-sanchez-convalida-embargo-israel-aprueba-20251008192914-nt.html\" target=\"_self\" data-voc-vtm-id=\"in-text-traffic\" title=\"parec\u00eda tener perdidas\" rel=\"nofollow noopener\">parec\u00eda tener perdidas<\/a>, el real decreto ley para aplicar un embargo de armas a Israel y la Ley de Movilidad Sostenible, y record\u00f3 que contin\u00faa, por tercer a\u00f1o consecutivo, sin presentar siquiera los presupuestos generales del Estado (PGE). Tras haber perdido seis votaciones en el primer mes del curso pol\u00edtico, el ministro F\u00e9lix Bola\u00f1os sac\u00f3 pecho del elevado porcentaje de victorias que cosechan en el Congreso, superior al noventa por ciento. En una entrevista en RNE, Gamarra tach\u00f3 ese entusiasmo de \u00abanomal\u00eda absoluta\u00bb. \u00abEsto es un ejercicio de resistencia\u00bb, zanj\u00f3 la ex secretaria general del PP.<\/p>\n<p class=\"voc-p\" style=\"\">En la Moncloa descartan que un fracaso en la votaci\u00f3n presupuestaria pueda tener tal consecuencia, pero tampoco adelantan escenarios. Que la C\u00e1mara Baja tumbe la norma principal de un Ejecutivo no puede no tener consecuencias, consideran algunas fuentes, pero esta vez el Gobierno parece decidido a presentarlas cueste lo que cueste. Cualquier previsi\u00f3n, no obstante, no puede desligarse del horizonte judicial del entorno del presidente. Desde la Moncloa llevan meses alimentando la teor\u00eda del &#8216;lawfare&#8217; para desacreditar la instrucci\u00f3n judicial del juez Juan Carlos Peinado y promover un cuestionamiento global de la causa. <\/p>\n","protected":false},"excerpt":{"rendered":"Pedro S\u00e1nchez repite que agotar\u00e1 el mandato, que la legislatura durar\u00e1 hasta 2027 y que volver\u00e1 a presentarse&hellip;\n","protected":false},"author":2,"featured_media":171480,"comment_status":"","ping_status":"","sticky":false,"template":"","format":"standard","meta":{"footnotes":""},"categories":[5],"tags":[28925,17,18,331,4374,25,24,13,14,11,19,20,9,10,15,16,2082,1822,199,23,12,21,22],"class_list":{"0":"post-171479","1":"post","2":"type-post","3":"status-publish","4":"format-standard","5":"has-post-thumbnail","7":"category-titulares","8":"tag-adelantar","9":"tag-breaking-news","10":"tag-breakingnews","11":"tag-busca","12":"tag-elecciones","13":"tag-es","14":"tag-espana","15":"tag-featured-news","16":"tag-featurednews","17":"tag-headlines","18":"tag-latest-news","19":"tag-latestnews","20":"tag-news","21":"tag-noticias","22":"tag-noticias-destacadas","23":"tag-noticiasdestacadas","24":"tag-oportunidad","25":"tag-pedro","26":"tag-sanchez","27":"tag-spain","28":"tag-titulares","29":"tag-ultimas-noticias","30":"tag-ultimasnoticias"},"share_on_mastodon":{"url":"","error":""},"_links":{"self":[{"href":"https:\/\/www.europesays.com\/es\/wp-json\/wp\/v2\/posts\/171479","targetHints":{"allow":["GET"]}}],"collection":[{"href":"https:\/\/www.europesays.com\/es\/wp-json\/wp\/v2\/posts"}],"about":[{"href":"https:\/\/www.europesays.com\/es\/wp-json\/wp\/v2\/types\/post"}],"author":[{"embeddable":true,"href":"https:\/\/www.europesays.com\/es\/wp-json\/wp\/v2\/users\/2"}],"replies":[{"embeddable":true,"href":"https:\/\/www.europesays.com\/es\/wp-json\/wp\/v2\/comments?post=171479"}],"version-history":[{"count":0,"href":"https:\/\/www.europesays.com\/es\/wp-json\/wp\/v2\/posts\/171479\/revisions"}],"wp:featuredmedia":[{"embeddable":true,"href":"https:\/\/www.europesays.com\/es\/wp-json\/wp\/v2\/media\/171480"}],"wp:attachment":[{"href":"https:\/\/www.europesays.com\/es\/wp-json\/wp\/v2\/media?parent=171479"}],"wp:term":[{"taxonomy":"category","embeddable":true,"href":"https:\/\/www.europesays.com\/es\/wp-json\/wp\/v2\/categories?post=171479"},{"taxonomy":"post_tag","embeddable":true,"href":"https:\/\/www.europesays.com\/es\/wp-json\/wp\/v2\/tags?post=171479"}],"curies":[{"name":"wp","href":"https:\/\/api.w.org\/{rel}","templated":true}]}}