{"id":171483,"date":"2025-10-12T10:02:08","date_gmt":"2025-10-12T10:02:08","guid":{"rendered":"https:\/\/www.europesays.com\/es\/171483\/"},"modified":"2025-10-12T10:02:08","modified_gmt":"2025-10-12T10:02:08","slug":"sergio-rollon-novillero-abulense-relata-su-recuperacion-en-grana-y-oro","status":"publish","type":"post","link":"https:\/\/www.europesays.com\/es\/171483\/","title":{"rendered":"Sergio Roll\u00f3n novillero abulense relata su recuperaci\u00f3n en Grana y Oro"},"content":{"rendered":"<p>El novillero madrile\u00f1o con ra\u00edces abulenses Sergio Roll\u00f3n ha protagonizado una de las historias m\u00e1s impactantes de la temporada taurina. En el programa &#8216;Grana y Oro&#8217;, dirigido por Carlos M. Santoyo, el joven torero relat\u00f3 c\u00f3mo vivi\u00f3 el grave percance sufrido el pasado 12 de julio en Valdetorres del Jarama, durante la final del Circuito de Novilladas de Madrid, cuando una cornada le seccion\u00f3 la femoral y la safena, provoc\u00e1ndole una parada cardiorrespiratoria que hizo temer por su vida.<\/p>\n<p>Evacuado en helic\u00f3ptero al Hospital La Paz, permaneci\u00f3 tres semanas ingresado y tuvo que someterse a varias intervenciones quir\u00fargicas. Ahora, tras un largo proceso de rehabilitaci\u00f3n, avanza poco a poco en su recuperaci\u00f3n f\u00edsica y psicol\u00f3gica. \u00abHe estado a punto de no contarlo, pero gracias a los m\u00e9dicos y al apoyo recibido sigo aqu\u00ed\u00bb, confes\u00f3 durante la entrevista.<\/p>\n<p>Roll\u00f3n reconoce que ha sido una etapa muy dura, especialmente para su familia, a la que ha pedido perd\u00f3n por el sufrimiento vivido, aunque deja claro que su sue\u00f1o sigue intacto: \u00abEl toreo es mi vida, lo que me da la fuerza y lo que m\u00e1s me motiva, as\u00ed que no pienso en otra cosa que volver a los ruedos\u00bb.<\/p>\n<p>El joven torero tambi\u00e9n agradeci\u00f3 las innumerables muestras de apoyo recibidas de compa\u00f1eros y figuras del toreo, as\u00ed como de personalidades del mundo pol\u00edtico y social, entre ellas Isabel D\u00edaz Ayuso, Victorino Mart\u00edn o El Juli, que le enviaron mensajes de \u00e1nimo tras el accidente.<\/p>\n<p>Aunque los m\u00e9dicos prefieren no marcar plazos, Roll\u00f3n conf\u00eda en poder reaparecer en 2026, convencido de que su historia de superaci\u00f3n puede tener un nuevo cap\u00edtulo vestido de luces.<\/p>\n<p>La entrevista completa puede verse en <a href=\"https:\/\/www.diariodeavila.es\/alacarta\/video\/dl\/x9rxjfc\/sergio-rollon-novillero-madrileno-con-raices-abulenses-que-rozo-la-tragedia-en-la-final-a-tres-del-circuito-de-novilladas-de-madrid-celebrada-en-valdetorres-del-jarama-despues-de-una-brillante-trayectoria-sin-caballos\" rel=\"nofollow noopener\" target=\"_blank\">diariodeavila.es.<\/a><\/p>\n<p>\u00a0<\/p>\n","protected":false},"excerpt":{"rendered":"El novillero madrile\u00f1o con ra\u00edces abulenses Sergio Roll\u00f3n ha protagonizado una de las historias m\u00e1s impactantes de la&hellip;\n","protected":false},"author":2,"featured_media":171484,"comment_status":"","ping_status":"","sticky":false,"template":"","format":"standard","meta":{"footnotes":""},"categories":[277],"tags":[373,168,25665,25,24,6016,5699,23,167,625,374],"class_list":{"0":"post-171483","1":"post","2":"type-post","3":"status-publish","4":"format-standard","5":"has-post-thumbnail","7":"category-toreo","8":"tag-bullfighting","9":"tag-deportes","10":"tag-el-juli","11":"tag-es","12":"tag-espana","13":"tag-medicos","14":"tag-rehabilitacion","15":"tag-spain","16":"tag-sports","17":"tag-tauromaquia","18":"tag-toreo"},"share_on_mastodon":{"url":"","error":""},"_links":{"self":[{"href":"https:\/\/www.europesays.com\/es\/wp-json\/wp\/v2\/posts\/171483","targetHints":{"allow":["GET"]}}],"collection":[{"href":"https:\/\/www.europesays.com\/es\/wp-json\/wp\/v2\/posts"}],"about":[{"href":"https:\/\/www.europesays.com\/es\/wp-json\/wp\/v2\/types\/post"}],"author":[{"embeddable":true,"href":"https:\/\/www.europesays.com\/es\/wp-json\/wp\/v2\/users\/2"}],"replies":[{"embeddable":true,"href":"https:\/\/www.europesays.com\/es\/wp-json\/wp\/v2\/comments?post=171483"}],"version-history":[{"count":0,"href":"https:\/\/www.europesays.com\/es\/wp-json\/wp\/v2\/posts\/171483\/revisions"}],"wp:featuredmedia":[{"embeddable":true,"href":"https:\/\/www.europesays.com\/es\/wp-json\/wp\/v2\/media\/171484"}],"wp:attachment":[{"href":"https:\/\/www.europesays.com\/es\/wp-json\/wp\/v2\/media?parent=171483"}],"wp:term":[{"taxonomy":"category","embeddable":true,"href":"https:\/\/www.europesays.com\/es\/wp-json\/wp\/v2\/categories?post=171483"},{"taxonomy":"post_tag","embeddable":true,"href":"https:\/\/www.europesays.com\/es\/wp-json\/wp\/v2\/tags?post=171483"}],"curies":[{"name":"wp","href":"https:\/\/api.w.org\/{rel}","templated":true}]}}