{"id":171509,"date":"2025-10-12T10:18:10","date_gmt":"2025-10-12T10:18:10","guid":{"rendered":"https:\/\/www.europesays.com\/es\/171509\/"},"modified":"2025-10-12T10:18:10","modified_gmt":"2025-10-12T10:18:10","slug":"la-reina-letizia-brilla-en-el-dia-de-la-hispanidad-con-un-vestido-de-tweed-verde-que-recuerda-a-kate-middleton","status":"publish","type":"post","link":"https:\/\/www.europesays.com\/es\/171509\/","title":{"rendered":"La reina Letizia brilla en el d\u00eda de la Hispanidad con un vestido de tweed verde que recuerda a Kate Middleton"},"content":{"rendered":"<p data-journey-content=\"true\" data-node-id=\"1\" class=\"body-dropcap css-1vn2egp emevuu60\">El <strong data-node-id=\"1.1\">12 de octubre <\/strong>es una de las fechas m\u00e1s especiales en la agenda real. Con motivo de la celebraci\u00f3n del <a href=\"https:\/\/www.harpersbazaar.com\/es\/famosas\/el-estilo-de\/g41587987\/reina-letizia-dia-hispanidad-looks-vestidos-cambio-historia\/\" target=\"_blank\" data-vars-ga-outbound-link=\"https:\/\/www.harpersbazaar.com\/es\/famosas\/el-estilo-de\/g41587987\/reina-letizia-dia-hispanidad-looks-vestidos-cambio-historia\/\" data-vars-ga-ux-element=\"Hyperlink\" data-vars-ga-call-to-action=\"D\u00eda de la Hispanidad\" data-node-id=\"1.3\" class=\"body-link css-156jt4g emevuu60\" rel=\"nofollow noopener\">D\u00eda de la Hispanidad<\/a>, tiene lugar el tradicional desfile del Ej\u00e9rcito y las Fuerzas Armadas por las calles de Madrid que presiden los Reyes de Espa\u00f1a.<\/p>\n<p data-journey-content=\"true\" data-node-id=\"4\" class=\"css-6wxqfj emevuu60\">Desde que acudiera por primera vez a esta se\u00f1alada fecha en 2004, la<strong data-node-id=\"4.1\"> reina Letizia <\/strong>siempre ha sorprendido con sus elecciones estil\u00edsticas, primeramente como princesa de Asturias y, posteriormente, como Reina de Espa\u00f1a. Sus looks en este d\u00eda han estado marcados por su predilecci\u00f3n por <strong data-node-id=\"4.3\">Felipe Varela<\/strong>, pero no \u00fanicamente. <\/p>\n<p data-journey-content=\"true\" data-node-id=\"6\" class=\"css-6wxqfj emevuu60\">Letizia ha apostado por ciertas f\u00f3rmulas comunes: siempre ha lucido o bien vestidos midi o bien conjuntos de chaqueta y falda. Asimismo, el tweed suele ser uno de sus tejidos predilectos para la Pascua Militar, una elecci\u00f3n perfecta para el clima oto\u00f1al y para hacer frente a las lluvias que han protagonizado en m\u00e1s de una ocasi\u00f3n este d\u00eda. <\/p>\n<p><img draggable=\"true\" alt=\"lewisham, england january 22: (embargoed for publication in uk newspapers until 24 hours after create date and time) catherine, duchess of cambridge visits the family action charity on january 22, 2019 in lewisham, england. (photo by karwai tang\/wireimage)\" title=\"The Duchess Of Cambridge Launches Family Action Family\" loading=\"lazy\" width=\"2667\" height=\"4000\" decoding=\"async\" data-nimg=\"1\" style=\"color:transparent;width:100%;height:auto;\"   src=\"https:\/\/www.europesays.com\/es\/wp-content\/uploads\/2025\/10\/gettyimages-2240544088-68eb78c092b3c.jpg\" class=\"css-0 e1g79fud0\"\/><\/p>\n<p>Karwai Tang<\/p>\n<p data-journey-content=\"true\" data-node-id=\"11\" class=\"css-6wxqfj emevuu60\">Para el <strong data-node-id=\"11.1\">D\u00eda de la Hispanidad de este 2025<\/strong>, la reina Letizia ha sido fiel a estas elecciones y se ha decantado por un <strong data-node-id=\"11.3\">vestido midi de tweed, en color verde y con manga francesa. El mismo destaca por su silueta limpia y totalmente atemporal y recuerda, inevitablemente, a <a href=\"https:\/\/www.harpersbazaar.com\/es\/famosas\/el-estilo-de\/a68810712\/principe-william-kate-middleton-cancer-enfermedad-problemas-casa-real-britanica\/\" target=\"_blank\" data-vars-ga-outbound-link=\"https:\/\/www.harpersbazaar.com\/es\/famosas\/el-estilo-de\/a68810712\/principe-william-kate-middleton-cancer-enfermedad-problemas-casa-real-britanica\/\" data-vars-ga-ux-element=\"Hyperlink\" data-vars-ga-call-to-action=\"Kate Middleton\" data-node-id=\"11.3.1\" class=\"body-link css-156jt4g emevuu60\" rel=\"nofollow noopener\">Kate Middleton<\/a><\/strong> ya que este es uno de sus colores fetiche. Letizia ha completado el vestido con un cintur\u00f3n fino en color negro que define la cintura y estiliza.<\/p>\n<p><img draggable=\"true\" alt=\"la reina letizia brilla en el dia de la hispanidad con un vestido verde que recuerda a kate middleton\" title=\"la reina letizia brilla en el dia de la hispanidad con un vestido verde que recuerda a kate middleton\" loading=\"lazy\" width=\"2667\" height=\"4000\" decoding=\"async\" data-nimg=\"1\" style=\"color:transparent;width:100%;height:auto;\"   src=\"https:\/\/www.europesays.com\/es\/wp-content\/uploads\/2025\/10\/gettyimages-2240544106-68eb78c040cd0.jpg\" class=\"css-0 e1g79fud0\"\/><\/p>\n<p>Getty Images<\/p>\n<p><img draggable=\"true\" alt=\"lewisham, england january 22: (embargoed for publication in uk newspapers until 24 hours after create date and time) catherine, duchess of cambridge visits the family action charity on january 22, 2019 in lewisham, england. (photo by karwai tang\/wireimage)\" title=\"The Duchess Of Cambridge Launches Family Action Family\" loading=\"lazy\" width=\"3120\" height=\"4645\" decoding=\"async\" data-nimg=\"1\" style=\"color:transparent;width:100%;height:auto;\"   src=\"https:\/\/www.europesays.com\/es\/wp-content\/uploads\/2025\/10\/gettyimages-1086151854-68eb7acbd0ba4.jpg\" class=\"css-0 e1g79fud0\"\/>Karwai Tang<\/p>\n<p>Kate Middleton acostumbra a lucir este color verde esmeralda. En la foto, uno de sus looks el 22 de enero de 2019.<\/p>\n<p data-journey-content=\"true\" data-node-id=\"15\" class=\"css-6wxqfj emevuu60\">En materia de complementos, Letizia se ha decantado por uno de sus bolsos favoritos de <a href=\"https:\/\/www.harpersbazaar.com\/es\/moda\/tendencias\/g67956681\/carolina-herrera-madrid-desfile-resumen-claves\/\" target=\"_blank\" data-vars-ga-outbound-link=\"https:\/\/www.harpersbazaar.com\/es\/moda\/tendencias\/g67956681\/carolina-herrera-madrid-desfile-resumen-claves\/\" data-vars-ga-ux-element=\"Hyperlink\" data-vars-ga-call-to-action=\"Carolina Herrera\" data-node-id=\"15.1\" class=\"body-link css-156jt4g emevuu60\" rel=\"nofollow noopener\">Carolina Herrera<\/a>, en color negro, zapatos slingback de tac\u00f3n kitten, tambi\u00e9n en color negro, y unos pendientes largos de esmeraldas firmados por Tous que no pod\u00edan combinar mejor con el color verde del vestido.<\/p>\n<p><img draggable=\"true\" alt=\"la reina letizia brilla en el dia de la hispanidad con un vestido verde que recuerda a kate middleton\" title=\"la reina letizia brilla en el dia de la hispanidad con un vestido verde que recuerda a kate middleton\" loading=\"lazy\" width=\"2667\" height=\"4000\" decoding=\"async\" data-nimg=\"1\" style=\"color:transparent;width:100%;height:auto;\"   src=\"https:\/\/www.europesays.com\/es\/wp-content\/uploads\/2025\/10\/gettyimages-2240546286-68eb78c2636d0.jpg\" class=\"css-0 e1g79fud0\"\/><\/p>\n<p>Getty Images<\/p>\n<p>Los looks de la Familia Real en el D\u00eda de la Hispanidad 2025<\/p>\n<p data-journey-content=\"true\" data-node-id=\"19\" class=\"css-6wxqfj emevuu60\">Adem\u00e1s del <strong data-node-id=\"19.1\">impecable estilismo de Letizia<\/strong>, ha sorprendido el de la princesa Sof\u00eda, quien ha optado por un vestido de lunares en blanco y negro que ha completado con una capa. Asimismo, Leonor ha lucido el uniforme del ej\u00e9rcito del aire, mientras que Felipe ha apostado por el tradicional uniforme de la armada.<br data-node-id=\"19.3\"\/><\/p>\n<p><img draggable=\"true\" alt=\"infanta sofia\" title=\"infanta sofia\" loading=\"lazy\" width=\"1914\" height=\"2393\" decoding=\"async\" data-nimg=\"1\" style=\"color:transparent;width:100%;height:auto;\"   src=\"https:\/\/www.europesays.com\/es\/wp-content\/uploads\/2025\/10\/gettyimages-2240546331-1-1-68eb79984b9e8.jpg\" class=\"css-0 e1g79fud0\"\/><\/p>\n<p>Getty Images<\/p>\n<p><img draggable=\"true\" alt=\"infanta sofia\" title=\"infanta sofia\" loading=\"lazy\" width=\"4000\" height=\"2667\" decoding=\"async\" data-nimg=\"1\" style=\"color:transparent;width:100%;height:auto;\"   src=\"https:\/\/www.europesays.com\/es\/wp-content\/uploads\/2025\/10\/gettyimages-2240547526-1-68eb79988a73c.jpg\" class=\"css-0 e1g79fud0\"\/><\/p>\n<p>Getty Images<\/p>\n<p><img src=\"https:\/\/www.europesays.com\/es\/wp-content\/uploads\/2025\/10\/1760264290_833_67a21dad-194c-4c82-b06f-1140ac141517_1647609255.file\" alt=\"Headshot of Marina Scofield\" title=\"Headshot of Marina Scofield\" width=\"100%\" height=\"100%\" decoding=\"async\" loading=\"lazy\" class=\"css-o0wq4v ev8dhu53\"\/><\/p>\n<p>Marina Scofield es editora de moda senior en Harper&#8217;s Bazaar. Se gradu\u00f3 en Comunicaci\u00f3n Audiovisual en la Universidad Carlos III de Madrid en 2018 y, desde ese mismo a\u00f1o, escribe para Harper&#8217;s Bazaar sobre tendencias de moda, pasarelas y &#8216;street style&#8217;. Previamente, ha colaborado con cabeceras como Elle y Hola, adem\u00e1s de haber fundado la revista digital Coolturize en 2017 y su propio blog personal, Namastrend, en 2011. Le apasiona pasar horas repasando los mejores looks del streetstyle internacional (especialmente si hablamos de Copenhague), tambi\u00e9n se conoce de memoria el armario de Lady Di, adora descubrir firmas de moda originales y es capaz de advertir antes que nadie el nacimiento de una nueva prenda viral.<\/p>\n","protected":false},"excerpt":{"rendered":"El 12 de octubre es una de las fechas m\u00e1s especiales en la agenda real. Con motivo de&hellip;\n","protected":false},"author":2,"featured_media":171510,"comment_status":"","ping_status":"","sticky":false,"template":"","format":"standard","meta":{"footnotes":""},"categories":[91],"tags":[253,146,147,25,24,23],"class_list":{"0":"post-171509","1":"post","2":"type-post","3":"status-publish","4":"format-standard","5":"has-post-thumbnail","7":"category-entretenimiento","8":"tag-discover","9":"tag-entertainment","10":"tag-entretenimiento","11":"tag-es","12":"tag-espana","13":"tag-spain"},"share_on_mastodon":{"url":"","error":""},"_links":{"self":[{"href":"https:\/\/www.europesays.com\/es\/wp-json\/wp\/v2\/posts\/171509","targetHints":{"allow":["GET"]}}],"collection":[{"href":"https:\/\/www.europesays.com\/es\/wp-json\/wp\/v2\/posts"}],"about":[{"href":"https:\/\/www.europesays.com\/es\/wp-json\/wp\/v2\/types\/post"}],"author":[{"embeddable":true,"href":"https:\/\/www.europesays.com\/es\/wp-json\/wp\/v2\/users\/2"}],"replies":[{"embeddable":true,"href":"https:\/\/www.europesays.com\/es\/wp-json\/wp\/v2\/comments?post=171509"}],"version-history":[{"count":0,"href":"https:\/\/www.europesays.com\/es\/wp-json\/wp\/v2\/posts\/171509\/revisions"}],"wp:featuredmedia":[{"embeddable":true,"href":"https:\/\/www.europesays.com\/es\/wp-json\/wp\/v2\/media\/171510"}],"wp:attachment":[{"href":"https:\/\/www.europesays.com\/es\/wp-json\/wp\/v2\/media?parent=171509"}],"wp:term":[{"taxonomy":"category","embeddable":true,"href":"https:\/\/www.europesays.com\/es\/wp-json\/wp\/v2\/categories?post=171509"},{"taxonomy":"post_tag","embeddable":true,"href":"https:\/\/www.europesays.com\/es\/wp-json\/wp\/v2\/tags?post=171509"}],"curies":[{"name":"wp","href":"https:\/\/api.w.org\/{rel}","templated":true}]}}