{"id":171515,"date":"2025-10-12T10:21:09","date_gmt":"2025-10-12T10:21:09","guid":{"rendered":"https:\/\/www.europesays.com\/es\/171515\/"},"modified":"2025-10-12T10:21:09","modified_gmt":"2025-10-12T10:21:09","slug":"el-salto-edicion-general-10","status":"publish","type":"post","link":"https:\/\/www.europesays.com\/es\/171515\/","title":{"rendered":"&#8211; El Salto &#8211; Edici\u00f3n General"},"content":{"rendered":"<p>Uno puede tener la tentaci\u00f3n de recurrir a Karl Marx con uno de los pasajes m\u00e1s famosos de El 18 Brumario de Luis Bonaparte: \u201cLa historia ocurre primero como tragedia y despu\u00e9s como farsa\u201d. Tambi\u00e9n resulta pertinente una de las frases m\u00e1s l\u00facidas de Antonio Gramsci: \u201cEl viejo mundo se muere, el nuevo tarda en aparecer. Y en ese claroscuro surgen los monstruos\u201d. O bien recordar una de las citas m\u00e1s conocidas de Albert Einstein: \u201cLoco es aquel que quiere que algo distinto le pase en su vida sin hacer nada diferente\u201d.<\/p>\n<p>Las citas c\u00e9lebres han abundado esta semana en Francia para describir el nuevo episodio de la interminable agon\u00eda del segundo mandato de Emmanuel Macron. Ha sido el cap\u00edtulo m\u00e1s esperp\u00e9ntico de la crisis de r\u00e9gimen de la Quinta Rep\u00fablica, acentuada por su bombero pir\u00f3mano. No obstante, este preocupante culebr\u00f3n, que visibiliza la huida hacia delante del presidente y su pasi\u00f3n para actuar como ingeniero del caos para perpetuarse en el poder, se resume por s\u00ed solo.<\/p>\n<p>Tras haber sufrido tres fracasos electorales (legislativas de 2022, europeas de 2024 y legislativas anticipadas de ese a\u00f1o), el jefe del Estado galo nombra por sexta vez a un responsable del Ejecutivo y vuelve a ser un dirigente af\u00edn. El primer ministro, S\u00e9bastien Lecornu, que hab\u00eda dimitido el lunes 6 de octubre por la ma\u00f1ana, es designado otra vez el viernes 10 a las diez de la noche. Y eso que desde entonces solo ha empeorado la situaci\u00f3n para ese mandatario, de 39 a\u00f1os.<\/p>\n<blockquote><p>\u201cEs el peor presidente en la historia de la Quinta Rep\u00fablica y espero  que no sea su sepulturero\u201d, afirmaba esta semana en las p\u00e1ginas de la revista liberal L\u2019Express el ensayista Alain Minc<\/p><\/blockquote>\n<p>En la coalici\u00f3n entre los partidos afines a Macron y la derecha tradicional de Los Republicanos (LR) salen chispas desde el 5 de octubre por la noche, tras las cr\u00edticas al Gobierno de Bruno Retailleau, ministro del Interior y l\u00edder de los conservadores, que acababa de ser nombrado. Una semana despu\u00e9s, el culebr\u00f3n por la dimisi\u00f3n y vuelta de Lecornu ha servido para echar a Retailleau del Ejecutivo. Pero tambi\u00e9n ha supuesto la ruptura de la alianza gubernamental entre macronistas y LR.  <\/p>\n<p><strong>El macronismo en plena descomposici\u00f3n<\/strong><\/p>\n<p>El culebr\u00f3n ha evidenciado, adem\u00e1s, las profundas divisiones que se cuecen en un macronismo en pleno declive. Gabriel Attal, que llev\u00f3 las riendas del Gobierno durante unos meses el a\u00f1o pasado y que actualmente preside el partido Renacimiento (creado por Macron en 2016), aseguraba: \u201cYa no entiendo las decisiones del presidente\u201d. Lo acusa, adem\u00e1s, \u201cde querer acaparar el poder\u201d. \u00c9douard Philippe, que fue el primer ministro entre 2017 y 2020 y lidera Horizontes \u2014una de las tres formaciones de la coalici\u00f3n presidencial\u2014, pide la dimisi\u00f3n del jefe del Estado y que adelante a la primavera del a\u00f1o que viene las presidenciales de 2027. Macron no podr\u00e1 presentarse debido al tope constitucional de dos mandatos, lo que menoscaba a\u00fan m\u00e1s su autoridad.<\/p>\n<p>\u201cEs el peor presidente en la historia de la Quinta Rep\u00fablica y espero que no sea su sepulturero\u201d, afirmaba esta semana en las p\u00e1ginas de <a href=\"https:\/\/www.lexpress.fr\/politique\/alain-minc-emmanuel-macron-est-le-pire-president-de-la-ve-et-jose-esperer-quil-nen-est-pas-le-3OAQSC6A4ZAQRCOKCPRKCZ46SI\/\" rel=\"nofollow noopener\" target=\"_blank\">la revista liberal L\u2019Express el ensayista Alain Minc<\/a>, cicerone de las \u00e9lites econ\u00f3micas y pol\u00edticas y que hace una d\u00e9cada fue uno de los propulsores de Macron. Su impopularidad ha igualado esta semana el r\u00e9cord del socialista Fran\u00e7ois Hollande (2012-17), con apenas un 14% de los franceses que conf\u00eda en \u00e9l. \u201cEste periodo de inestabilidad representa en cierta forma una victoria para el pueblo, porque la burgues\u00eda ya no sabe a qu\u00e9 santo debe entregarse\u201d, afirmaba en <a href=\"https:\/\/www.youtube.com\/watch?v=2HoiT4lx51M&amp;t=4514s\" rel=\"nofollow noopener\" target=\"_blank\">un programa de debates del diario digital Mediapart<\/a> el analista Nicolas Framont, redactor jefe de la revista Frustration Magazine.<\/p>\n<blockquote><p>\u201cEs evidente que Macron no contemplaba otro escenario. Sab\u00eda que  nombrar\u00eda a un dirigente de derechas y cuyo objetivo consistir\u00eda en  impulsar un Ejecutivo que mantuviera la alianza entre los macronistas y  los conservadores de LR\u201d, explica el polit\u00f3logo Stefano Palombarini<\/p><\/blockquote>\n<p> Este reportero rojipobre de El Salto mentir\u00eda si no admitiera haber comido unas cuantas palomitas ante el esperpento de esta semana, que ilustra la agon\u00eda de un poder neoliberal que ha gobernado Francia de manera arrogante desde 2017. Pero lo ocurrido desde el pasado domingo resulta preocupante. Por un lado, ilustra una vez m\u00e1s la huida hacia adelante y el enroque de Macron, incapaz de dejar a la izquierda que intente gobernar \u2014ni siquiera a un moderado Partido Socialista\u2014, a pesar de que la coalici\u00f3n progresista del Nuevo Frente Popular qued\u00f3 primera en los comicios del a\u00f1o pasado, aunque lejos de la mayor\u00eda absoluta. Por el otro, ha tenido lugar un triste espect\u00e1culo que favorece la desafecci\u00f3n ciudadana y la antipol\u00edtica. Puede ser un combustible electoral evidente para la extrema derecha de Marine Le Pen. Y a eso se le suma una gesti\u00f3n de esta situaci\u00f3n por parte del presidente, tanto con tintes de improvisaci\u00f3n como de manipulaci\u00f3n.<\/p>\n<p>\u201c<strong>Macron no contemplaba otro escenario\u201d<\/strong><\/p>\n<p>\u00bfEra un guion escrito desde un inicio? \u00bfDesde que dimiti\u00f3 el lunes por la ma\u00f1ana tras haberse reunido con el presidente, Lecornu sab\u00eda que volver\u00eda a ser nombrado? No hay que olvidar que en Francia la dimisi\u00f3n del primer ministro tambi\u00e9n es una manera para modificar la composici\u00f3n del Gobierno. Y lo ocurrido esta semana ha servido para forzar la salida del ruidoso Retailleau.  <\/p>\n<p>\u201cEs evidente que Macron no contemplaba otro escenario. Sab\u00eda que nombrar\u00eda a un dirigente de derechas y cuyo objetivo consistir\u00eda en impulsar un Ejecutivo que mantuviera la alianza entre los macronistas y los conservadores de LR \u2014ya fuera dentro del Gobierno o solo en la Asamblea Nacional\u2014 y que intentara suavizar la oposici\u00f3n del Partido Socialista\u201d, explica a este medio el polit\u00f3logo Stefano Palombarini, profesor en la Universidad Par\u00eds 8. Los medios galos ya priorizaban desde el mi\u00e9rcoles la hip\u00f3tesis de una segunda designaci\u00f3n de Lecornu. El considerado como el escudero m\u00e1s fiel del presidente justific\u00f3 el s\u00e1bado su decisi\u00f3n de retomar las riendas del Ejecutivo, \u201cporque no hab\u00eda muchos m\u00e1s candidatos\u201d.<\/p>\n<blockquote><p>\u201cAhora mismo la disoluci\u00f3n (de la Asamblea Nacional) es la hip\u00f3tesis m\u00e1s  veros\u00edmil\u201d, reconoc\u00eda Olivier Faure, secretario general de los  socialistas<\/p><\/blockquote>\n<p>\u201cCuando los dirigentes socialistas, comunistas y verdes iban a reunirse \u2014primero, con el primer ministro dimisionario y, luego, el viernes con el presidente\u2014, sab\u00edan que todo eso era una comedia y que no iba a nombrar a un responsable del Ejecutivo progresista\u201d, comenta el autor de L\u2019illusion du bloc bourgeois. \u201cSi no lo hizo el a\u00f1o pasado despu\u00e9s de las legislativas cuando era la opci\u00f3n m\u00e1s l\u00f3gica, es evidente que no lo har\u00e1 ahora\u201d, a\u00f1ade Palombarini. A pesar de ello, el presidente contribuy\u00f3 a dramatizar el culebr\u00f3n dando una serie de plazos de 48 horas. De esa forma, dio la sensaci\u00f3n de querer ganar tiempo, pero tambi\u00e9n aumentar la presi\u00f3n sobre la derecha republicana y los socialistas con la amenaza de unas legislativas anticipadas.<\/p>\n<p> Todo ese teatro concluy\u00f3 con una reuni\u00f3n en el El\u00edseo el viernes por la tarde. Fue presentada por el gabinete presidencial como \u201cun momento de responsabilidad colectiva\u201d. Era una manera de repartir las culpas en caso previsible de que el encuentro terminara sin acuerdo. \u201cSalimos estupefactos. No hemos obtenido ninguna respuesta sobre nada\u201d, lament\u00f3 Marine Tondelier, secretaria general de Los Ecologistas, al salir de ese encuentro. B\u00e1sicamente, Macron les dijo que iba a nombrar a un primer ministro de derechas y que se opon\u00eda a la principal concesi\u00f3n que exige el Partido Socialista para aceptar el en\u00e9simo abuso democr\u00e1tico del jefe del Estado: la suspensi\u00f3n de la impopular reforma de las pensiones de 2023.<\/p>\n<p><strong>\u00bfHacia otras elecciones anticipadas?<\/strong><\/p>\n<p>\u201cAunque en la Asamblea hay una amplia mayor\u00eda de diputados favorables a la derogaci\u00f3n de esa reforma\u201d, que aument\u00f3 la edad m\u00ednima de jubilaci\u00f3n de 62 a 64 a\u00f1os, \u201clos socialistas se conformar\u00edan con una suspensi\u00f3n\u201d, lamenta Palombarini. Tambi\u00e9n estar\u00edan dispuestos, seg\u00fan este analista, a pactar unos presupuestos con Lecornu marcados por la austeridad. Lo har\u00edan \u201ca cambio de unas subidas de impuestos a los m\u00e1s ricos equivalentes a 2.000 o 3.000 millones de euros, y eso que su propuesta inicial era la tasa Zucman\u201d, que permitir\u00eda recaudar 20.000 millones anuales exigiendo a los 1.800 franceses m\u00e1s ricos que paguen cada a\u00f1o el 2% de su patrimonio.<\/p>\n<p> Macron y Lecornu no est\u00e1n dispuestos por ahora a hacer estas concesiones al PS. Eso empuja el pa\u00eds a una moci\u00f3n de censura exitosa en contra del primer ministro y la convocatoria de otras elecciones legislativas anticipadas. \u201cAhora mismo la disoluci\u00f3n (de la Asamblea Nacional) es la hip\u00f3tesis m\u00e1s veros\u00edmil\u201d, reconoc\u00eda Olivier Faure, secretario general de los socialistas, en una entrevista este domingo en el diario La Tribune du Dimanche.<\/p>\n<blockquote><p>\u201cCon estas maniobras, temo que el rechazo a la clase pol\u00edtica crezca todav\u00eda m\u00e1s\u201d, advierte el polit\u00f3logo Christophe Bouillaud<\/p><\/blockquote>\n<p> La Francia Insumisa (LFI), los verdes y los comunistas anunciaron que apoyar\u00e1n una moci\u00f3n de censura, cuya votaci\u00f3n en el Parlamento est\u00e1 prevista para la segunda quincena de octubre. La extrema derecha de Marine Le Pen dijo que har\u00eda lo mismo. Actualmente, hasta 269 diputados han anunciado que apoyar\u00e1n el texto para forzar otra dimisi\u00f3n de Lecornu. Por consiguiente, solo necesita el respaldo de 20 esca\u00f1os m\u00e1s para que se convierta en una realidad. Si eso sucede, representar\u00eda el tercer dirigente en abandonar la jefatura del Ejecutivo franc\u00e9s en apenas diez meses.<\/p>\n<p> Otro adelanto electoral, sin embargo, supondr\u00eda un desaf\u00edo para la izquierda. Aunque los \u00faltimos sondeos prev\u00e9n que los partidos afines a Macron sufrir\u00edan el mayor retroceso, esas legislativas anticipadas tambi\u00e9n resultar\u00edan complicadas para las fuerzas progresistas. <a href=\"https:\/\/www.elsaltodiario.com\/francia\/unas-primarias-izquierda-francesa-idea-seduce-socialistas-verdes-melenchon-rechaza\" rel=\"nofollow noopener\" target=\"_blank\">La actual rivalidad entre el PS y LFI (afines a Podemos o Sumar)<\/a> dificulta que revaliden la alianza unitaria del Nuevo Frente Popular, que fue clave para movilizar al electorado y evitar la dispersi\u00f3n del voto.<\/p>\n<p> Adem\u00e1s de la divisi\u00f3n, la izquierda podr\u00eda sufrir a causa de la desafecci\u00f3n ciudadana. \u201cCon estas maniobras, temo que el rechazo a la clase pol\u00edtica crezca todav\u00eda m\u00e1s\u201d, advierte el polit\u00f3logo Christophe Bouillaud. Seg\u00fan este profesor en Sciences Po Grenoble, la derecha radical de Le Pen \u201csacar\u00e1 un provecho enorme de este momento. Si al final no hay elecciones, los lepenistas dir\u00e1n que eso se debe a que no quieren que los franceses hablen en las urnas\u201d. \u201cHay el riesgo de que este culebr\u00f3n refuerce la abstenci\u00f3n\u201d, advierte Palombarini. \u201cY que sea a\u00fan m\u00e1s dif\u00edcil movilizar a los votantes progresistas en los pr\u00f3ximos comicios\u201d.<\/p>\n","protected":false},"excerpt":{"rendered":"Uno puede tener la tentaci\u00f3n de recurrir a Karl Marx con uno de los pasajes m\u00e1s famosos de&hellip;\n","protected":false},"author":2,"featured_media":171516,"comment_status":"","ping_status":"","sticky":false,"template":"","format":"standard","meta":{"footnotes":""},"categories":[42],"tags":[517,17,18,13,14,11,61,62,63,64,19,20,9,10,15,16,12,21,22,65,66,67],"class_list":{"0":"post-171515","1":"post","2":"type-post","3":"status-publish","4":"format-standard","5":"has-post-thumbnail","7":"category-internacional","8":"tag-actualidad","9":"tag-breaking-news","10":"tag-breakingnews","11":"tag-featured-news","12":"tag-featurednews","13":"tag-headlines","14":"tag-internacional","15":"tag-international","16":"tag-international-news","17":"tag-internationalnews","18":"tag-latest-news","19":"tag-latestnews","20":"tag-news","21":"tag-noticias","22":"tag-noticias-destacadas","23":"tag-noticiasdestacadas","24":"tag-titulares","25":"tag-ultimas-noticias","26":"tag-ultimasnoticias","27":"tag-world","28":"tag-world-news","29":"tag-worldnews"},"share_on_mastodon":{"url":"","error":""},"_links":{"self":[{"href":"https:\/\/www.europesays.com\/es\/wp-json\/wp\/v2\/posts\/171515","targetHints":{"allow":["GET"]}}],"collection":[{"href":"https:\/\/www.europesays.com\/es\/wp-json\/wp\/v2\/posts"}],"about":[{"href":"https:\/\/www.europesays.com\/es\/wp-json\/wp\/v2\/types\/post"}],"author":[{"embeddable":true,"href":"https:\/\/www.europesays.com\/es\/wp-json\/wp\/v2\/users\/2"}],"replies":[{"embeddable":true,"href":"https:\/\/www.europesays.com\/es\/wp-json\/wp\/v2\/comments?post=171515"}],"version-history":[{"count":0,"href":"https:\/\/www.europesays.com\/es\/wp-json\/wp\/v2\/posts\/171515\/revisions"}],"wp:featuredmedia":[{"embeddable":true,"href":"https:\/\/www.europesays.com\/es\/wp-json\/wp\/v2\/media\/171516"}],"wp:attachment":[{"href":"https:\/\/www.europesays.com\/es\/wp-json\/wp\/v2\/media?parent=171515"}],"wp:term":[{"taxonomy":"category","embeddable":true,"href":"https:\/\/www.europesays.com\/es\/wp-json\/wp\/v2\/categories?post=171515"},{"taxonomy":"post_tag","embeddable":true,"href":"https:\/\/www.europesays.com\/es\/wp-json\/wp\/v2\/tags?post=171515"}],"curies":[{"name":"wp","href":"https:\/\/api.w.org\/{rel}","templated":true}]}}