{"id":171519,"date":"2025-10-12T10:23:11","date_gmt":"2025-10-12T10:23:11","guid":{"rendered":"https:\/\/www.europesays.com\/es\/171519\/"},"modified":"2025-10-12T10:23:11","modified_gmt":"2025-10-12T10:23:11","slug":"el-papa-recuerda-que-maria-no-sustituye-a-cristo-sino-que-conduce-a-el","status":"publish","type":"post","link":"https:\/\/www.europesays.com\/es\/171519\/","title":{"rendered":"El Papa recuerda que Mar\u00eda no sustituye a Cristo, sino que conduce a \u00c9l"},"content":{"rendered":"<p>El Papa Le\u00f3n XIV preside la santa Misa con ocasi\u00f3n del Jubileo de la Espiritualidad Mariana y recuerda que el centro de este Jubileo no es Mar\u00eda sola, sino Mar\u00eda que nos lleva a Cristo, fuente de la verdadera conversi\u00f3n y renovaci\u00f3n del mundo.<\/p>\n<p><b>Mireia Bonilla \u2013 Ciudad del Vaticano<\/b><\/p>\n<p>Ante miles de fieles reunidos en la Plaza de San Pedro, el Papa Le\u00f3n XIV presidi\u00f3 esta ma\u00f1ana la Santa Misa con motivo del Jubileo de la Espiritualidad Mariana, que se est\u00e1 celebrando este fin de semana en Roma. En su homil\u00eda, el Pont\u00edfice exhort\u00f3 a los fieles a \u201crecordar siempre a Jesucristo\u201d, subrayando que toda aut\u00e9ntica espiritualidad cristiana \u2014incluida la mariana\u2014 tiene a Jes\u00fas como centro.<\/p>\n<p>\u201cLa espiritualidad mariana, que alimenta nuestra fe, tiene a Jes\u00fas como centro. Como el domingo, que abre cada nueva semana en el horizonte de su resurrecci\u00f3n de entre los muertos\u201d.<\/p>\n<p>Despu\u00e9s, citando al ap\u00f3stol Pablo, recuerda que \u201cel domingo nos hace cristianos porque llena la memoria incandescente de Jes\u00fas nuestro sentir y nuestro pensar, modificando nuestra convivencia, nuestra forma de habitar la tierra.\u201d<\/p>\n<p>La lecci\u00f3n de Naam\u00e1n <\/p>\n<p>El Pont\u00edfice contin\u00faa su homil\u00eda reflexionando sobre \u201cla curaci\u00f3n de Naam\u00e1n, el sirio\u201d. La historia de Naam\u00e1n muestra c\u00f3mo la verdadera grandeza no reside en t\u00edtulos, medallas o prestigio, sino en la apertura a la gracia de Dios:\u00a0\u201cSi Naam\u00e1n s\u00f3lo hubiera seguido acumulando medallas para poner en su armadura, al final habr\u00eda sido devorado por la lepra; aparentemente vivo, s\u00ed, pero cerrado y aislado en su enfermedad. De este peligro nos libera Jes\u00fas, \u00c9l que no lleva armaduras, sino que nace y muere desnudo\u201d.<\/p>\n<p>Y es que en un mundo que valora los t\u00edtulos, los logros y el reconocimiento, el Papa Prevost nos recuerda que el amor de Dios no se gana ni se mide:\u00a0\u201cQuiz\u00e1s, cuantos menos t\u00edtulos se puedan ostentar, m\u00e1s claro est\u00e1 que el amor es gratuito. Dios es puro don, sola gracia, pero \u00a1cu\u00e1ntas voces y convicciones pueden separarnos tambi\u00e9n hoy de esta verdad desnuda y disruptiva!\u201d.<\/p>\n<p>     <a href=\"https:\/\/www.vaticannews.va\/es\/vaticano\/news\/2025-10\/jubileo-de-la-espiritualidad-mariana-30-000-personas-en-roma.html\" title=\"Jubileo de la Espiritualidad Mariana: Homenaje del Papa a Nuestra Se\u00f1ora de F\u00e1tima\" rel=\"nofollow noopener\" target=\"_blank\"><\/p>\n<p>        <img decoding=\"async\" src=\"data:image\/gif;base64,R0lGODlhAQABAIAAAAAAAP\/\/\/yH5BAEAAAAALAAAAAABAAEAAAIBRAA7\" data-original=\"https:\/\/www.vaticannews.va\/content\/dam\/vaticannews\/multimedia\/2025\/ottobre\/07\/Madonna-Fatima.jpg\/_jcr_content\/renditions\/cq5dam.thumbnail.cropped.500.281.jpeg\" alt=\"Jubileo de la Espiritualidad Mariana: Homenaje del Papa a Nuestra Se\u00f1ora de F\u00e1tima\"\/><\/p>\n<p>      <\/a><\/p>\n<p>\n      Para el Jubileo, la estatua original de la Sant\u00edsima Virgen, conservada en el Santuario de las Apariciones, tendr\u00e1 una presencia excepcional en Roma, con una estima de 30 mil &#8230;\n     <\/p>\n<p>Invitaci\u00f3n a un encuentro real con Dios y con los dem\u00e1s <\/p>\n<p>\u201cCuid\u00e9monos, pues, de ese subir al templo que no nos lleva a seguir a Jes\u00fas\u201d, ha advertido el en su homil\u00eda de hoy, subrayando la importancia de que la pr\u00e1ctica religiosa sea un verdadero encuentro con Dios y con los dem\u00e1s. \u201cExisten formas de culto que no nos unen a los dem\u00e1s y nos anestesian el coraz\u00f3n\u201d, agreg\u00f3 el Papa, recordando que la fe aut\u00e9ntica requiere apertura, compromiso y cercan\u00eda, tal como lo hizo Mar\u00eda en \u201cel cambio del mundo y en la alegr\u00eda del Magnificat\u201d.<\/p>\n<p>Otra advertencia del Papa ha sido sobre la \u201cinstrumentalizaci\u00f3n de la fe\u201d. El Santo Padre recuerda que \u201cse corre el riesgo de transformar a los diferentes \u2014a menudo los pobres\u2014 en enemigos, en \u201cleprosos\u201d a los que hay que evitar y rechazar\u201d.<\/p>\n<p>Mar\u00eda sigue a Jes\u00fas hacia los pobres y necesitados <\/p>\n<p>\u201cEl camino de Mar\u00eda va tras el de Jes\u00fas, y el de Jes\u00fas es hacia cada ser humano, especialmente hacia los pobres, los heridos, los pecadores\u201d.\u00a0As\u00ed de claro lo ha explicado el Papa en su homil\u00eda, \u00a0en la que tambi\u00e9n ha recordado que \u201cla aut\u00e9ntica espiritualidad mariana hace actual en la Iglesia la ternura de Dios, su maternidad\u201d porque \u201ccada vez que miramos a Mar\u00eda, volvemos a creer en la fuerza revolucionaria de la ternura y del afecto\u201d. De hecho \u2013 subraya \u2013 \u201cen ella vemos que la humildad y la ternura no son virtudes de los d\u00e9biles, sino de los fuertes, que no necesitan maltratar a los dem\u00e1s para sentirse importantes\u201d.<\/p>\n<p>Exhortaci\u00f3n por la Paz <\/p>\n<p>Por \u00faltimo, destaca la exhortaci\u00f3n del Papa Prevost a \u201cbuscar la justicia y la paz\u201d y a \u201cmantener viva la espiritualidad cristiana, la devoci\u00f3n popular por aquellos hechos y lugares que, bendecidos por Dios, han cambiado para siempre la faz de la tierra\u201d.<\/p>\n","protected":false},"excerpt":{"rendered":"El Papa Le\u00f3n XIV preside la santa Misa con ocasi\u00f3n del Jubileo de la Espiritualidad Mariana y recuerda&hellip;\n","protected":false},"author":2,"featured_media":171520,"comment_status":"","ping_status":"","sticky":false,"template":"","format":"standard","meta":{"footnotes":""},"categories":[5],"tags":[436,17,18,25,24,13,14,11,35309,401,435,19,20,12360,9,10,15,16,400,23,12,21,22,22259],"class_list":{"0":"post-171519","1":"post","2":"type-post","3":"status-publish","4":"format-standard","5":"has-post-thumbnail","7":"category-titulares","8":"tag-jubileo2025","9":"tag-breaking-news","10":"tag-breakingnews","11":"tag-es","12":"tag-espana","13":"tag-featured-news","14":"tag-featurednews","15":"tag-headlines","16":"tag-homilia","17":"tag-iglesia-catolica","18":"tag-jubileo","19":"tag-latest-news","20":"tag-latestnews","21":"tag-misa","22":"tag-news","23":"tag-noticias","24":"tag-noticias-destacadas","25":"tag-noticiasdestacadas","26":"tag-papa-leon-xiv","27":"tag-spain","28":"tag-titulares","29":"tag-ultimas-noticias","30":"tag-ultimasnoticias","31":"tag-virgen-maria"},"share_on_mastodon":{"url":"","error":""},"_links":{"self":[{"href":"https:\/\/www.europesays.com\/es\/wp-json\/wp\/v2\/posts\/171519","targetHints":{"allow":["GET"]}}],"collection":[{"href":"https:\/\/www.europesays.com\/es\/wp-json\/wp\/v2\/posts"}],"about":[{"href":"https:\/\/www.europesays.com\/es\/wp-json\/wp\/v2\/types\/post"}],"author":[{"embeddable":true,"href":"https:\/\/www.europesays.com\/es\/wp-json\/wp\/v2\/users\/2"}],"replies":[{"embeddable":true,"href":"https:\/\/www.europesays.com\/es\/wp-json\/wp\/v2\/comments?post=171519"}],"version-history":[{"count":0,"href":"https:\/\/www.europesays.com\/es\/wp-json\/wp\/v2\/posts\/171519\/revisions"}],"wp:featuredmedia":[{"embeddable":true,"href":"https:\/\/www.europesays.com\/es\/wp-json\/wp\/v2\/media\/171520"}],"wp:attachment":[{"href":"https:\/\/www.europesays.com\/es\/wp-json\/wp\/v2\/media?parent=171519"}],"wp:term":[{"taxonomy":"category","embeddable":true,"href":"https:\/\/www.europesays.com\/es\/wp-json\/wp\/v2\/categories?post=171519"},{"taxonomy":"post_tag","embeddable":true,"href":"https:\/\/www.europesays.com\/es\/wp-json\/wp\/v2\/tags?post=171519"}],"curies":[{"name":"wp","href":"https:\/\/api.w.org\/{rel}","templated":true}]}}