{"id":171521,"date":"2025-10-12T10:24:09","date_gmt":"2025-10-12T10:24:09","guid":{"rendered":"https:\/\/www.europesays.com\/es\/171521\/"},"modified":"2025-10-12T10:24:09","modified_gmt":"2025-10-12T10:24:09","slug":"espana-repite-triunfo-en-el-torneo-masculino-y-cae-en-el-femenino","status":"publish","type":"post","link":"https:\/\/www.europesays.com\/es\/171521\/","title":{"rendered":"Espa\u00f1a repite triunfo en el torneo masculino y cae en el femenino"},"content":{"rendered":"<p class=\"paragraph-atom &#10;        B-500-300-700-N B-550-300-700-N--md  \">La selecci\u00f3n espa\u00f1ola masculina de <a href=\"https:\/\/www.atlantico.net\/temas\/baloncesto\/\" rel=\"nofollow noopener\" target=\"_blank\">baloncesto<\/a> en silla de ruedas, con el baion\u00e9s Julio Vilas en sus filas, se impuso ayer con suspense a la de Turqu\u00eda (56-55) en la segunda jornada de la fase <strong>de grupos de los Campeonatos de Europa <\/strong>que se disputan en Sarajevo, donde el combinado femenino cay\u00f3 ante Pa\u00edses Bajos (44-75) con la viguesa Vicky Alonso Vilari\u00f1o en el quinteto titular. De esta manera, el conjunto que dirige Abraham Carri\u00f3n sum\u00f3 la segunda victoria consecutiva y el que entrena V\u00edctor Ramos, la segunda derrota en otros tantos partidos.<\/p>\n<p class=\"paragraph-atom &#10;        B-500-300-700-N B-550-300-700-N--md  \">Julio Vilas no tuvo minutos en la segunda cita del equipo masculino de Espa\u00f1a, que, tras arrollar a Austria en el primer encuentro, sufri\u00f3 para doblegar a los turcos. Los de <strong>Carri\u00f3n llegaron a tener una buena ventaja al final del tercer cuarto (44-32),<\/strong> pero el cuadro otomano remont\u00f3 y lleg\u00f3 a ponerse por delante en dos ocasiones, la \u00faltima a 20 segundos del final (54-55). \u00d3scar Onrubia anot\u00f3 cuando quedaban s\u00f3lo seis y el turco G\u00fcltekin no acert\u00f3 bajo el aro en el \u00faltimo ataque. Tras esta victoria, Espa\u00f1a vuelve hoy a la pista para medirse con Polonia (17:00).<\/p>\n<p class=\"paragraph-atom &#10;        B-500-300-700-N B-550-300-700-N--md  \">Por su parte, la viguesa <strong>Vicky Alonso Vilari\u00f1o<\/strong> form\u00f3 parte del quinteto espa\u00f1ol femenino y jug\u00f3 cerca de ocho minutos en la derrota ante Pa\u00edses Bajos (44-75). Hoy, el rival ser\u00e1 Francia (12:00) en la tercera jornada del Europeo.<\/p>\n","protected":false},"excerpt":{"rendered":"La selecci\u00f3n espa\u00f1ola masculina de baloncesto en silla de ruedas, con el baion\u00e9s Julio Vilas en sus filas,&hellip;\n","protected":false},"author":2,"featured_media":171522,"comment_status":"","ping_status":"","sticky":false,"template":"","format":"standard","meta":{"footnotes":""},"categories":[278],"tags":[376,168,25,24,375,10666,6610,23,167,775,2886],"class_list":{"0":"post-171521","1":"post","2":"type-post","3":"status-publish","4":"format-standard","5":"has-post-thumbnail","7":"category-balonmano","8":"tag-balonmano","9":"tag-deportes","10":"tag-es","11":"tag-espana","12":"tag-handball","13":"tag-masculino","14":"tag-repite","15":"tag-spain","16":"tag-sports","17":"tag-torneo","18":"tag-triunfo"},"share_on_mastodon":{"url":"","error":""},"_links":{"self":[{"href":"https:\/\/www.europesays.com\/es\/wp-json\/wp\/v2\/posts\/171521","targetHints":{"allow":["GET"]}}],"collection":[{"href":"https:\/\/www.europesays.com\/es\/wp-json\/wp\/v2\/posts"}],"about":[{"href":"https:\/\/www.europesays.com\/es\/wp-json\/wp\/v2\/types\/post"}],"author":[{"embeddable":true,"href":"https:\/\/www.europesays.com\/es\/wp-json\/wp\/v2\/users\/2"}],"replies":[{"embeddable":true,"href":"https:\/\/www.europesays.com\/es\/wp-json\/wp\/v2\/comments?post=171521"}],"version-history":[{"count":0,"href":"https:\/\/www.europesays.com\/es\/wp-json\/wp\/v2\/posts\/171521\/revisions"}],"wp:featuredmedia":[{"embeddable":true,"href":"https:\/\/www.europesays.com\/es\/wp-json\/wp\/v2\/media\/171522"}],"wp:attachment":[{"href":"https:\/\/www.europesays.com\/es\/wp-json\/wp\/v2\/media?parent=171521"}],"wp:term":[{"taxonomy":"category","embeddable":true,"href":"https:\/\/www.europesays.com\/es\/wp-json\/wp\/v2\/categories?post=171521"},{"taxonomy":"post_tag","embeddable":true,"href":"https:\/\/www.europesays.com\/es\/wp-json\/wp\/v2\/tags?post=171521"}],"curies":[{"name":"wp","href":"https:\/\/api.w.org\/{rel}","templated":true}]}}