{"id":171523,"date":"2025-10-12T10:28:09","date_gmt":"2025-10-12T10:28:09","guid":{"rendered":"https:\/\/www.europesays.com\/es\/171523\/"},"modified":"2025-10-12T10:28:09","modified_gmt":"2025-10-12T10:28:09","slug":"la-academia-de-carlos-alcaraz-se-expande-por-el-mundo-y-llega-a-america-y-australia","status":"publish","type":"post","link":"https:\/\/www.europesays.com\/es\/171523\/","title":{"rendered":"La academia de Carlos Alcaraz se expande por el mundo y llega a Am\u00e9rica y Australia"},"content":{"rendered":"<p class=\"ft-text\">La <strong>Carlos Alcaraz Academy<\/strong>, escuela ten\u00edstica que dirige y gestiona desde hace 32 a\u00f1os el padre del n\u00famero 1 de la ATP, da el salto internacional y se <strong>expande a Estados Unidos, Sudam\u00e9rica y Australia<\/strong>.<\/p>\n<p class=\"ft-text\">El jugador murciano, cuya imagen est\u00e1 muy presente en cada rinc\u00f3n de la academia que se encarga de la formaci\u00f3n de j\u00f3venes valores en la Real Sociedad Club de Campo de Murcia, favorece la llegada de este centro a distintos pa\u00edses en los que se ya se han organizado campus con su sello.<\/p>\n<p class=\"ft-text\">Fue en septiembre de 1993 cuando Carlos Alcaraz Gonz\u00e1lez dio el paso de crear esta escuela. Por aquel entonces faltaban casi una d\u00e9cada para que naciera el segundo de sus cuatro hijos, Carlos Alcaraz Garfia, quien hoy domina el circuito y, a sus 22 primaveras, ya lleva ganados 24 trofeos como profesional, seis de ellos de Grand Slam.<\/p>\n<p class=\"ft-text\">Carlitos dio sus primeros raquetazos en el club Tiro de Pich\u00f3n de El Palmar, como se le conoce popularmente, un lugar al que vuelve para entrenar y para compartir un rato con quienes siguen siendo sus amigos. Para \u00e9l es volver a casa y se siente muy a gusto tras sus largas estancias en el extranjero por el apretado calendario ten\u00edstico al que se enfrenta temporada tras temporadas y, desde 2020, como profesional de su deporte.<\/p>\n<p class=\"ft-text\">Sin duda que el fen\u00f3meno Carlos Alcaraz tiene su repercusi\u00f3n en la escuela que lleva su nombre y su apellido y en la que su imagen se hace visible. No en vano, conforme uno se da una vuelta por las instalaciones encuentra sus fotos, algunas de ellas firmadas, y que se ven desde la entrada al recinto, hasta en alguna de sus pistas, en oficinas y otras dependencias.<\/p>\n<p class=\"ft-text\"><strong>\u00abLa escuela ha crecido mucho y entre los factores que influyen en ello est\u00e1 la eclosi\u00f3n de Carlos como tenista profesional de primer\u00edsimo nivel. Estamos en un momento dulce y los ni\u00f1os, viendo lo que \u00e9l ha sido capaz de conseguir ya, tienen cada vez m\u00e1s ganas de competir y sus padres de apuntarles\u00bb, <\/strong>indica Alfredo Octavo Sarri\u00e1 Amor\u00f3s, socio de Carlos Alcaraz Gonz\u00e1lez en diversos negocios y desde 2016 juntos en este proyecto.<\/p>\n<p class=\"ft-text\">La Carlos Alcaraz Academy cuenta en la actualidad con unos 300 alumnos entre menores y adultos y hay lista de espera, sobre todo para los no socios del club. \u00abPara ni\u00f1os siempre hay plazas pensando en que puedan ingresar tenistas de un buen nivel y que se integren en los grupos ya existentes y tambi\u00e9n las hay para ni\u00f1os peque\u00f1os desde los tres a\u00f1os\u00bb, se\u00f1ala quien coordina la escuela, que funciona de lunes a viernes por la tarde, de cuatro a ocho y media y los adultos hasta las nueve y media, y tambi\u00e9n los s\u00e1bados por la ma\u00f1ana.<\/p>\n<p class=\"ft-text\">Los m\u00e1s destacados forman los grupos de competici\u00f3n y alrededor de 80 tenistas de la Real Sociedad Club de Campo salen a jugar en torneos de distintas categor\u00edas a nivel nacional como Alfredo Sarri\u00e1, Javier Ibarrola, Yelizaveta Ksozenko, Jimena Beramendi, Jaime Alcaraz -hermano menor del l\u00edder de la ATP- y \u00c1lvaro Mar\u00edn. Los dos \u00faltimos, adem\u00e1s, lo hacen en el \u00e1mbito internacional. Por equipos, el alev\u00edn del club fue campe\u00f3n de Espa\u00f1a hace un par de a\u00f1os y las categor\u00edas inferiores siguen destacando en los torneos estatales en los que toman parte.<\/p>\n<p class=\"ft-text\"><strong>\u00abNos volcamos con los jugadores y las jugadoras j\u00f3venes y tenemos vocaci\u00f3n de crecer con esa base pues esto lo entendemos como una piramide formativa en la que el inicio es fundamental pues los que empiezan hoy son los tenistas del ma\u00f1ana.<\/strong> Realizando ese trabajo que llevamos a cabo de forma correcta dentro de unos a\u00f1os podr\u00edamos estar hablando de que algunos de estos tenistas, como sucedi\u00f3 con Carlos Alcaraz, est\u00e1n compitiendo torneos Challenger o del circuito ATP y, aunque es compliado llegar a ese nivel, tienen posibilidades de estar ah\u00ed\u00bb, cuenta Sarri\u00e1.<\/p>\n<p class=\"ft-text\">En torno<strong> al 70 % del alumnado de la escuela es masculino y el 30 % restante femenino <\/strong>y las <strong>pistas de El Palmar<\/strong> las pisan, adem\u00e1s de espa\u00f1oles, jugadores de pa\u00edses como Ucrania, Rusia, Polonia, Rep\u00fablica Checa, M\u00e9xico y Australia.<\/p>\n<p class=\"ft-text\">El car\u00e1cter internacional de CA Academy va m\u00e1s all\u00e1 y su expansi\u00f3n se hace evidente de un tiempo a esta parte. No en vano, en verano estuvo en California, en la costa Oeste de Estados Unidos; y tambi\u00e9n la acogieron en Acapulco -M\u00e9xico- y en Melbourne -Australia-. Adem\u00e1s, tiene programado otro campus en Chile, a celebrar en diciembre, una nueva incursi\u00f3n en la que se dar\u00e1 a conocer la metodolog\u00eda que llev\u00f3 a Carlos a ocupa la cima del tenis mundial.<\/p>\n<p class=\"ft-text\">\u00abLa academia va teniendo cada vez m\u00e1s visibilidad y eso se aprecia tambi\u00e9n en el exterior. A las actividades que se organizan acuden quienes fueron compa\u00f1eros de Carlos, jugadores de su misma edad que entrenaban con \u00e9l y que se formaron como t\u00e9cnicos, y tambi\u00e9n entrenadores veteranos que tuvieron cierta relevancia en su vida deportiva\u00bb, explica Alfredo Sarri\u00e1.<\/p>\n<p class=\"ft-text\">\u00ab<strong>Carlos lo tiene dif\u00edcil para acudir, pero por ejemplo en Australia s\u00ed lo hizo, y lo que suele hacer es enviar alg\u00fan v\u00eddeo saludando y hasta animando a quienes participan en esos campus a venir a Murcia<\/strong>\u00ab, apostilla orgulloso de la evoluci\u00f3n de una escuela referente en Espa\u00f1a y que va camino de serlo en otros pa\u00edses.<\/p>\n","protected":false},"excerpt":{"rendered":"La Carlos Alcaraz Academy, escuela ten\u00edstica que dirige y gestiona desde hace 32 a\u00f1os el padre del n\u00famero&hellip;\n","protected":false},"author":2,"featured_media":171524,"comment_status":"","ping_status":"","sticky":false,"template":"","format":"standard","meta":{"footnotes":""},"categories":[274],"tags":[923,4736,415,545,168,25,24,38074,3013,23,167,327,326],"class_list":{"0":"post-171523","1":"post","2":"type-post","3":"status-publish","4":"format-standard","5":"has-post-thumbnail","7":"category-tenis","8":"tag-academia","9":"tag-alcaraz","10":"tag-carlos","11":"tag-carlos-alcaraz","12":"tag-deportes","13":"tag-es","14":"tag-espana","15":"tag-expande","16":"tag-mundo","17":"tag-spain","18":"tag-sports","19":"tag-tenis","20":"tag-tennis"},"share_on_mastodon":{"url":"","error":""},"_links":{"self":[{"href":"https:\/\/www.europesays.com\/es\/wp-json\/wp\/v2\/posts\/171523","targetHints":{"allow":["GET"]}}],"collection":[{"href":"https:\/\/www.europesays.com\/es\/wp-json\/wp\/v2\/posts"}],"about":[{"href":"https:\/\/www.europesays.com\/es\/wp-json\/wp\/v2\/types\/post"}],"author":[{"embeddable":true,"href":"https:\/\/www.europesays.com\/es\/wp-json\/wp\/v2\/users\/2"}],"replies":[{"embeddable":true,"href":"https:\/\/www.europesays.com\/es\/wp-json\/wp\/v2\/comments?post=171523"}],"version-history":[{"count":0,"href":"https:\/\/www.europesays.com\/es\/wp-json\/wp\/v2\/posts\/171523\/revisions"}],"wp:featuredmedia":[{"embeddable":true,"href":"https:\/\/www.europesays.com\/es\/wp-json\/wp\/v2\/media\/171524"}],"wp:attachment":[{"href":"https:\/\/www.europesays.com\/es\/wp-json\/wp\/v2\/media?parent=171523"}],"wp:term":[{"taxonomy":"category","embeddable":true,"href":"https:\/\/www.europesays.com\/es\/wp-json\/wp\/v2\/categories?post=171523"},{"taxonomy":"post_tag","embeddable":true,"href":"https:\/\/www.europesays.com\/es\/wp-json\/wp\/v2\/tags?post=171523"}],"curies":[{"name":"wp","href":"https:\/\/api.w.org\/{rel}","templated":true}]}}