{"id":171527,"date":"2025-10-12T10:30:19","date_gmt":"2025-10-12T10:30:19","guid":{"rendered":"https:\/\/www.europesays.com\/es\/171527\/"},"modified":"2025-10-12T10:30:19","modified_gmt":"2025-10-12T10:30:19","slug":"christian-horner-dara-un-discurso-sobre-sus-primeros-planes","status":"publish","type":"post","link":"https:\/\/www.europesays.com\/es\/171527\/","title":{"rendered":"Christian Horner dar\u00e1 un discurso sobre sus primeros planes"},"content":{"rendered":"<p>Los primeros pasos del que ser\u00e1 su reinicio profesional se est\u00e1n trazando mientras <b>Horner<\/b> confirma que reaparecer\u00e1 ante el p\u00fablico. A sus 51 a\u00f1os, acept\u00f3 ser el orador principal en el Sal\u00f3n Europeo del <b>Autom\u00f3vil<\/b>, que ser\u00e1 inaugurado en Dubl\u00edn a finales de enero de 2026, y su intervenci\u00f3n est\u00e1 programada para el s\u00e1bado 31, el primer d\u00eda del evento.<\/p>\n<p>Durante m\u00e1s de dos d\u00e9cadas al mando de Red Bull, Horner acumul\u00f3 victorias, t\u00edtulos y pol\u00e9micas. Ahora, quiere aprovechar este momento para compartir su experiencia: reflexionar sobre el futuro del automovilismo, la innovaci\u00f3n y los retos que afronta la industria. Ser\u00e1 una de sus primeras apariciones importantes desde que dej\u00f3 sus funciones operativas en la escuder\u00eda en julio pasado.<\/p>\n<p>\u201cEs un honor para m\u00ed unirme al <b>Sal\u00f3n Europeo del Autom\u00f3vil <\/b>inaugural\u201d, declar\u00f3. \u201cIrlanda tiene una rica herencia en el deporte del motor. Espero entablar debates sobre el futuro del rendimiento, la innovaci\u00f3n y las personas que impulsan el cambio en nuestro deporte.\u201d<\/p>\n<p>Fuentes cercanas afirman que Horner ha iniciado contactos con varios propietarios de equipos de F\u00f3rmula 1, aunque hasta ahora no hay confirmaciones de que vaya a asumir un rol operativo o realizar inversiones sustanciales en una escuder\u00eda. En el circuito de Marina Bay se coment\u00f3: \u201cChristian est\u00e1 llamando a casi todos los propietarios de equipos\u2026 no hay planes confirmados para participaci\u00f3n operativa ni inversi\u00f3n futura\u201d.<\/p>\n<p>Por otro lado, James Vowles, director del equipo <b>Williams<\/b>, dijo que estar\u00eda abierto a una conversaci\u00f3n con Horner, pero dej\u00f3 claro que no ve raz\u00f3n para modificar la estructura de su escuder\u00eda actual. \u201cEstamos muy contentos con lo que tenemos y c\u00f3mo funciona. No considero que haya necesidad de cambios al respecto\u201d.<\/p>\n","protected":false},"excerpt":{"rendered":"Los primeros pasos del que ser\u00e1 su reinicio profesional se est\u00e1n trazando mientras Horner confirma que reaparecer\u00e1 ante&hellip;\n","protected":false},"author":2,"featured_media":92137,"comment_status":"","ping_status":"","sticky":false,"template":"","format":"standard","meta":{"footnotes":""},"categories":[270],"tags":[168,25,24,306,271,272,23,167],"class_list":{"0":"post-171527","1":"post","2":"type-post","3":"status-publish","4":"format-standard","5":"has-post-thumbnail","7":"category-formula-1","8":"tag-deportes","9":"tag-es","10":"tag-espana","11":"tag-f1","12":"tag-formula-1","13":"tag-formula1","14":"tag-spain","15":"tag-sports"},"share_on_mastodon":{"url":"","error":""},"_links":{"self":[{"href":"https:\/\/www.europesays.com\/es\/wp-json\/wp\/v2\/posts\/171527","targetHints":{"allow":["GET"]}}],"collection":[{"href":"https:\/\/www.europesays.com\/es\/wp-json\/wp\/v2\/posts"}],"about":[{"href":"https:\/\/www.europesays.com\/es\/wp-json\/wp\/v2\/types\/post"}],"author":[{"embeddable":true,"href":"https:\/\/www.europesays.com\/es\/wp-json\/wp\/v2\/users\/2"}],"replies":[{"embeddable":true,"href":"https:\/\/www.europesays.com\/es\/wp-json\/wp\/v2\/comments?post=171527"}],"version-history":[{"count":0,"href":"https:\/\/www.europesays.com\/es\/wp-json\/wp\/v2\/posts\/171527\/revisions"}],"wp:featuredmedia":[{"embeddable":true,"href":"https:\/\/www.europesays.com\/es\/wp-json\/wp\/v2\/media\/92137"}],"wp:attachment":[{"href":"https:\/\/www.europesays.com\/es\/wp-json\/wp\/v2\/media?parent=171527"}],"wp:term":[{"taxonomy":"category","embeddable":true,"href":"https:\/\/www.europesays.com\/es\/wp-json\/wp\/v2\/categories?post=171527"},{"taxonomy":"post_tag","embeddable":true,"href":"https:\/\/www.europesays.com\/es\/wp-json\/wp\/v2\/tags?post=171527"}],"curies":[{"name":"wp","href":"https:\/\/api.w.org\/{rel}","templated":true}]}}