{"id":171538,"date":"2025-10-12T10:38:08","date_gmt":"2025-10-12T10:38:08","guid":{"rendered":"https:\/\/www.europesays.com\/es\/171538\/"},"modified":"2025-10-12T10:38:08","modified_gmt":"2025-10-12T10:38:08","slug":"mi-ilustrisimo-amigo-el-amor-de-dona-emilia-y-don-benito","status":"publish","type":"post","link":"https:\/\/www.europesays.com\/es\/171538\/","title":{"rendered":"\u00abMi ilustr\u00edsimo amigo\u00bb, el amor de do\u00f1a Emilia y don Benito"},"content":{"rendered":"<p>\t\t\t \t\t \t\t\t\t\t\t\tUn fotograma de \u00abMi ilustr\u00edsimo amigo\u00bb, la nueva pel\u00edcula de Paula Cons, protagonizada por Luc\u00eda Veiga y Paco D\u00e9niz. <strong class=\"pd-l\"\/><\/p>\n<p>\t\t\t\t\t\tEl nuevo filme de la gallega Paula Cons\u00a0se antoja una obra inclasificable que aborda el desprejuiciado v\u00ednculo sentimental entre Pardo Baz\u00e1n y P\u00e9rez Gald\u00f3n<br \/>\n\t\t\t\t\t\t<strong>12 oct 2025<\/strong> . Actualizado a las 05:00 h.\t\t\t\t\t\t<\/p>\n<p class=\"txt first-paragraph\">&#13;<br \/>\n    \t La figura de la escritora e intelectual coru\u00f1esa ya hab\u00eda tenido en Galicia un interesante enfoque en clave telefilme (el matiz no es gratuito, pues su narrativa difiere de lo exigible para pantalla grande en&#13;\n\t<\/p>\n<p>&#13;<br \/>\n\t\t\t\t\tContenido exclusivo para suscriptores&#13;\n\t\t\t\t<\/p>\n<p>\t\t\t\t\tContin\u00faa leyendo con un 85% dto.<\/p>\n<p>\t\t\t\t\t\tSuscr\u00edbete por solo<br \/>\n\t\t\t\t\t\t\t\t\t\t\t\t1\u20ac\/mes<br \/>\n\t\t\t\t\t\tdurante 3 meses\t\t\t\t\t\t<\/p>\n<p>\t\t\t\t\t\t<a href=\"https:\/\/elquiosco.lavozdegalicia.es\/suscripciones\/19-45-suscripcion-webapp.html?dllvdg=0003_202510E12P45991&amp;urlData=https:\/\/www.lavozdegalicia.es\/noticia\/cultura\/2025\/10\/12\/amor-dona-emilia-don-benito\/0003_202510E12P45991.htm\" class=\"btn-brand btn sz-t-s no-brd t-sserif pd-h-2 btnAddToCart\" data-analytics-event=\"addToCart\" data-product-name=\"Suscripci\u00f3n WEB+APP\" data-product-price=\"1.00 \" data-product-coupon=\"2025_OCTUBRE_1E3M_WEB_MES\" data-product-periodicity=\"Mensual\" rel=\"nofollow noopener\" target=\"_blank\">Suscr\u00edbete <\/a>\t\t\t\t\t\t<\/p>\n<p>\t\t\t\t\t&#13;<br \/>\n\t\t\t\t\t\u00bfYa eres subscriptor? <a href=\"https:\/\/miperfil.lavozdegalicia.es\/login.jsp?url=https:\/\/www.lavozdegalicia.es\/noticia\/cultura\/2025\/10\/12\/amor-dona-emilia-don-benito\/0003_202510E12P45991.htm\" class=\"c-white\" rel=\"nofollow noopener\" target=\"_blank\">Inicia sesi\u00f3n<\/a>&#13;<\/p>\n","protected":false},"excerpt":{"rendered":"Un fotograma de \u00abMi ilustr\u00edsimo amigo\u00bb, la nueva pel\u00edcula de Paula Cons, protagonizada por Luc\u00eda Veiga y Paco&hellip;\n","protected":false},"author":2,"featured_media":171539,"comment_status":"","ping_status":"","sticky":false,"template":"","format":"standard","meta":{"footnotes":""},"categories":[169],"tags":[177,32282,146,147,25,24,176,175,23],"class_list":{"0":"post-171538","1":"post","2":"type-post","3":"status-publish","4":"format-standard","5":"has-post-thumbnail","7":"category-cine","8":"tag-cine","9":"tag-emilia-pardo-bazan","10":"tag-entertainment","11":"tag-entretenimiento","12":"tag-es","13":"tag-espana","14":"tag-film","15":"tag-movies","16":"tag-spain"},"share_on_mastodon":{"url":"","error":""},"_links":{"self":[{"href":"https:\/\/www.europesays.com\/es\/wp-json\/wp\/v2\/posts\/171538","targetHints":{"allow":["GET"]}}],"collection":[{"href":"https:\/\/www.europesays.com\/es\/wp-json\/wp\/v2\/posts"}],"about":[{"href":"https:\/\/www.europesays.com\/es\/wp-json\/wp\/v2\/types\/post"}],"author":[{"embeddable":true,"href":"https:\/\/www.europesays.com\/es\/wp-json\/wp\/v2\/users\/2"}],"replies":[{"embeddable":true,"href":"https:\/\/www.europesays.com\/es\/wp-json\/wp\/v2\/comments?post=171538"}],"version-history":[{"count":0,"href":"https:\/\/www.europesays.com\/es\/wp-json\/wp\/v2\/posts\/171538\/revisions"}],"wp:featuredmedia":[{"embeddable":true,"href":"https:\/\/www.europesays.com\/es\/wp-json\/wp\/v2\/media\/171539"}],"wp:attachment":[{"href":"https:\/\/www.europesays.com\/es\/wp-json\/wp\/v2\/media?parent=171538"}],"wp:term":[{"taxonomy":"category","embeddable":true,"href":"https:\/\/www.europesays.com\/es\/wp-json\/wp\/v2\/categories?post=171538"},{"taxonomy":"post_tag","embeddable":true,"href":"https:\/\/www.europesays.com\/es\/wp-json\/wp\/v2\/tags?post=171538"}],"curies":[{"name":"wp","href":"https:\/\/api.w.org\/{rel}","templated":true}]}}