{"id":171544,"date":"2025-10-12T10:41:09","date_gmt":"2025-10-12T10:41:09","guid":{"rendered":"https:\/\/www.europesays.com\/es\/171544\/"},"modified":"2025-10-12T10:41:09","modified_gmt":"2025-10-12T10:41:09","slug":"letizia-de-verde-sofia-con-capa-y-lunares-de-carolina-herrera-los-looks-de-la-familia-real-en-el-dia-nacional","status":"publish","type":"post","link":"https:\/\/www.europesays.com\/es\/171544\/","title":{"rendered":"Letizia de verde, Sof\u00eda con capa y lunares de Carolina Herrera\u2026 Los looks de la Familia Real en el D\u00eda Nacional"},"content":{"rendered":"<p>Adem\u00e1s de una de las im\u00e1genes m\u00e1s esperadas del 12 de octubre, el estilismo escogido por la <a href=\"https:\/\/www.revistavanityfair.es\/articulos\/una-semana-despues-la-reina-letizia-regresa-a-navarra-para-la-apertura-de-curso-de-formacion-profesional\" rel=\"nofollow noopener\" target=\"_blank\">reina Letizia<\/a> para el <a href=\"https:\/\/www.revistavanityfair.es\/articulos\/infanta-sofia-desfile-dia-nacional-familia-real-felipe-letizia-leonor\" rel=\"nofollow noopener\" target=\"_blank\">D\u00eda de la Fiesta Nacional<\/a> es un eficaz term\u00f3metro que permite saber de un solo vistazo qu\u00e9 tal tiempo hac\u00eda en cada una de los jornadas de este solemne acto.\u00a0<\/p>\n<p>En la Fiesta Nacional del a\u00f1o pasado, por ejemplo, refresc\u00f3 m\u00e1s que este domingo, y para saberlo solo hay que fijarse en el hecho de que do\u00f1a Letizia lleg\u00f3 al desfile abrigada con <a href=\"https:\/\/www.revistavanityfair.es\/articulos\/670a56bfcd280139eeca24a8\" rel=\"nofollow noopener\" target=\"_blank\">una gabardina<\/a> y que no se la quit\u00f3 hasta la recepci\u00f3n que ofrecen luego los reyes en el Palacio Real.<\/p>\n<p>Hoy, no ha hecho falta esperar a esta \u00faltima ceremonia para saber por qu\u00e9 ropa se hab\u00eda decantado do\u00f1a Letizia en esta ocasi\u00f3n. La reina se ha presentado en el Paseo de la Castellana con un vestido en color verde de manga francesa y con un aire muy cl\u00e1sico por el tejido tipo tweed con que est\u00e1 realizado. Para reforzar el tono del traje do\u00f1a Letizia ha usado unos pendientes de esmeraldas de <strong>Tous<\/strong> que esta firma de joyer\u00eda le regal\u00f3 por su 50\u00ba cumplea\u00f1os. Un fino cintur\u00f3n en negro y unos zapatos de <strong>Massimo Dutti<\/strong> en ese mismo color creaban el contraste con el color del vestido. Y, como remate, un bolso tambi\u00e9n negro de <strong>Carolina Herrera<\/strong> que tiene en varios colores.<\/p>\n<p><img decoding=\"async\" alt=\"La reina Letizia\" loading=\"lazy\" class=\"ResponsiveImageContainer-eNxvmU cfBbTk responsive-image__image\"   src=\"https:\/\/www.europesays.com\/es\/wp-content\/uploads\/2025\/10\/GettyImages-2240546286.jpg\"\/><\/p>\n<p>La reina Letizia<\/p>\n<p>Carlos Alvarez\/Getty Images<\/p>\n<p>Su hija peque\u00f1a, la <a href=\"https:\/\/www.revistavanityfair.es\/galerias\/infanta-sofia-universidad-lisboa-forward-college-por-dentro-fotos-clases\" rel=\"nofollow noopener\" target=\"_blank\">infanta Sof\u00eda<\/a>, ha confiado tambi\u00e9n hoy en la que es una de las firmas imprescindibles de la reina y ha vestido un traje de lunares en blanco y negro de esta misma \u00faltima marca con una capa negra similar a las que suele usar asimismo Letizia en sus actos al aire libre. El vestido recordaba al que se puso para el desfile de 2022, el \u00faltimo al que hab\u00eda asistido hasta hoy, que tambi\u00e9n consisti\u00f3 en un vestido de lunares de Carolina Herrera.<\/p>\n<p>La <a href=\"https:\/\/www.revistavanityfair.es\/articulos\/leonor-princesa-viana-castillo-olite-felipe-letizia\" rel=\"nofollow noopener\" target=\"_blank\">princesa Leonor<\/a> ha tenido que pens\u00e1rselo bastante menos que su hermana y su madre y ha vestido el uniforme de gala del Ej\u00e9rcito del Aire por encontrarse ultimando su formaci\u00f3n militar en la Academia General del Aire y el Espacio.<\/p>\n","protected":false},"excerpt":{"rendered":"Adem\u00e1s de una de las im\u00e1genes m\u00e1s esperadas del 12 de octubre, el estilismo escogido por la reina&hellip;\n","protected":false},"author":2,"featured_media":171545,"comment_status":"","ping_status":"","sticky":false,"template":"","format":"standard","meta":{"footnotes":""},"categories":[91],"tags":[146,147,25,24,1887,1026,11440,811,23],"class_list":{"0":"post-171544","1":"post","2":"type-post","3":"status-publish","4":"format-standard","5":"has-post-thumbnail","7":"category-entretenimiento","8":"tag-entertainment","9":"tag-entretenimiento","10":"tag-es","11":"tag-espana","12":"tag-familia-real-espanola","13":"tag-infanta-sofia","14":"tag-letizia-ortiz","15":"tag-princesa-leonor","16":"tag-spain"},"share_on_mastodon":{"url":"","error":""},"_links":{"self":[{"href":"https:\/\/www.europesays.com\/es\/wp-json\/wp\/v2\/posts\/171544","targetHints":{"allow":["GET"]}}],"collection":[{"href":"https:\/\/www.europesays.com\/es\/wp-json\/wp\/v2\/posts"}],"about":[{"href":"https:\/\/www.europesays.com\/es\/wp-json\/wp\/v2\/types\/post"}],"author":[{"embeddable":true,"href":"https:\/\/www.europesays.com\/es\/wp-json\/wp\/v2\/users\/2"}],"replies":[{"embeddable":true,"href":"https:\/\/www.europesays.com\/es\/wp-json\/wp\/v2\/comments?post=171544"}],"version-history":[{"count":0,"href":"https:\/\/www.europesays.com\/es\/wp-json\/wp\/v2\/posts\/171544\/revisions"}],"wp:featuredmedia":[{"embeddable":true,"href":"https:\/\/www.europesays.com\/es\/wp-json\/wp\/v2\/media\/171545"}],"wp:attachment":[{"href":"https:\/\/www.europesays.com\/es\/wp-json\/wp\/v2\/media?parent=171544"}],"wp:term":[{"taxonomy":"category","embeddable":true,"href":"https:\/\/www.europesays.com\/es\/wp-json\/wp\/v2\/categories?post=171544"},{"taxonomy":"post_tag","embeddable":true,"href":"https:\/\/www.europesays.com\/es\/wp-json\/wp\/v2\/tags?post=171544"}],"curies":[{"name":"wp","href":"https:\/\/api.w.org\/{rel}","templated":true}]}}