{"id":171552,"date":"2025-10-12T10:45:10","date_gmt":"2025-10-12T10:45:10","guid":{"rendered":"https:\/\/www.europesays.com\/es\/171552\/"},"modified":"2025-10-12T10:45:10","modified_gmt":"2025-10-12T10:45:10","slug":"en-imagenes-los-mejores-momentos-del-desfile-del-dia-de-la-hispanidad-2025","status":"publish","type":"post","link":"https:\/\/www.europesays.com\/es\/171552\/","title":{"rendered":"EN IM\u00c1GENES. Los mejores momentos del desfile del D\u00eda de la Hispanidad 2025"},"content":{"rendered":"<p>\n                    Publicado                 12\/10\/2025 &#8211; 12:29 CEST<br \/>\n                \u2022Ultima actualizaci\u00f3n<br \/>\n                                     12:44\n                                        <\/p>\n<p>          <img decoding=\"async\" class=\"c-ad__placeholder__logo\" src=\"https:\/\/static.euronews.com\/website\/images\/logos\/logo-euronews-stacked-outlined-72x72-grey-9.svg\" width=\"72\" height=\"72\" alt=\"\" loading=\"lazy\"\/><br \/>\n          PUBLICIDAD<\/p>\n<p>Le dejamos una recopilaci\u00f3n de <strong>im\u00e1genes oficiales<\/strong> as\u00ed como de publicaciones de los distintos <strong>Ej\u00e9rcitos y Fuerzas de Seguridad de Espa\u00f1a<\/strong> que han dejado plasmado <a href=\"https:\/\/es.euronews.com\/2025\/10\/12\/asi-es-el-desfile-militar-de-la-fiesta-nacional-2025-en-madrid-con-casi-4000-efectivos\" rel=\"nofollow noopener\" target=\"_blank\">c\u00f3mo ha sido el desfile<\/a>. El primero en el que la Princesa Leonor viste el uniforme del Ej\u00e9rcito del Aire y el primer paseo de los aviones Pilatus PC-21.<\/p>\n<p>El Ej\u00e9rcito del Aire nos ha ofrecido el momento de la llegada de los <strong>Reyes escoltados<\/strong> por la Guardia Real, la llegada de la <strong>bandera en paraca\u00eddas<\/strong> as\u00ed como tambi\u00e9n la ofrenda y homenaje a los ca\u00eddos.<\/p>\n<p>Durante la ofrenda ha pasado la <a href=\"https:\/\/es.euronews.com\/2025\/10\/11\/como-es-la-formacion-mirlo-la-sucesora-de-la-patrulla-aguila-con-el-pilatus-pc-21\" rel=\"nofollow noopener\" target=\"_blank\">Formaci\u00f3n Mirlo con los aviones Pilatus PC-21<\/a> dibujando la bandera de Espa\u00f1a en el cielo.<\/p>\n<p><strong>El desfile a\u00e9reo ha sido recortado por baja visibilidad<\/strong>. Hemos visto pasar aeronaves F-18, Eurofighters, Harriers y los Pilatus PC-21. El paso de helic\u00f3pteros se ha eliminado del desfile debido a las condiciones meteorol\u00f3gicas.<\/p>\n<p>Tras \u00e9l comienza el desfile por tierra con los <strong>veteranos<\/strong> siguiendo a las Harley que abren el desfile por tierra.<\/p>\n<p>LA UME ha tenido especial presencia este a\u00f1o debido al gran trabajo en distintas emergencias, como por ejemplo los incendios de <a href=\"https:\/\/es.euronews.com\/2025\/08\/16\/crisis-de-incendios-forestales-en-espana-meteorologia-adversa-y-emergencia-nacional\" rel=\"nofollow noopener\" target=\"_blank\">Le\u00f3n y Galicia de este pasado verano<\/a>, o las inundaciones de la <a href=\"https:\/\/es.euronews.com\/green\/2025\/10\/11\/la-dana-alice-mantiene-en-alerta-naranja-a-la-comunidad-valenciana-baleares-y-murcia\" rel=\"nofollow noopener\" target=\"_blank\">DANA Alice<\/a>. En 2025 la <strong>UME cumple 20 a\u00f1os<\/strong>.<\/p>\n<p>Despu\u00e9s de la <strong>Polic\u00eda Naciona<\/strong>l ha desfilado representaci\u00f3n de las organizaciones no militares que ofrecen apoyo y ayuda como el <strong>SAMUR<\/strong>, <strong>servicio de emergencias 112<\/strong> o <strong>Bomberos<\/strong>. La Guardia Real tambi\u00e9n ha hecho acto de presencia, vestida de gala.<\/p>\n<p>Contin\u00faa el <strong>Ej\u00e9rcito del Aire y el Espacio<\/strong> con su reconocible uniforme de color azul , el mismo que luce la princesa Leonor en este momento.<\/p>\n<p>Profesores y alumnos de la Academia General Militar muestran su uniforme de gala con esa pluma caracter\u00edstica de color rojo.<\/p>\n<p>La <strong>Legi\u00f3n<\/strong> ha hecho gala de su mascota, mal llamada &#8216;la cabra de la Legi\u00f3n&#8217;. Se llama Baraka, que significa en \u00e1rabe suerte. Este <strong>borrego macho<\/strong> tiene ya tres a\u00f1os.<\/p>\n<p><strong>Puede ver el <a href=\"https:\/\/es.euronews.com\/2025\/10\/12\/asi-es-el-desfile-militar-de-la-fiesta-nacional-2025-en-madrid-con-casi-4000-efectivos\" rel=\"nofollow noopener\" target=\"_blank\">desfile en v\u00eddeo desde aqu\u00ed<\/a>.<\/strong><\/p>\n","protected":false},"excerpt":{"rendered":"Publicado 12\/10\/2025 &#8211; 12:29 CEST \u2022Ultima actualizaci\u00f3n 12:44 PUBLICIDAD Le dejamos una recopilaci\u00f3n de im\u00e1genes oficiales as\u00ed como&hellip;\n","protected":false},"author":2,"featured_media":171553,"comment_status":"","ping_status":"","sticky":false,"template":"","format":"standard","meta":{"footnotes":""},"categories":[8],"tags":[17,18,49644,25,24,13,14,49209,11,19,20,9,10,15,16,23,12,21,22],"class_list":{"0":"post-171552","1":"post","2":"type-post","3":"status-publish","4":"format-standard","5":"has-post-thumbnail","7":"category-espana","8":"tag-breaking-news","9":"tag-breakingnews","10":"tag-desfile-militar","11":"tag-es","12":"tag-espana","13":"tag-featured-news","14":"tag-featurednews","15":"tag-fiesta-nacional","16":"tag-headlines","17":"tag-latest-news","18":"tag-latestnews","19":"tag-news","20":"tag-noticias","21":"tag-noticias-destacadas","22":"tag-noticiasdestacadas","23":"tag-spain","24":"tag-titulares","25":"tag-ultimas-noticias","26":"tag-ultimasnoticias"},"share_on_mastodon":{"url":"","error":""},"_links":{"self":[{"href":"https:\/\/www.europesays.com\/es\/wp-json\/wp\/v2\/posts\/171552","targetHints":{"allow":["GET"]}}],"collection":[{"href":"https:\/\/www.europesays.com\/es\/wp-json\/wp\/v2\/posts"}],"about":[{"href":"https:\/\/www.europesays.com\/es\/wp-json\/wp\/v2\/types\/post"}],"author":[{"embeddable":true,"href":"https:\/\/www.europesays.com\/es\/wp-json\/wp\/v2\/users\/2"}],"replies":[{"embeddable":true,"href":"https:\/\/www.europesays.com\/es\/wp-json\/wp\/v2\/comments?post=171552"}],"version-history":[{"count":0,"href":"https:\/\/www.europesays.com\/es\/wp-json\/wp\/v2\/posts\/171552\/revisions"}],"wp:featuredmedia":[{"embeddable":true,"href":"https:\/\/www.europesays.com\/es\/wp-json\/wp\/v2\/media\/171553"}],"wp:attachment":[{"href":"https:\/\/www.europesays.com\/es\/wp-json\/wp\/v2\/media?parent=171552"}],"wp:term":[{"taxonomy":"category","embeddable":true,"href":"https:\/\/www.europesays.com\/es\/wp-json\/wp\/v2\/categories?post=171552"},{"taxonomy":"post_tag","embeddable":true,"href":"https:\/\/www.europesays.com\/es\/wp-json\/wp\/v2\/tags?post=171552"}],"curies":[{"name":"wp","href":"https:\/\/api.w.org\/{rel}","templated":true}]}}