{"id":17156,"date":"2025-07-31T21:16:08","date_gmt":"2025-07-31T21:16:08","guid":{"rendered":"https:\/\/www.europesays.com\/es\/17156\/"},"modified":"2025-07-31T21:16:08","modified_gmt":"2025-07-31T21:16:08","slug":"el-cambio-de-look-de-jason-momoa-para-volver-en-dune-3%e2%80%b2-no-he-hecho-esto-en-6-anos","status":"publish","type":"post","link":"https:\/\/www.europesays.com\/es\/17156\/","title":{"rendered":"El cambio de look de Jason Momoa para volver en \u2018Dune 3\u2032: \u201cNo he hecho esto en 6 a\u00f1os\u201d"},"content":{"rendered":"<p><img alt=\"Jason Momoa durante el estreno\" class=\"global-image\" decoding=\"async\" fetchpriority=\"high\" height=\"3668\" loading=\"eager\" src=\"https:\/\/www.europesays.com\/es\/wp-content\/uploads\/2025\/07\/KUMUJ5JRFOPOFTZOWXKJ4H4IM4.jpg\" width=\"5500\"\/>Jason Momoa durante el estreno de &#8216;Dune&#8217;<\/p>\n<p class=\"paragraph\">Era un secreto a voces, pero ha tenido que ser el propio actor quien lo confirmase. <b>Jason Momoa<\/b> estar\u00e1n en <b>Dune 3<\/b><b>,<\/b> la nueva pel\u00edcula de la saga de ciencia ficci\u00f3n que ya prepara <b>Denis Villeneuve<\/b> junto al resto del reparto. Un elenco al que se ha <a href=\"https:\/\/www.infobae.com\/espana\/cultura\/2025\/07\/08\/dune-3-arranca-su-rodaje-con-una-gran-novedad-sera-la-unica-pelicula-junto-a-la-odisea-en-tener-este-record\/\" target=\"_blank\" rel=\"noreferrer nofollow noopener\" title=\"https:\/\/www.infobae.com\/espana\/cultura\/2025\/07\/08\/dune-3-arranca-su-rodaje-con-una-gran-novedad-sera-la-unica-pelicula-junto-a-la-odisea-en-tener-este-record\/\">incorporado <\/a>el actor hawaiano, aunque lo ha hecho de una forma algo peculiar, con un cambio radical de look que le ha supuesto hacer algo que llevaba a\u00f1os sin hacer: afeitarse su espesa barba. <\/p>\n<p class=\"paragraph\">\u201cNo me he afeitado en seis a\u00f1os, y aqu\u00ed estamos de nuevo. Lanc\u00e9 @mananalu para ayudar a eliminar el pl\u00e1stico de un solo uso. Ahora vamos a\u00fan m\u00e1s all\u00e1, asoci\u00e1ndonos con nuestro equipo de @Getboomerangwater para introducir un sistema de ciclo cerrado que desinfecta y embotella el agua in situ. Eso significa a\u00fan menos residuos, menor huella de transporte y que nuestras botellas de aluminio se reutilizan una y otra vez. Este es el futuro, y lo estamos iniciando en Haw\u00e1i. Acabemos con el pl\u00e1stico de un solo uso. Por nuestros hijos y por nuestro planeta. Todo mi aloha\u201c, escrib\u00eda el <a href=\"https:\/\/www.infobae.com\/espana\/cultura\/2025\/07\/22\/jason-momoa-explica-la-aparicion-de-su-hijo-en-dune-3-lo-ha-conseguido-por-su-cuenta-yo-no-quiero-ayudarle\/\" target=\"_blank\" rel=\"noreferrer nofollow noopener\" title=\"https:\/\/www.infobae.com\/espana\/cultura\/2025\/07\/22\/jason-momoa-explica-la-aparicion-de-su-hijo-en-dune-3-lo-ha-conseguido-por-su-cuenta-yo-no-quiero-ayudarle\/\">actor <\/a>de Aquaman en redes sociales, adjuntando un v\u00eddeo en el que se pod\u00eda ver afeitando su ic\u00f3nica barba.<\/p>\n<p class=\"paragraph\">Momoa aprovechaba tambi\u00e9n para saludar y se\u00f1alar al responsable de ese afeitado: \u201cEsto solo lo hago para ti, Dennis\u201d, refiri\u00e9ndose al cineasta Denis Villeneuve, quien ha vuelto a contar con el hawaiano para la nueva entrega que est\u00e1 preparando ya en Budapest junto a buena parte del reparto, a saber, Timoth\u00e9e Chalamet, Zendaya, Anya Taylor-Joy e incluso Robert Pattinson, nueva incorporaci\u00f3n al reparto en un <a href=\"https:\/\/www.infobae.com\/espana\/cultura\/2025\/04\/09\/dune-3-busca-villano-denis-villeneuve-quiere-a-este-gran-actor-para-la-proxima-pelicula-de-la-saga\/\" target=\"_blank\" rel=\"noreferrer nofollow noopener\" title=\"https:\/\/www.infobae.com\/espana\/cultura\/2025\/04\/09\/dune-3-busca-villano-denis-villeneuve-quiere-a-este-gran-actor-para-la-proxima-pelicula-de-la-saga\/\">personaje <\/a>que dar\u00e1 mucho de qu\u00e9 hablar. <\/p>\n<p><img alt=\"Jason Momoa como Duncan Idaho\" class=\"global-image\" decoding=\"async\" fetchpriority=\"low\" height=\"320\" loading=\"lazy\" src=\"https:\/\/www.europesays.com\/es\/wp-content\/uploads\/2025\/07\/4J7CDWF33ZHE7M4XQN2EFGGHIQ.webp\" width=\"640\"\/>Jason Momoa como Duncan Idaho en &#8216;Dune&#8217;<\/p>\n<p class=\"paragraph\">El regreso de Momoa supone una gran sorpresa para muchos fans de las pel\u00edculas, pero quiz\u00e1 no tanto para los de los libros. No hay que olvidar que su personaje, <b>Duncan Idaho<\/b>, mor\u00eda en la primera entrega, intentando poner a salvo a <b>Paul Atreides<\/b> (Chalamet) del ataque de los Sardaukar en Arrakis. En realidad su muerte nunca se llega a ver en pantalla, aunque todo apuntaba a ello. En los libros, el maestro espadach\u00edn de Paul regresa en forma de clon, por lo que podr\u00eda ser una forma de recuperar al personaje para Villeneuve, pero no est\u00e1 del todo claro. Sea como fuere, regresar\u00e1 sin vello facial para desgracia de Momoa.<\/p>\n<p class=\"paragraph\">El rodaje apenas acaba de empezar y se espera que se extienda durante los pr\u00f3ximos meses tanto por Budapest como por otras localizaciones. La tercera entrega adaptar\u00e1 en gran medida el segundo libro de la saga de Frank Herbert, El Mes\u00edas de Dune, en el cual se revelan las conspiraciones de palacio a ra\u00edz del nombramiento de Paul Atreides como emperador del universo, y del nacimiento de sus hijos con Chani, Ghanima y Leto II. Este \u00faltimo estar\u00e1 precisamente interpretado por el hijo de Momoa, <b>Nakoa-Wolf Momoa<\/b>. \u201cLo ha hecho por su cuenta. No quiero ayudarle, lo ha hecho todo por su cuenta, y bien por \u00e9l. <b>Tiene 16 a\u00f1os y est\u00e1 ya haciendo cosas con Denis Villeneuve<\/b>\u201d, contar\u00eda orgulloso Jason Momoa, quien ahora tendr\u00e1 a alguien tan cercano sobre el set con el que no sentirse tan extra\u00f1o sin barba.<\/p>\n<p>Tr\u00e1iler oficial de &#8216;Dune: Parte 2&#8217; en espa\u00f1ol.<\/p>\n","protected":false},"excerpt":{"rendered":"Jason Momoa durante el estreno de &#8216;Dune&#8217; Era un secreto a voces, pero ha tenido que ser el&hellip;\n","protected":false},"author":2,"featured_media":17157,"comment_status":"","ping_status":"","sticky":false,"template":"","format":"standard","meta":{"footnotes":""},"categories":[169],"tags":[177,146,8117,147,25,24,406,176,175,23],"class_list":{"0":"post-17156","1":"post","2":"type-post","3":"status-publish","4":"format-standard","5":"has-post-thumbnail","7":"category-cine","8":"tag-cine","9":"tag-entertainment","10":"tag-entertainment-and-lifestyle","11":"tag-entretenimiento","12":"tag-es","13":"tag-espana","14":"tag-europe","15":"tag-film","16":"tag-movies","17":"tag-spain"},"share_on_mastodon":{"url":"","error":""},"_links":{"self":[{"href":"https:\/\/www.europesays.com\/es\/wp-json\/wp\/v2\/posts\/17156","targetHints":{"allow":["GET"]}}],"collection":[{"href":"https:\/\/www.europesays.com\/es\/wp-json\/wp\/v2\/posts"}],"about":[{"href":"https:\/\/www.europesays.com\/es\/wp-json\/wp\/v2\/types\/post"}],"author":[{"embeddable":true,"href":"https:\/\/www.europesays.com\/es\/wp-json\/wp\/v2\/users\/2"}],"replies":[{"embeddable":true,"href":"https:\/\/www.europesays.com\/es\/wp-json\/wp\/v2\/comments?post=17156"}],"version-history":[{"count":0,"href":"https:\/\/www.europesays.com\/es\/wp-json\/wp\/v2\/posts\/17156\/revisions"}],"wp:featuredmedia":[{"embeddable":true,"href":"https:\/\/www.europesays.com\/es\/wp-json\/wp\/v2\/media\/17157"}],"wp:attachment":[{"href":"https:\/\/www.europesays.com\/es\/wp-json\/wp\/v2\/media?parent=17156"}],"wp:term":[{"taxonomy":"category","embeddable":true,"href":"https:\/\/www.europesays.com\/es\/wp-json\/wp\/v2\/categories?post=17156"},{"taxonomy":"post_tag","embeddable":true,"href":"https:\/\/www.europesays.com\/es\/wp-json\/wp\/v2\/tags?post=17156"}],"curies":[{"name":"wp","href":"https:\/\/api.w.org\/{rel}","templated":true}]}}