{"id":171572,"date":"2025-10-12T11:03:09","date_gmt":"2025-10-12T11:03:09","guid":{"rendered":"https:\/\/www.europesays.com\/es\/171572\/"},"modified":"2025-10-12T11:03:09","modified_gmt":"2025-10-12T11:03:09","slug":"salvara-la-vacuna-de-la-gripe-tantas-vidas-como-el-invierno-pasado-en-asturias-la-importancia-de-que-la-composicion-sea-efectiva","status":"publish","type":"post","link":"https:\/\/www.europesays.com\/es\/171572\/","title":{"rendered":"\u00bfSalvar\u00e1 la vacuna de la gripe tantas vidas como el invierno pasado en Asturias? La importancia de que la composici\u00f3n sea efectiva"},"content":{"rendered":"<p class=\"ft-text ft-helper-closenews\">Asturias se juega mucho en que <strong>la vacuna de la gripe funcione este pr\u00f3ximo invierno<\/strong>. La campa\u00f1a de protecci\u00f3n ya arranc\u00f3 este pasado jueves en las residencias de mayores, y <strong>este pr\u00f3ximo martes se extender\u00e1 a la poblaci\u00f3n general<\/strong>.<\/p>\n<p class=\"ft-text\">Que los grupos de riesgo se vacunen es importante. Pero que la protecci\u00f3n sea eficaz lo es todav\u00eda m\u00e1s. Y lo es <strong>en t\u00e9rminos de vidas salvadas<\/strong>, como lo ponen de relieve los datos de los \u00faltimos a\u00f1os en la regi\u00f3n.<\/p>\n<p class=\"ft-text\">Lo explica con detalle <strong>Marta Huerta, subdirectora de Coordinaci\u00f3n Asistencial y Cuidados del Servicio de Salud del Principado (Sespa)<\/strong>. El a\u00f1o pasado,\u00a0<strong>las cepas empleadas en la vacuna gripal fueron las mismas<\/strong> que posteriormente circularon entre la poblaci\u00f3n. \u201c<strong>Esa concordancia\u00a0disminuy\u00f3 mucho las consultas y los ingresos<\/strong>, y se not\u00f3 much\u00edsimo\u201d, enfatiz\u00f3 Marta Huerta. Y a\u00f1adi\u00f3: \u201cEsperemos que este a\u00f1o suceda lo mismo, pero <strong>no sabemos qu\u00e9 cepas van a circular<\/strong>\u201d.<\/p>\n<p>La referencia, en el Hemisferio Sur<\/p>\n<p class=\"ft-text\">La vacuna composici\u00f3n de la vacuna de la gripe la determina la Organizaci\u00f3n Mundial de la Salud (OMS)<strong> en el mes de febrero de cada a\u00f1o<\/strong>, tomando como referencia los virus que han circulado previamente en el oto\u00f1o e invierno del Hemisferio Sur. Pero, claro, las epidemias de gripe est\u00e1n siempre sometidas a las mutaciones de los virus y a otras circunstancias imprevisibles, y lo que pueda suceder unas semanas despu\u00e9s es imposible de vaticinar.<\/p>\n<p class=\"ft-text\">Lo que s\u00ed revelan las estad\u00edsticas es lo que puede significar para Asturias el que la vacuna sea efectiva o no. O sea, que su composici\u00f3n de virus atenuados \u201cconcuerde\u201d con los que finalmente circulen.<\/p>\n<p>Datos de los \u00faltimos inviernos<\/p>\n<p class=\"ft-text\">Esa estad\u00edstica ha sido realizada por LA NUEVA ESPA\u00d1A con los datos de mortalidad del oto\u00f1o-invierno publicados por SADEI (Sociedad Asturiana de Estudios Econ\u00f3micos e Industriales). Para establecer comparativas, se han tomado los meses de mayor mortalidad por infecciones respiratorias: de noviembre a febrero.<\/p>\n<p class=\"ft-text\">Y lo que las cifras arrojan en los tres \u00faltimos ejercicios es lo siguiente: en el oto\u00f1o-invierno de la temporada 2022-23 se registraron en Asturias <strong>4.905 defunciones<\/strong>; en el mismo periodo de 2023-24, una cifra muy similar: <strong>4.985 muertes<\/strong>; y <strong>entre noviembre de 2024 y febrero de 2025, el c\u00f3mputo de fallecimientos fue sensiblemente inferior: 4.584<\/strong>.<\/p>\n<p class=\"ft-text\">Que se sepa, <strong>el gran factor diferencial del \u00faltimo tramo de oto\u00f1o-invierno en Asturias fue el eficaz efecto de la vacuna antigripal<\/strong>. De donde se deduce que una protecci\u00f3n frente al virus de la gripe que sea efectiva <strong>puede salvar en Asturias entre 300 y 400 vidas<\/strong> (sobre un total aproximado de entre 13.000 y 14.000 muertes anuales), adem\u00e1s de <strong>evitar un volumen elevado de ingresos hospitalarios<\/strong>, causantes, por a\u00f1adidura, de una sobrecarga del sistema sanitario en los meses fr\u00edos.<\/p>\n<p>Proteger a los menores de 5 a\u00f1os<\/p>\n<p class=\"ft-text\">Por otra parte, uno de los mayores retos que afronta la Consejer\u00eda de Salud en la presente campa\u00f1a se centra en<strong>\u00a0proteger frente a la gripe a los ni\u00f1os menores de 5 a\u00f1os, habida cuenta que se trata de un colectivo con un notable potencial de transmitir la enfermedad<\/strong>.<\/p>\n<p class=\"ft-text\">El a\u00f1o pasado, \u00e9sta fue la faceta m\u00e1s d\u00e9bil de todo el programa de vacunaci\u00f3n, ya que se aplic\u00f3 la inmunizaci\u00f3n antigripal a 8.894 ni\u00f1os y ni\u00f1as, lo que se tradujo en\u00a0<strong>una cobertura del 35,7%<\/strong>, dato que las propias autoridades sanitarias consideraron flojo. Era la primera campa\u00f1a en la que se recomendaba a los padres asturianos administrar la protecci\u00f3n a sus hijos de este grupo de edad. El resultado no fue \u00f3ptimo, y en la campa\u00f1a que ahora comienza se pretende mejorarlo.<\/p>\n<p>Cuatro tipos de vacuna<\/p>\n<p class=\"ft-text\">Para la campa\u00f1a de vacunaci\u00f3n antigripal de este a\u00f1o, la Consejer\u00eda de Salud del Principado dispone de cuatro tipos de vacunas frente a la gripe, las que mejor se ajustan a las diferentes necesidades de la poblaci\u00f3n diana. En total, <strong>el Servicio de Salud podr\u00e1 disponer de 386.400 dosis en las que se han invertido 4,7 millones<\/strong>.<\/p>\n<p class=\"ft-text\">El Principado anima a recibir la dosis a todas las personas para las que se recomienda:<\/p>\n<p class=\"ft-text\">-Quienes hayan cumplido <strong>60 a\u00f1os<\/strong>.<\/p>\n<p class=\"ft-text\">-Personas <strong>internas en centros de discapacidad y residencias de mayores<\/strong>, as\u00ed como otras institucionalizadas de manera prolongada.<\/p>\n<p class=\"ft-text\">-Personas con <strong>enfermedades cr\u00f3nicas<\/strong>, sea cual sea su edad<\/p>\n<p class=\"ft-text\">&#8211;<strong>Mujeres embarazadas<\/strong>.<\/p>\n<p class=\"ft-text\">-Personas que <strong>conviven con otras<\/strong> que tienen un alto grado de <strong>inmunosupresi\u00f3n<\/strong>.<\/p>\n<p>Colectivos sensibles<\/p>\n<p class=\"ft-text\">Otro de los objetivos de esta campa\u00f1a es<strong> reducir el impacto de los virus y mantener los servicios esenciales<\/strong>. En este caso, los grupos indicados son los siguientes:<\/p>\n<p class=\"ft-text\">-Personal de centros y establecimientos sanitarios y sociosanitarios p\u00fablicos y privados<\/p>\n<p class=\"ft-text\">-Personas que trabajan en servicios p\u00fablicos esenciales, con especial \u00e9nfasis en fuerzas y cuerpos de seguridad del Estado, fuerzas armadas, bomberos y servicios de protecci\u00f3n civil.<\/p>\n<p class=\"ft-text\"><strong>Tambi\u00e9n se recomienda a los siguientes grupos: <\/strong><\/p>\n<p class=\"ft-text\">-Poblaci\u00f3n infantil de <strong>6 a 59 meses<\/strong>.<\/p>\n<p class=\"ft-text\">-Personas de 5 a 59 a\u00f1os que presentan un <strong>mayor riesgo de complicaciones, como las fumadoras<\/strong>.<\/p>\n<p class=\"ft-text\">-Estudiantes en pr\u00e1cticas en <strong>centros sanitarios y sociosanitarios<\/strong>.<\/p>\n<p class=\"ft-text\">-Personal de <strong>guarder\u00edas y centros de educaci\u00f3n infantil <\/strong>hasta los 6 a\u00f1os.<\/p>\n<p class=\"ft-text\">-Personas con <strong>exposici\u00f3n laboral directa a aves, must\u00e9lidos o ganado porcino<\/strong>.<\/p>\n<p data-close=\"closedContent\" class=\"subscribeHideForDisplay\">Suscr\u00edbete para seguir leyendo<\/p>\n","protected":false},"excerpt":{"rendered":"Asturias se juega mucho en que la vacuna de la gripe funcione este pr\u00f3ximo invierno. La campa\u00f1a de&hellip;\n","protected":false},"author":2,"featured_media":171573,"comment_status":"","ping_status":"","sticky":false,"template":"","format":"standard","meta":{"footnotes":""},"categories":[92],"tags":[1770,25,24,7749,165,16250,12190,696,166,49696,23,8177,49697,12210,2275],"class_list":{"0":"post-171572","1":"post","2":"type-post","3":"status-publish","4":"format-standard","5":"has-post-thumbnail","7":"category-salud","8":"tag-asturias","9":"tag-es","10":"tag-espana","11":"tag-gripe","12":"tag-health","13":"tag-invierno","14":"tag-otono","15":"tag-poblacion","16":"tag-salud","17":"tag-salvara","18":"tag-spain","19":"tag-vacuna","20":"tag-vacunacion-en-asturias","21":"tag-vidas","22":"tag-virus"},"share_on_mastodon":{"url":"","error":""},"_links":{"self":[{"href":"https:\/\/www.europesays.com\/es\/wp-json\/wp\/v2\/posts\/171572","targetHints":{"allow":["GET"]}}],"collection":[{"href":"https:\/\/www.europesays.com\/es\/wp-json\/wp\/v2\/posts"}],"about":[{"href":"https:\/\/www.europesays.com\/es\/wp-json\/wp\/v2\/types\/post"}],"author":[{"embeddable":true,"href":"https:\/\/www.europesays.com\/es\/wp-json\/wp\/v2\/users\/2"}],"replies":[{"embeddable":true,"href":"https:\/\/www.europesays.com\/es\/wp-json\/wp\/v2\/comments?post=171572"}],"version-history":[{"count":0,"href":"https:\/\/www.europesays.com\/es\/wp-json\/wp\/v2\/posts\/171572\/revisions"}],"wp:featuredmedia":[{"embeddable":true,"href":"https:\/\/www.europesays.com\/es\/wp-json\/wp\/v2\/media\/171573"}],"wp:attachment":[{"href":"https:\/\/www.europesays.com\/es\/wp-json\/wp\/v2\/media?parent=171572"}],"wp:term":[{"taxonomy":"category","embeddable":true,"href":"https:\/\/www.europesays.com\/es\/wp-json\/wp\/v2\/categories?post=171572"},{"taxonomy":"post_tag","embeddable":true,"href":"https:\/\/www.europesays.com\/es\/wp-json\/wp\/v2\/tags?post=171572"}],"curies":[{"name":"wp","href":"https:\/\/api.w.org\/{rel}","templated":true}]}}