{"id":171580,"date":"2025-10-12T11:07:08","date_gmt":"2025-10-12T11:07:08","guid":{"rendered":"https:\/\/www.europesays.com\/es\/171580\/"},"modified":"2025-10-12T11:07:08","modified_gmt":"2025-10-12T11:07:08","slug":"netanyahu-asegura-que-israel-esta-preparado-para-recibir-a-los-rehenes-de-inmediato-internacional","status":"publish","type":"post","link":"https:\/\/www.europesays.com\/es\/171580\/","title":{"rendered":"Netanyahu asegura que Israel est\u00e1 preparado para recibir a los rehenes \u00abde inmediato\u00bb | Internacional"},"content":{"rendered":"<p class=\"loc\">Madrid<\/p>\n<p>El primer ministro israel\u00ed, Benjam\u00edn Netanyahu, ha insistido este domingo en que Israel est\u00e1 preparado para recibir a los rehenes \u00abde inmediato\u00bb. En un comunicado, Netanyahu ha afirmado estar listo para la entrega de los 48 rehenes secuestrados por Ham\u00e1s, 20 de ellos vivos. <\/p>\n<p>\u00abIsrael est\u00e1 preparado y listo para recibir de inmediato a todos nuestros secuestrados\u00bb, ha dicho tambi\u00e9n el mandatario en un comunicado tras conversar con el coordinador israel\u00ed para los asuntos de rehenes, Gal Hirsch. <\/p>\n<p>Este s\u00e1bado, el presidente estadounidense Donald Trump, hab\u00eda informado de que la liberaci\u00f3n por parte de Ham\u00e1s se realizar\u00eda este pr\u00f3ximo lunes. <\/p>\n<p>Sin embargo, medios norteamericanos como el Wall Street Journal han adelantado que Ham\u00e1s habr\u00eda afirmado estar preparado para liberarlos este domingo.<\/p>\n<p>Cientos de camiones con ayuda entran en Gaza desde Egipto<\/p>\n<p>La ayuda humanitaria ha comenzado a entrar en Gaza desde Egipto este domingo como parte del acuerdo para implementar la primera fase de la propuesta de paz del estadounidense Donald Trump. <\/p>\n<p>Ya este s\u00e1bado, los veh\u00edculos con ayuda empezaron a acceder al enclave desde otros puntos fronterizos, aunque la veintena de camiones que entr\u00f3 no se correspond\u00eda con los 600 que marca el acuerdo de paz. <\/p>\n<p>Los de este domingo han accedido por el paso de Rafah, entre Egipto y Gaza, donde desde hace meses esperaban largas colas de veh\u00edculos cargados con alimentos, medicamentos y otros materiales para asistir a la poblaci\u00f3n. <\/p>\n<p>As\u00ed lo ha indicado la televisi\u00f3n egipcia Al Qahera, quienes han asegurado que, a lo largo del d\u00eda, se prev\u00e9 que entren en la Franja unos 400 camiones.<\/p>\n<p>\u00abSe trata de la mayor cantidad de ayuda que entra en el enclave palestino desde el principio de la crisis\u00bb, han afirmado desde la cadena egipcia. Adem\u00e1s de esos veh\u00edculos, cargados cada uno con decenas de toneladas de alimentos y material m\u00e9dico, varias cisternas con combustible se han visto en la zona de Rafah y se preparaban para dirigirse hacia los pasos fronterizos.<\/p>\n<p>El acuerdo de alto el fuego e inicio de la primera fase del plan del presidente de EE.UU., Donald Trump, para la Franja de Gaza entr\u00f3 en vigor este viernes a mediod\u00eda local, tras el repliegue de las tropas israel\u00edes de las urbes gazat\u00edes. <\/p>\n","protected":false},"excerpt":{"rendered":"Madrid El primer ministro israel\u00ed, Benjam\u00edn Netanyahu, ha insistido este domingo en que Israel est\u00e1 preparado para recibir&hellip;\n","protected":false},"author":2,"featured_media":171581,"comment_status":"","ping_status":"","sticky":false,"template":"","format":"standard","meta":{"footnotes":""},"categories":[42],"tags":[18738,17,18,13,14,11,61,62,63,64,74,19,20,9,10,15,16,2678,12,21,22,65,66,67],"class_list":{"0":"post-171580","1":"post","2":"type-post","3":"status-publish","4":"format-standard","5":"has-post-thumbnail","7":"category-internacional","8":"tag-bibi","9":"tag-breaking-news","10":"tag-breakingnews","11":"tag-featured-news","12":"tag-featurednews","13":"tag-headlines","14":"tag-internacional","15":"tag-international","16":"tag-international-news","17":"tag-internationalnews","18":"tag-israel","19":"tag-latest-news","20":"tag-latestnews","21":"tag-news","22":"tag-noticias","23":"tag-noticias-destacadas","24":"tag-noticiasdestacadas","25":"tag-pm","26":"tag-titulares","27":"tag-ultimas-noticias","28":"tag-ultimasnoticias","29":"tag-world","30":"tag-world-news","31":"tag-worldnews"},"share_on_mastodon":{"url":"","error":""},"_links":{"self":[{"href":"https:\/\/www.europesays.com\/es\/wp-json\/wp\/v2\/posts\/171580","targetHints":{"allow":["GET"]}}],"collection":[{"href":"https:\/\/www.europesays.com\/es\/wp-json\/wp\/v2\/posts"}],"about":[{"href":"https:\/\/www.europesays.com\/es\/wp-json\/wp\/v2\/types\/post"}],"author":[{"embeddable":true,"href":"https:\/\/www.europesays.com\/es\/wp-json\/wp\/v2\/users\/2"}],"replies":[{"embeddable":true,"href":"https:\/\/www.europesays.com\/es\/wp-json\/wp\/v2\/comments?post=171580"}],"version-history":[{"count":0,"href":"https:\/\/www.europesays.com\/es\/wp-json\/wp\/v2\/posts\/171580\/revisions"}],"wp:featuredmedia":[{"embeddable":true,"href":"https:\/\/www.europesays.com\/es\/wp-json\/wp\/v2\/media\/171581"}],"wp:attachment":[{"href":"https:\/\/www.europesays.com\/es\/wp-json\/wp\/v2\/media?parent=171580"}],"wp:term":[{"taxonomy":"category","embeddable":true,"href":"https:\/\/www.europesays.com\/es\/wp-json\/wp\/v2\/categories?post=171580"},{"taxonomy":"post_tag","embeddable":true,"href":"https:\/\/www.europesays.com\/es\/wp-json\/wp\/v2\/tags?post=171580"}],"curies":[{"name":"wp","href":"https:\/\/api.w.org\/{rel}","templated":true}]}}