{"id":171582,"date":"2025-10-12T11:08:08","date_gmt":"2025-10-12T11:08:08","guid":{"rendered":"https:\/\/www.europesays.com\/es\/171582\/"},"modified":"2025-10-12T11:08:08","modified_gmt":"2025-10-12T11:08:08","slug":"pedro-sanchez-vuelve-a-limitar-su-exhibicion-publica-pero-no-evita-los-habituales-abucheos-en-el-desfile-de-la-fiesta-nacional","status":"publish","type":"post","link":"https:\/\/www.europesays.com\/es\/171582\/","title":{"rendered":"Pedro S\u00e1nchez vuelve a limitar su exhibici\u00f3n p\u00fablica, pero no evita los habituales abucheos en el desfile de la Fiesta Nacional"},"content":{"rendered":"<p style=\"\">La lluvia desluci\u00f3 el a\u00f1o pasado un desfile de la <a href=\"https:\/\/www.abc.es\/noticias\/fiesta-nacional\/\" title=\"www.abc.es\" data-voc-vtm-id=\"in-text-traffic\" data-mrf-link=\"www.abc.es\" rel=\"nofollow noopener\" target=\"_blank\">Fiesta Nacional<\/a> sin aviones ni paracaidistas. Ni siquiera pudieron surcar el cielo de Madrid los m\u00edticos C-101 de la Patrulla \u00c1guila, pese a ser el \u00faltimo a\u00f1o en que iba a hacerlo antes  &#8230; de su jubilaci\u00f3n. Pero este domingo la temperatura de la capital, pese a su cielo encapotado, parece haber dado tregua. Como era de esperar, el presidente del Gobierno en funciones, <strong>Pedro S\u00e1nchez, ha sido recibido con pitos y abucheos a su llegada<\/strong>. De nada ha vuelto a servir que, por tercer a\u00f1o consecutivo, la tribuna presidencial este dentro de una zona &#8216;antiabucheos&#8217; en la plaza de Neptuno, con el p\u00fablico m\u00e1s cercano a una distancia que supera los 200 metros.<\/p>\n<p class=\"voc-p\" style=\"\">La gente no ha pasado por alto los distintos casos de corrupci\u00f3n que cercan al entorno m\u00e1s cercano del presidente, a su Gobierno y a su partido, el PSOE. Entre ellos los que afectan a su familia -esposa y hermano-, o a sus dos \u00faltimos secretarios de Organizaci\u00f3n, Santos Cerd\u00e1n, en prisi\u00f3n, y el exministro Jos\u00e9 Luis \u00c1balos. La llegada de S\u00e1nchez, un par de minutos antes que la de la Familia Real, ha inundado de pitos el ambiente. <strong>Todo ello pese a no haber sido anunciada por megafon\u00eda <\/strong>al igual que viene siendo costumbre tambi\u00e9n durante los \u00faltimos a\u00f1os.<\/p>\n<p class=\"voc-p\" style=\"\">La comitiva que s\u00ed ha sido adelantada a su llegada ha sido la de los Reyes, la Princesa Leonor y la Infanta Sof\u00eda. Ataviada con el Ej\u00e9rcito de gala del Ej\u00e9rcito del Aire (donde cursa su tercer y \u00faltimo a\u00f1o de formaci\u00f3n castrense), la Heredera al Trono se ha dado este domingo <strong>su tercer ba\u00f1o de masas militar, acompa\u00f1ando a su padre, Don Felipe<\/strong>, vestido con uniforme de gala de la Marina, aunque siempre un paso por detr\u00e1s, en el acto m\u00e1s emotivo de la jornada, el momento de depositar una corona de laurel en homenaje a los ca\u00eddos por Espa\u00f1a. <\/p>\n<p class=\"voc-p\" style=\"\">Los actos han comenzado con la incorporaci\u00f3n del Batall\u00f3n de Honores de la Guardia Real a la plaza de Neptuno y la llegada del jefe de Estado Mayor de la Defensa (Jemad), el almirante general Teodoro L\u00f3pez Calder\u00f3n. Despu\u00e9s han llegado la ministra de Defensa, Margarita Robles, y el resto de autoridades. <\/p>\n<p class=\"voc-p\" style=\"\">Don Felipe<strong> ha pasado revista al Batall\u00f3n de Honores y junto a Do\u00f1a Letizia<\/strong>, ha saludado a las autoridades nacionales y auton\u00f3micas. Al desfile ha acudido el Ejecutivo al completo a excepci\u00f3n de la titular de Igualdad Ana Redondo, y de tres de los cinco ministros del ala de Sumar: Pablo Bustinduy (Derechos Sociales y Agenda 2030), M\u00f3nica Garc\u00eda (Sanidad) y Sira Rego (Juventud e Infancia). Solo estas dos \u00faltimas ten\u00edan un viaje oficial programado en agenda para este domingo. Tambi\u00e9n se han ausentado los mandatarios de Euskadi, Imanol Pradales, predicando con el ejemplo de sus antecesores en la &#8216;Lehendakaritza&#8217;; de Canarias, Fernando Clavijo y de La Rioja, Gonzalo Capell\u00e1n, con actos institucionales ya programados en sus respectivos territorios. Tambi\u00e9n han cursado baja los presidentes de Murcia, Fernando L\u00f3pez-Miras, de Valencia, Carlos Marz\u00f3n, y de Baleares, Marga Prohens, por la dana que afecta estos d\u00edas el Este del pa\u00eds. <\/p>\n<p>\nSalto paracaidista con la bandera\n<\/p>\n<p class=\"voc-p\" style=\"\">A continuaci\u00f3n ha tenido lugar uno de los momentos m\u00e1s espectaculares de la jornada con el salto paracaidista portando la bandera de Espa\u00f1a. El protagonista ha sido el sargento primero, \u00d3scar Marsal.<\/p>\n<p class=\"voc-p\" style=\"\">Las condiciones clim\u00e1ticas, con ese cielo encapotado que m\u00e1s tarde ha acabado por abrirse y dando lugar a un t\u00edmido sol de oto\u00f1o, han obligado, eso s\u00ed, a reducir los efectivos a\u00e9reos que sobrevuelan la capital. <strong>\u00danicamente han realizado su exhibici\u00f3n los aviones caza Eurofighter, F-18 y F-5 de entrenamiento del Ej\u00e9rcito del Aire, y despu\u00e9s los Harrier de la Armada<\/strong>. Por \u00faltimo, se han estrenado este domingo la Formaci\u00f3n Mirlo, compuesta por cinco aviones turboh\u00e9lice PC-21 -a cuyos mandos se subir\u00e1 este curso la Princesa Leonor en la Academia del Aire de San Javier- y que ha tomado el testigo de la m\u00edtica Patrulla \u00c1guila, jubilada desde el pasado mes de junio en el Festival &#8216;Aire 25&#8217; del Ej\u00e9rcito del Aire, para proyectar los colores de la ense\u00f1a nacional en el cielo de la capital. <\/p>\n<p class=\"voc-p\" style=\"\">Se han quedado en tierra los aviones de transporte, de evacuaci\u00f3n, de vigilancia y rescate mar\u00edtimo y contraincendios. Tambi\u00e9n los helic\u00f3pteros Superpuma, NH90 o la Patrulla Aspa, entre otros.<\/p>\n<p>\nIsrael se cuela en el desfile terrestre\n<\/p>\n<p class=\"voc-p\" style=\"\">El desfile motorizado ha abierto con una secci\u00f3n de motos de la Guardia Real, a la que han seguido veteranos de las Fuerzas Armadas, reservistas voluntarios y personal con discapacidad. La unidad motorizada del Ej\u00e9rcito de Tierra ha mostrado un amplio despliegue de sus capacidades, con veh\u00edculos VAMTAC y NETON. Tambi\u00e9n han recorrido el centro de Madrid veh\u00edculos de la Armada como los URO VAMTAC, que han lucido -algunos de ellos-<strong> un sistema Spike de misiles israel\u00edes contra carro<\/strong>, cuya fabricaci\u00f3n decidi\u00f3 rescindir el Gobierno de Espa\u00f1a; el Ej\u00e9rcito del Aire, la Unidad Militar de Emergencia (UME), la Guardia Civil, la Polic\u00eda Nacional, Vigilancia Aduanera y Protecci\u00f3n Civil.<\/p>\n<p class=\"voc-p\" style=\"\">En el desfile a pie han desfilado seis agrupaciones. Entre ellas las que habitualmente se llevan la mayor parte de los aplausos, la Legi\u00f3n y los Regulares. No ha faltado la mascota, en este caso un borrego negro llamado Baraka, que significa &#8216;buena suerte&#8217; en \u00e1rabe.<\/p>\n","protected":false},"excerpt":{"rendered":"La lluvia desluci\u00f3 el a\u00f1o pasado un desfile de la Fiesta Nacional sin aviones ni paracaidistas. Ni siquiera&hellip;\n","protected":false},"author":2,"featured_media":171583,"comment_status":"","ping_status":"","sticky":false,"template":"","format":"standard","meta":{"footnotes":""},"categories":[8],"tags":[5121,17,18,43412,25,24,12041,608,13,14,2328,49698,11,19,20,10473,813,9,10,15,16,1822,4500,199,23,12,21,22,739],"class_list":{"0":"post-171582","1":"post","2":"type-post","3":"status-publish","4":"format-standard","5":"has-post-thumbnail","7":"category-espana","8":"tag-abucheos","9":"tag-breaking-news","10":"tag-breakingnews","11":"tag-desfile","12":"tag-es","13":"tag-espana","14":"tag-evita","15":"tag-exhibicion","16":"tag-featured-news","17":"tag-featurednews","18":"tag-fiesta","19":"tag-habituales","20":"tag-headlines","21":"tag-latest-news","22":"tag-latestnews","23":"tag-limitar","24":"tag-nacional","25":"tag-news","26":"tag-noticias","27":"tag-noticias-destacadas","28":"tag-noticiasdestacadas","29":"tag-pedro","30":"tag-publica","31":"tag-sanchez","32":"tag-spain","33":"tag-titulares","34":"tag-ultimas-noticias","35":"tag-ultimasnoticias","36":"tag-vuelve"},"share_on_mastodon":{"url":"","error":""},"_links":{"self":[{"href":"https:\/\/www.europesays.com\/es\/wp-json\/wp\/v2\/posts\/171582","targetHints":{"allow":["GET"]}}],"collection":[{"href":"https:\/\/www.europesays.com\/es\/wp-json\/wp\/v2\/posts"}],"about":[{"href":"https:\/\/www.europesays.com\/es\/wp-json\/wp\/v2\/types\/post"}],"author":[{"embeddable":true,"href":"https:\/\/www.europesays.com\/es\/wp-json\/wp\/v2\/users\/2"}],"replies":[{"embeddable":true,"href":"https:\/\/www.europesays.com\/es\/wp-json\/wp\/v2\/comments?post=171582"}],"version-history":[{"count":0,"href":"https:\/\/www.europesays.com\/es\/wp-json\/wp\/v2\/posts\/171582\/revisions"}],"wp:featuredmedia":[{"embeddable":true,"href":"https:\/\/www.europesays.com\/es\/wp-json\/wp\/v2\/media\/171583"}],"wp:attachment":[{"href":"https:\/\/www.europesays.com\/es\/wp-json\/wp\/v2\/media?parent=171582"}],"wp:term":[{"taxonomy":"category","embeddable":true,"href":"https:\/\/www.europesays.com\/es\/wp-json\/wp\/v2\/categories?post=171582"},{"taxonomy":"post_tag","embeddable":true,"href":"https:\/\/www.europesays.com\/es\/wp-json\/wp\/v2\/tags?post=171582"}],"curies":[{"name":"wp","href":"https:\/\/api.w.org\/{rel}","templated":true}]}}