{"id":171584,"date":"2025-10-12T11:09:35","date_gmt":"2025-10-12T11:09:35","guid":{"rendered":"https:\/\/www.europesays.com\/es\/171584\/"},"modified":"2025-10-12T11:09:35","modified_gmt":"2025-10-12T11:09:35","slug":"ultima-hora-de-los-actos-por-el-dia-de-la-hispanidad-hoy-12-de-octubre","status":"publish","type":"post","link":"https:\/\/www.europesays.com\/es\/171584\/","title":{"rendered":"\u00faltima hora de los actos por el D\u00eda de la Hispanidad hoy, 12 de octubre"},"content":{"rendered":"<p style=\"\">Sigue <strong>en directo <\/strong>el <strong>desfile militar de las Fuerzas Armadas en el D\u00eda de la Hispanidad<\/strong> en Madrid este <strong>12 de octubre<\/strong>, c\u00f3mo ha sido la llegada de Pedro S\u00e1nchez, el Rey Felipe, la Reina Letizia, la Princesa Leonor y la \u00faltima hora  &#8230; de los actos por el D\u00eda de la Fiesta Nacional.<\/p>\n<p>13:07<\/p>\n<p>Presencias y ausencias durante el desfile del D\u00eda de la Fiesta Nacional<\/p>\n<p class=\"voc-p\">El Gobierno casi en pleno ha asistido al desfile, salvo las ministras de Sanidad, M\u00f3nica Garc\u00eda, y de Juventud e Infancia, Sira Rego, de viaje en Alemania y Jordania, respectivamente, as\u00ed como la de Igualdad, Ana Redondo, y el titular de Derechos Sociales y Agencia 2030, Pablo Bustinduy. <\/p>\n<p class=\"voc-p\">En la tribuna de autoridades se ha podido ver a los l\u00edderes de los principales partidos, entre ellos, el del PP, Alberto N\u00fa\u00f1ez Feij\u00f3o, mientras que el de Vox, Santiago Abascal, este a\u00f1o ha decidido seguir el desfile desde la calle para no \u00abblanquear\u00bb al gobierno \u00abcorrupto y peligroso\u00bb de S\u00e1nchez.<\/p>\n<p>12:55<\/p>\n<p>Ayuso no se olvida de Pedro S\u00e1nchez y le acusa de alimentar \u00abla guerra de trincheras\u00bb<\/p>\n<p class=\"voc-p\">La presidenta de la Comunidad de Madrid, Isabel D\u00edaz Ayuso, ha acusado al jefe del Ejecutivo central, Pedro S\u00e1nchez, de alimentar \u00abla guerra de trincheras y de odios\u00bb y le ha recriminado que haya decidido no ser \u00abel presidente de todos los espa\u00f1oles\u00bb. <\/p>\n<p class=\"voc-p\">As\u00ed lo ha indicado en declaraciones a Telemadrid recogidas por Europa Press al ser preguntada por la ausencia de la bandera de Espa\u00f1a en el v\u00eddeo que S\u00e1nchez ha publicado en redes sociales para felicitar este D\u00eda de la Hispanidad. \u00ab\u00c9l ha decidido que no es el presidente de todos los espa\u00f1oles y que Espa\u00f1a como naci\u00f3n, como proyecto que somos, es lo menos importante para \u00e9l\u00bb, ha remarcado.<\/p>\n<p>12:50<\/p>\n<p>Felipe VI, el vestido de Letizia y el uniforme de Leonor: la Casa Real destaca varias im\u00e1genes del desfile del D\u00eda de la Fiesta Nacional <\/p>\n<p>12:43<\/p>\n<p>El Ministerio del Interior celebra \u00ablo que nos une\u00bb en el d\u00eda de la Fiesta Nacional<\/p>\n<p>12:34<\/p>\n<p>Fin del desfile militar, es turno del Palacio Real<\/p>\n<p class=\"voc-p\">Como cada a\u00f1o, el Palacio Real dar\u00e1 cita a las m\u00e1s altas\u00a0instancias del Estado, empezando por el presidente del Gobierno y la pr\u00e1ctica mayor\u00eda de los ministros, as\u00ed como los presidentes de Congreso y Senado, Tribunal Constitucional, Tribunal Supremo y Consejo General del Poder Judicial, entre otros. La gran novedad de este a\u00f1o ser\u00e1 la presencia por primera vez de la hija menor de los reyes, Sof\u00eda, tras haber alcanzado la mayor\u00eda de edad el pasado 29 de abril. En esta ocasi\u00f3n, los reyes estar\u00e1n acompa\u00f1ados tanto por la princesa Leonor, para la que ser\u00e1 su tercera recepci\u00f3n de este tipo, como por su hija peque\u00f1a en el tradicional besamanos por el que se espera que desfilen &#8211; con algunos descansos entre medias &#8211; unos mil invitados.<\/p>\n<p>12:30<\/p>\n<p>Termina el desfile militar con aplausos a los Reyes y m\u00fasica de viento a S\u00e1nchez<\/p>\n<p class=\"voc-p\">Concluye el desfile militar en la Plaza de Neptuno de Madrid. Los Reyes, sus hijas, el presidente del Gobierno Pedro S\u00e1nchez y la ministra de Defensa, Margarita Robles, saludan a los jefes de las unidades castrenses que han participado en la parada. En la retransmisi\u00f3n de RTVE se ha vuelto a oir la m\u00fasica de viento hacia el presidente del Gobierno, Pedro S\u00e1nchez<\/p>\n<p>12:28<\/p>\n<p>Sus majestades saludan a las autoridades militares antes de abandonar el desfile<\/p>\n<p>12:27<\/p>\n<p>Isabel D\u00edaz Ayuso celebra la Hispanidad, \u00abla obra de siglos sin la que no se entender\u00eda el mundo\u00bb<\/p>\n<p class=\"voc-p\">La presidenta de la Comunidad de Madrid, Isabel D\u00edaz Ayuso, ha celebrado este domingo las festividades por la Hispanidad, con lo que se celebra \u00abla obra de siglos sin la que no se entender\u00eda el mundo\u00bb.<\/p>\n<p>12:26<\/p>\n<p>Pedro S\u00e1nchez: \u00abOrgullo de nuestro pa\u00eds, de su gente, de su solidaridad y diversidad, de su riqueza cultural y su patrimonio natural\u00bb<\/p>\n<p class=\"voc-p\">El presidente del Gobierno, Pedro S\u00e1nchez, ha felicitado este 12 de octubre, D\u00eda de la Fiesta Nacional, mostrando \u00aborgullo de ser espa\u00f1ol\u00bb y de un pa\u00eds que \u00abse moviliza por los derechos sociales y las causas justas\u00bb.<\/p>\n<p class=\"voc-p\">En un mensaje en la red social &#8216;X&#8217; acompa\u00f1ado de un v\u00eddeo, S\u00e1nchez escribe: \u00abOrgullo de nuestro pa\u00eds, de su gente, de su solidaridad y diversidad, de su riqueza cultural y su patrimonio natural\u00bb.<\/p>\n<p>12:18<\/p>\n<p>El Ministerio de Defensa de Espa\u00f1a y sus unidades militares homenajean a los ca\u00eddos en servicio<\/p>\n<p>12:15<\/p>\n<p>Desfilan la Legi\u00f3n y su mascota en el desfile del 12 de octubre<\/p>\n<p class=\"voc-p\">Ah\u00ed vemos a Baraka, un borrego macho de tres a\u00f1os que desfila junto al Tercio Gran Capit\u00e1n 1\u00ba de la Legi\u00f3n, con sede en Melilla. En 2024, el elegido fue un carnero, Killo, que march\u00f3 bajo la lluvia torrencial de la pasada edici\u00f3n. Y en 2023, la cabra Pacoli. Otra de las mascotas que tambi\u00e9n tuvo mucha popularidad fue Pepe, una cabra que se jubil\u00f3 en 2016 tras m\u00e1s de una d\u00e9cada marchando.<\/p>\n<p>12:12<\/p>\n<p>Baraka, el borrego de la &#8216;buena suerte&#8217; de la Legi\u00f3n que desfila en la Fiesta Nacional.<\/p>\n<p class=\"voc-p\">Junto al tradicional salto de la Patrulla Acrob\u00e1tica de Paracaidismo y a la exhibici\u00f3n a\u00e9rea de la Patrulla \u00c1guila, este a\u00f1o sustituida por la Formaci\u00f3n Mirlo, la mascota de la Legi\u00f3n es una de las grandes protagonistas del desfile de la Fiesta Nacional. Un borrego que sigue cada a\u00f1o sin excepci\u00f3n el ritmo r\u00e1pido de los legionarios y que suele atraer la atenci\u00f3n del p\u00fablico y las c\u00e1maras.<\/p>\n<p class=\"voc-p\">Lo hace este domingo vestido con un manto bordado con los emblemas de la Legi\u00f3n, el tradicional gorro militar o chapiri y con una correa con los colores de la bandera nacional \u00bfSu nombre? Baraka, que en \u00e1rabe significa suerte<\/p>\n<p>12:10<\/p>\n<p>Feij\u00f3o asiste en la tribuna de autoridades al desfile militar<\/p>\n<p class=\"voc-p\">El l\u00edder de la oposici\u00f3n espa\u00f1ola Alberto N\u00fa\u00f1ez Feijoo asiste al desfile militar del D\u00eda Nacional de Espa\u00f1a desde la tribuna oficial junto con otros representantes pol\u00edticos <\/p>\n<p>12:09<\/p>\n<p>Pedro S\u00e1nchez, en el desfile del d\u00eda de la Fiesta Nacional<\/p>\n<p class=\"voc-p\">El presidente del Gobierno, Pedro S\u00e1nchez, durante el desfile de las Fuerzas Armadas con motivo de la Fiesta Nacional<\/p>\n<p>12:07<\/p>\n<p>La UME duplica su presencia en el desfile de la Fiesta Nacional por su 20 aniversario<\/p>\n<p class=\"voc-p\">La Unidad Militar de Emergencias participa con dos compa\u00f1\u00edas en los actos del D\u00eda de la Fiesta Nacional, una cifra que duplica su presencia habitual. El Ministerio de Defensa ha explicado que este refuerzo se debe a la conmemoraci\u00f3n del 20 aniversario de la creaci\u00f3n de la UME, fundada en 2005 para intervenir en cat\u00e1strofes naturales, incendios y emergencias civiles.<\/p>\n<p class=\"voc-p\">Su participaci\u00f3n tiene un car\u00e1cter especialmente simb\u00f3lico dentro del desfile, al reflejar dos d\u00e9cadas de servicio y reconocimiento a su papel en la protecci\u00f3n de la poblaci\u00f3n en situaciones cr\u00edticas.<\/p>\n<p>12:04<\/p>\n<p>D\u00edaz Ayuso, en el desfile de las Fuerzas Armadas con motivo de la Fiesta Nacional<\/p>\n<p class=\"voc-p\">os presidente auton\u00f3micos de Extremadura, Mar\u00eda Guardiola (2 i); Madrid, isabel D\u00edaz Ayuso (c); y Castilla y Le\u00f3n, Alfonso Fern\u00e1ndez Ma\u00f1ueco (2 d), junto a otras autoridades, durante el desfile de las Fuerzas Armadas con motivo de la Fiesta Nacional este domingo en Madrid.<\/p>\n<p>12:02<\/p>\n<p><a href=\"https:\/\/www.abc.es\/espana\/israel-presente-desfile-fuerzas-armadas-fiesta-nacional-20251012115940-nt.html\" target=\"_self\" title=\"Israel, presente en el desfile de las Fuerzas Armadas pese al embargo de Pedro S\u00e1nchez\" rel=\"follow nofollow noopener\">Israel, presente en el desfile de las Fuerzas Armadas pese al embargo de Pedro S\u00e1nchez<\/a><\/p>\n<p class=\"voc-p\">Pese a los esfuerzos del Gobierno por aprobar el embargo armament\u00edstico a Israel, cuando ya se negociaba el fin del conflicto y de manera ciertamente limitada, y de cancelar todos los contratos de defensa con Tel Aviv, la tecnolog\u00eda militar hebrea ha tenido su momento\u00a0en el desfile de las Fuerzas Armadas en Madrid con motivo de la Fiesta Nacional. Informan David  Yag\u00fce y Patricia Romero<\/p>\n<p>11:59<\/p>\n<p>Los cadetes compa\u00f1eros de formaci\u00f3n de la Princesa Leonor desfilan delante de ella en el Desfile Militar<\/p>\n<p>11:59<\/p>\n<p>La composici\u00f3n del Desfile Militar<\/p>\n<p class=\"voc-p\">Cabe recordar que en total, 3.847 integrantes de las Fuerzas Armadas, las Fuerzas y Cuerpos de Seguridad del Estado y otras instituciones participan con uniforme de gala en la parada militar. De ellos, 3.323 son hombres y 524 son mujeres (un 13,6%).<\/p>\n<p>11:56<\/p>\n<p>\u00bfCon qu\u00e9 unifore desfilan los militares de la Compa\u00f1\u00eda del Mando de Tropas de Monta\u00f1a en el Desfile Militar?<\/p>\n<p>11:54<\/p>\n<p>Alcaldes de Letur (Albacete) y Mira (Cuenca) agradecen a los reyes su invitaci\u00f3n al desfile<\/p>\n<p class=\"voc-p\">Los alcaldes de Letur (Albacete), Sergio Mar\u00edn, y Mira (Cuenca), Miriam Lava, han agradecido a los reyes su invitaci\u00f3n a participar, como pueblos afectados por la dana de 2024 &#8211; que dej\u00f3 229 v\u00edctimas mortales- en los actos de la Fiesta Nacional, as\u00ed como su respaldo e implicaci\u00f3n en los meses posteriores a las inundaciones.<\/p>\n<p>11:52<\/p>\n<p>Desfile Militar 12 octubre<\/p>\n<p class=\"voc-p\">Vamos a recordar unos datos curiosos. El desfile terrestre del D\u00eda de la Fiesta Nacional ha dado comienzo con la participaci\u00f3n de 123 veh\u00edculos, entre los que destacan acorazados y unidades pesadas de intervenci\u00f3n, junto a 39 motocicletas, 229 caballos y seis perros de las unidades ecuestres. <\/p>\n<p>11:50<\/p>\n<p>As\u00ed ha sido el vuelo de la formaci\u00f3n Mirlo con los colores de la Bandera Nacional <\/p>\n<p>11:49<\/p>\n<p>&#8216;Baraka&#8217;, una de las estrellas del desfile de la Fiesta Nacional<\/p>\n<p class=\"voc-p\">Antes de las unidades montadas, efectivos del tercio \u00abGran Capit\u00e1n\u00bb 1\u00ba de la legi\u00f3n desfilar\u00e1n acompa\u00f1ados de su mascota, este a\u00f1o un borrego macho de tres a\u00f1os, de nombre \u2018Baraka\u2019 que en \u00e1rabe significa \u2018buena suerte\u2019.<\/p>\n<p>11:47<\/p>\n<p>Israel se cuela en el desfile de la Fiesta Nacional<\/p>\n<p class=\"voc-p\">Acaba de desfilar la Infanter\u00eda de Marina con los misiles anticarro Spike israel\u00edes que el Ministerio de Defensa ha decidido dejar de emplear como parte de la estrategia para reducir la dependencia de la industria armament\u00edstica de Israel y servir como represalia por lo que est\u00e1 pasando en Gaza. <\/p>\n<p>11:45<\/p>\n<p>La Guardia Civil celebra en las redes sociales el d\u00eda de la Fiesta Nacional<\/p>\n<p>11:43<\/p>\n<p><a href=\"https:\/\/www.abc.es\/estilo\/moda\/reina-letizia-vestido-desfile-fuerzas-armadas-20251012165346-nt.html\" target=\"_self\" title=\"El estilismo de la Reina Letizia\" rel=\"follow nofollow noopener\">El estilismo de la Reina Letizia<\/a><\/p>\n<p class=\"voc-p\">Como todos los a\u00f1os, el estilismo de la Reina Letizia se convierte en el centro de todas las miradas. En este d\u00eda tan especial, que culmina con la recepci\u00f3n de Sus Majestades a las autoridades en el Palacio Real de Madrid, Do\u00f1a Letizia suele apostar especialmente por marcas espa\u00f1olas, como gran embajadora de la industria nacional. Durante a\u00f1os, Felipe Varela fue su dise\u00f1ador de cabecera, pero en ocasiones m\u00e1s recientes ha abierto el abanico, apostando por otras firmas &#8216;made in Spain&#8217; como Juan Vidal en el desfile de 2023, Vogana en 2022 o Mar\u00eda Barrag\u00e1n en 2021. Informa Marina I. Ortiz<\/p>\n<p>11:40<\/p>\n<p><a href=\"https:\/\/www.abc.es\/espana\/pedro-sanchez-vuelve-limitar-exhibicion-publica-evita-20251012112150-nt.html\" target=\"_self\" title=\"Pedro S\u00e1nchez no evita los cl\u00e1sicos abucheos\" rel=\"follow nofollow noopener\">Pedro S\u00e1nchez no evita los cl\u00e1sicos abucheos<\/a><\/p>\n<p class=\"voc-p\">Como era de esperar, el presidente del Gobierno en funciones, Pedro S\u00e1nchez, ha sido recibido con pitos y abucheos a su llegada. De nada ha vuelto a servir que, por tercer a\u00f1o consecutivo, la tribuna presidencial est\u00e9 dentro de una zona &#8216;antiabucheos&#8217; en la plaza de Neptuno, con el p\u00fablico m\u00e1s cercano a una distancia que supera los 200 metros. Informa Patricia Romero<\/p>\n<p>11:39<\/p>\n<p>Ausencias destacables en la tribuna<\/p>\n<p class=\"voc-p\">Recordamos que la de Santiago Abascal no es la \u00fanica ausencia rese\u00f1able en este 12 de octubre. Este a\u00f1o no han viajado a Madrid para el desfile los presidentes de Baleares, Marga Prohens; de la Regi\u00f3n de Murcia, Fernando L\u00f3pez Miras, ni el valenciano, Carlos Maz\u00f3n, debido al paso de la dana Alice. Ya antes hab\u00edan anunciado que no asistir\u00edan los jefes de los ejecutivos del Pa\u00eds Vasco, Imanol Pradales; de Canarias, Fernando Clavijo, y de la Rioja, Gonzalo Capell\u00e1n.<\/p>\n<p>11:38<\/p>\n<p>Las condiciones clim\u00e1ticas obligan a reducir los efectivos a\u00e9reos que sobrevuelan la capital<\/p>\n<p class=\"voc-p\">Vuelan solo los caza y la Formaci\u00f3n Mirlo. Se ha reducido el n\u00famero de unidades a\u00e9reas que desfilan debido al cielo encapotado y las condiciones clim\u00e1ticas<\/p>\n<p>11:37<\/p>\n<p>Llamativa reducci\u00f3n del n\u00famero de aviones en el desfile a\u00e9reo del 12 de octubre en Madrid<\/p>\n<p class=\"voc-p\">Este a\u00f1o, el desfile conmemora el veinte aniversario de la Unidad Militar de Emergencias (UME) y no contar\u00e1 con la Patrulla \u00c1guila. Los C-101, conocidos como &#8216;culopollos&#8217;, de esta emblem\u00e1tica unidad acrob\u00e1tica van a ser sustituidos por cinco aeronaves Pilatus PC-21, integrantes de la denominada Formaci\u00f3n Mirlo, que ser\u00e1 la encargada de realizar el sobrevuelo en el acto central, empleando por primera vez los humos de color que simulan la bandera nacional. Cabe recordar que la Patrulla \u00c1guila hab\u00eda participado en 2017 y tambi\u00e9n en 2024 pero ya en ese momento el Gobierno de Pedro S\u00e1nchez consider\u00f3 que era algo \u201cpoco habitual\u201d en el contexto de una celebraci\u00f3n regional.<\/p>\n<p>11:33<\/p>\n<p>El Rey Felipe VI regresa a la Tribuna<\/p>\n<p class=\"voc-p\">Comenzar\u00e1 en breve el desfile terrestre. En las im\u00e1genes de televisi\u00f3n vemos como Felipe VI comparte con su hija la Princesa Leonor las impresiones tras el Homenaje a los ca\u00eddos por Espa\u00f1a. Gesto serio de Do\u00f1a Letizia, que ha apostado este 12 de octubre por un vestido de tweed verde<\/p>\n<p>11:31<\/p>\n<p>El Rey y la Princesa Leonor homenajean a los soldados fallecidos por Espa\u00f1a<\/p>\n<p>11:29<\/p>\n<p>Sobrevuelan los colores de la bandera de Espa\u00f1a en el cielo de Madrid<\/p>\n<p class=\"voc-p\">Momento emocionante. Tras izarse la bandera nacional y homenajear a los que dieron su vida por Espa\u00f1a, va a tener lugar el sobrevuelo con los colores de la bandera espa\u00f1ola, uno de los momentos m\u00e1s esperados del desfile y que este a\u00f1o incorpora una novedad: la Formaci\u00f3n Mirlo sustituye a la Patrulla \u00c1guila, que se ha extinguido debido a la &#8216;jubilaci\u00f3n&#8217; de los aviones que volaban, los Casa C-101, retirados tras 40 a\u00f1os de servicio en el Ej\u00e9rcito del Aire.<\/p>\n<p>11:29<\/p>\n<p>Homenaje a los ca\u00eddos por Espa\u00f1a en el desfile de la Fiesta Nacional<\/p>\n<p>11:25<\/p>\n<p>Acto solemne de izado de la bandera de Espa\u00f1a en el desfile de la Fiesta Nacional<\/p>\n<p>11:25<\/p>\n<p>Homenaje a los ca\u00eddos por Espa\u00f1a en el desfile de la Fiesta Nacional<\/p>\n<p class=\"voc-p\">Da inicio uno de los actos m\u00e1s solemnes del desfile, el homenaje a los ca\u00eddos por Espa\u00f1a. Suena &#8216;La Muerte no es el Final&#8217;, una canci\u00f3n cat\u00f3lica compuesta por el sacerdote espa\u00f1ol Ces\u00e1reo Gabar\u00e1in Azurmendi. &#8216;T\u00fa nos dijiste que la muerte no es el final del camino, que aunque morimos no somos, carne de un ciego destino&#8217; son algunas de las estrofas de esta canci\u00f3n y que se ve c\u00f3mo el Rey Felipe VI entona junto a la Princesa Leonor y el resto de los presentes<\/p>\n<p>11:20<\/p>\n<p>Himno nacional junto a la bandera de Espa\u00f1a y salvas de honores<\/p>\n<p class=\"voc-p\">Se inicia el izado de la bandera de Espa\u00f1a, de nada m\u00e1s y nada menos que 35 metros cuadrados, mientras suena el himno nacional y se escuchan 21 salvas de honores en el desfile del 12 de octubre, d\u00eda de la Fiesta Nacional<\/p>\n<p>11:17<\/p>\n<p>35 metros cuadrados mide la bandera de Espa\u00f1a <\/p>\n<p class=\"voc-p\">El sargento primero Marsal porta la ense\u00f1a nacional, de 35 metros cuadrados y 15 kilos de peso. Entr\u00f3 en la PAPEA en 2016 y cuenta con un bagaje de m\u00e1s de 3.389 lanzamientos paracaidistas. De su lado, el sargento primero Gonz\u00e1lez, que ha actuado como gu\u00eda, entr\u00f3 en la patrulla acrob\u00e1tica en 2018 y ha llevado a cabo m\u00e1s de 3.000 lanzamientos paracaidistas.<\/p>\n<p>11:15<\/p>\n<p>La Armada felicita a todos los espa\u00f1oles en el d\u00eda de la Fiesta Nacional<\/p>\n<p>11:14<\/p>\n<p>La Casa Real felicita a todos los espa\u00f1oles el D\u00eda de la Fiesta Nacional<\/p>\n<p>11:11<\/p>\n<p>La Familia Real, Pedro S\u00e1nchez y Margarita Robles saludan a los dirigentes pol\u00edticos invitados al desfile<\/p>\n<p>11:10<\/p>\n<p>Llega el esperado salto paracaidista<\/p>\n<p class=\"voc-p\">El salto paracaidista PAPEA, que significa Patrulla Acrob\u00e1tica de Paracaidismo del Ej\u00e9rcito del Aire, sobre la Plaza de Lima es otro de los momentos m\u00e1s esperados por el p\u00fablico, as\u00ed como el Acto de Izado de la Bandera Nacional. Tambi\u00e9n se rendir\u00e1 homenaje a los ca\u00eddos por Espa\u00f1a a lo largo del pasado a\u00f1o. Los paracaidistas Jos\u00e9 Carlos Gonz\u00e1lez y \u00d3scar Marsal Hern\u00e1ndez han sido los encargado de dar el salto portando la bandera de Espa\u00f1a.<\/p>\n<p>11:09<\/p>\n<p>Honores Militares a SS.MM.<\/p>\n<p>11:08<\/p>\n<p>Suena el himno de Espa\u00f1a antes del inicio del desfile militar<\/p>\n<p>11:02<\/p>\n<p>Margarita Robles saluda a los militares espa\u00f1oles desplegados en el extranjero con motivo de la Fiesta Nacional<\/p>\n<p>11:01<\/p>\n<p>Llegan los Reyes a la plaza de Neptuno<\/p>\n<p class=\"voc-p\">Los Reyes llegan a la Plaza de Neptuno y son recibidos por el presidente del Gobierno Pedro S\u00e1nchez. Felipe VI va vestido de capit\u00e1n general del Ej\u00e9rcito del Aire y del Espacio. Suena el himno nacional de Espa\u00f1a<\/p>\n<p>10:59<\/p>\n<p>Pitos y abucheos a Pedro S\u00e1nchez<\/p>\n<p class=\"voc-p\">La presencia del presidente del Gobierno en el desfile del 12 de octubre ha sido tradicionalmente objeto de controversia. No es raro que algunos sectores del p\u00fablico expresen su descontento con pitos y abucheos durante el desarrollo del evento. Una pr\u00e1ctica que se ha convertido en una especie de &#8216;ritual&#8217; no oficial. Un a\u00f1o m\u00e1s hubo m\u00fasica de viento para recibir al l\u00edder del Ejecutivo<\/p>\n<p>10:57<\/p>\n<p>Los Reyes est\u00e1n llegando a la tribuna real <\/p>\n<p class=\"voc-p\">Vestido en esta ocasi\u00f3n con el uniforme de capit\u00e1n general del Ej\u00e9rcito del Aire y del Espacio, don Felipe y su familia est\u00e1n llegando a la tribuna real<\/p>\n<p>10:56<\/p>\n<p><a href=\"https:\/\/www.abc.es\/espana\/madrid\/aviones-vuelan-dia-hispanidad-madrid-20251012143438-nt.html\" target=\"_blank\" rel=\"noopener noreferrer nofollow\">Estos son los aviones que vuelan en el desfile del D\u00eda de la Hispanidad en Madrid<\/a><\/p>\n<p class=\"voc-p\">Como cada a\u00f1o, en el desfile militar participar\u00e1n <strong>unidades terrestres as\u00ed como a\u00e9reas del Ej\u00e9rcito de Tierra, Armada y Ej\u00e9rcito del Aire<\/strong>, adem\u00e1s de efectivos de la Guardia Civil, Unidad Militar de Emergencias, Guardia Real, fuerzas y cuerpos de Seguridad del Estado. Y diversos organismos de Seguridad, Protecci\u00f3n Civil y Emergencias. Y atrae especial atenci\u00f3n en este evento el desfile a\u00e9reo que muestra cada a\u00f1o sus destrezas surcando los cielos de Madrid.<\/p>\n<p>10:51<\/p>\n<p>Actos y horarios del 12 de octubre<\/p>\n<p class=\"voc-p\">11:00 h. Comienzo del Acto Central<\/p>\n<p class=\"voc-p\">Llegada de\u00a0SS.MM. los Reyes<\/p>\n<p class=\"voc-p\">Honores Militares a\u00a0SS.MM. Revista<\/p>\n<p class=\"voc-p\">Salto PAPEA<\/p>\n<p class=\"voc-p\">Izado de la Bandera Nacional<\/p>\n<p class=\"voc-p\">Homenaje a los que dieron su vida por Espa\u00f1a<\/p>\n<p class=\"voc-p\">Pasada de la Formaci\u00f3n Mirlo<\/p>\n<p class=\"voc-p\">Desfile a\u00e9reo y terrestre<\/p>\n<p class=\"voc-p\">Despedida de SS.MM. los Reyes<\/p>\n<p class=\"voc-p\">Arriado de la Bandera Nacional<\/p>\n<p class=\"voc-p\">El desfile dar\u00e1 comienzo sobre las 12 horas del mediod\u00eda en la Glorieta del Emperador Carlos V, en Atocha. Desde all\u00ed pasar\u00e1 frente a la tribuna real, el Paseo del Prado, la Plaza de Cibeles, el Paseo de Recoletos y, finalmente, la Plaza de Col\u00f3n. La previsi\u00f3n es que el acto termine sobre las 13.30 horas de la tarde.<\/p>\n<p>10:49<\/p>\n<p>D\u00edaz y Urtasun, representantes de Sumar en el Desfile<\/p>\n<p class=\"voc-p\">Por parte de Sumar est\u00e1n presentes <strong>Yolanda D\u00edaz y Ernesto Urtasun<\/strong>, que se han estado hablando con compa\u00f1eros de Gobierno mientras se espera la llegada de los Reyes y de Pedro S\u00e1nchez. Informa <strong>Patricia Romero.<\/strong><\/p>\n<p>10:41<\/p>\n<p>Ca\u00f1onazos para la llegada de la bandera nacional<\/p>\n<p class=\"voc-p\">Los actos previos han empezado con 21 salvas que se han lanzado mientras la bandera nacional se incorporaba a la formaci\u00f3n. Todo ello, con la banda del Ej\u00e9rcito entonando de fondo el <strong>himno nacional. <\/strong><\/p>\n<p>10:38<\/p>\n<p>Illa, con su &#8216;embajadora&#8217; en Madrid<\/p>\n<p class=\"voc-p\">El \u2018president\u2019 de la Generalitat, Salvador Illa, acude a la tribuna de invitados del desfile militar de 12 de octubre acompa\u00f1ado de su \u2018embajadora\u2019 en Madrid. Se trata de la delegada del Govern en la capital, <strong>Nuria Marin,<\/strong> en un gesto que no repite ning\u00fan otro presidente auton\u00f3mico. Informa<strong> Joan Guirado.<\/strong><\/p>\n<p>10:34<\/p>\n<p>Empiezan a llegar las autoridades<\/p>\n<p class=\"voc-p\">El desfile empezar\u00e1 a las 11 horas pero ya han empezado a verse las autoridades. Han llegado los ministros \u00d3scar Puente, Elma Saiz, F\u00e9lix Bola\u00f1os, Diana Morant, Sara Aagesen, Fernando Grande-Marlaska, \u00d3scar L\u00f3pez, \u00c1ngel V\u00edctor Torres y Luis Planas a la tribuna de autoridades. Tambi\u00e9n el magistrado del Tribunal Constitucional, C\u00e1ndido Conde-Pumpido, o pol\u00edticos del PP como Alberto N\u00fa\u00f1ez Feij\u00f3o, Ester Mu\u00f1oz o Cayetana \u00c1lvarez de Toledo; de CC como Cristina Valido y del PSOE como Patxi L\u00f3pez.<\/p>\n<p class=\"voc-p\">\u00c1ngel Gabilondo, Defensor del Pueblo, tambi\u00e9n ha llegado ya, igual que el \u2018president\u2019 Salvador Illa. Informa <strong>Patricia Romero.<\/strong><\/p>\n<p><strong>\ufeff\ufeff<\/strong><\/p>\n<p>10:32<\/p>\n<p>Salvador Illa pide proteger la Espa\u00f1a diversa y \u00abponer el acento en lo que nos une\u00bb<\/p>\n<p class=\"voc-p\">El presidente de la Generalitat de Catalu\u00f1a, Salvador Illa, vuelve a repetir presencia en el desfile de este 12 de Octubre tras a\u00f1os de ausencia de representantes de las autoridades catalanas en la cita de hoy en Madrid. El socialista, que ya estuvo el a\u00f1o pasado, ha aprovechado X para loar la pluralidad y diversidad de Espa\u00f1a y ha pedido que \u00aben un momento como este, de cambios tan profundos, tenemos que<strong> proteger esta Espa\u00f1a de todos y todas <\/strong>y poner el acento en lo que nos une\u00bb.<\/p>\n<p>10:28<\/p>\n<p>Abascal, sobre su ausencia en la tribuna: \u00abNo tengo ninguna duda de que el Rey no lo va a interpretar como una ofensa\u00bb<\/p>\n<p class=\"voc-p\">El presidente de VOX, Santiago Abascal, ha atendido a los medios poco antes del inicio del desfile, al que no acudir\u00e1, y ha aprovechado para criticar a S\u00e1nchez, al que ha tildado de \u00ab<strong>indecente, corrupto y traidor<\/strong>\u00bb. Abascal ha sido contundente y ha asegurado que a pesar de sus pol\u00edticas \u00abEspa\u00f1a prevalecer\u00e1 porque millones de espa\u00f1oles se han comprometido generaci\u00f3n tras generaci\u00f3n para que una naci\u00f3n como la nuestra que ha dicho tanto en la historia universal tenga a\u00fan mucho por decir\u00bb.<\/p>\n<p>10:26<\/p>\n<p>Espa\u00f1a no es de unos contra otros. Es de todos. <\/p>\n<p class=\"voc-p\">El l\u00edder del PP, Alberto N\u00fa\u00f1ez Feij\u00f3o, ha felicitado tambi\u00e9n a todos los espa\u00f1oles por el 12 de Octubre desde X, y ha querido aprovechar para destacar el orgullo por <strong>\u00abnuestra historia com\u00fan\u00bb<\/strong> en un pa\u00eds diverso y plural como es Espa\u00f1a.<\/p>\n<p>10:09<\/p>\n<p>S\u00e1nchez felicita el 12 de Octubre acord\u00e1ndose de Gaza<\/p>\n<p class=\"voc-p\">El presidente del Gobierno ha subido un post en X para conmemorar el 12 de Octubre y mostrar el \u00aborgullo de pa\u00eds, de su gente, de su solidaridad y diversidad, de su riqueza cultural y su patrimonio natural\u00bb. En las im\u00e1genes que acompa\u00f1an la felicitaci\u00f3n S\u00e1nchez destaca el orgullo por una ciudadan\u00eda \u00abque se moviliza por los derechos sociales y las causas justas\u00bb, mientras se ve momentos de <strong>protestas en favor de Palestina<\/strong> o por el 8M.<\/p>\n<p>10:00<\/p>\n<p><a href=\"https:\/\/www.abc.es\/espana\/madrid\/tiempo-domingo-octubre-madrid-prevision-aemet-dia-20251010134542-nt.html\" target=\"_self\" title=\"\u00bfQu\u00e9 tiempo har\u00e1 este domingo 12 de Octubre en Madrid?\" rel=\"follow nofollow noopener\">\u00bfQu\u00e9 tiempo har\u00e1 este domingo 12 de Octubre en Madrid?<\/a><\/p>\n<p class=\"voc-p\">Que el tiempo acompa\u00f1e ayuda a que el desfile de las <strong>Fuerzas Armadas<\/strong> luzca m\u00e1s y tambi\u00e9n permite que los aviones puedan participar sin contratiempos y que el p\u00fablico est\u00e9 m\u00e1s c\u00f3modo. El <strong>a\u00f1o pasado<\/strong> cay\u00f3 un intenso aguacero sobre la ciudad, por lo que se tuvo que <strong>cancelar el desfile a\u00e9reo<\/strong>.<\/p>\n<p class=\"voc-p\">Para este 1<strong>2 de Octubre de 2025<\/strong>, la previsi\u00f3n de la Aemet apunta a que los <strong>cielos lucir\u00e1n bastante despejados<\/strong>, aunque podr\u00e1n darse intervalos de nubosidad de evoluci\u00f3n a lo largo de la ma\u00f1ana. Puedes consultar la previsi\u00f3n completa                                             <a href=\"https:\/\/www.abc.es\/espana\/madrid\/tiempo-domingo-octubre-madrid-prevision-aemet-dia-20251010134542-nt.html\" data-voc-vtm-id=\"in-text-traffic\" target=\"_blank\" rel=\"nofollow noopener\"><br \/>\nen esta pieza<\/a>.<\/p>\n<p>09:31<\/p>\n<p>D\u00f3nde ver el desfile del 12 de Octubre online y en televisi\u00f3n<\/p>\n<p class=\"voc-p\">Uno de los actos m\u00e1s imponentes y llamativos de este domingo, d\u00eda de la <strong>Fiesta Nacional<\/strong>, es el desfile que protagonizan las Fuerzas Armadas. Este comenzar\u00e1 a las 11:00 horas y contar\u00e1 con 3.847 integrantes de las Fuerzas Armadas y otras instituciones, adem\u00e1s podremos ver 45 aviones, 29 helic\u00f3pteros y 123 veh\u00edculos, 39 motocicletas, 229 caballos y seis perros.<\/p>\n<p class=\"voc-p\">Podr\u00e1s seguirlo <strong>en directo a trav\u00e9s de RTVE y en abc.es<\/strong>, donde te contaremos la \u00faltima hora con todos los detalles de lo que ocurra en la jornada.<\/p>\n<p>09:15<\/p>\n<p><a href=\"https:\/\/www.abc.es\/espana\/cuatro-ministros-ausentan-celebracion-fiesta-nacional-20251011212634-nt.html\" target=\"_self\" title=\"Cuatro ministros se ausentan de la celebraci\u00f3n de la Fiesta Nacional\" rel=\"follow nofollow noopener\">Cuatro ministros se ausentan de la celebraci\u00f3n de la Fiesta Nacional<\/a><\/p>\n<p class=\"voc-p\">Los Reyes presidir\u00e1n el desfile de las Fuerzas Armadas este 12 de Octubre, D\u00eda de la Fiesta Nacional. En la tribuna tambi\u00e9n estar\u00e1n tambi\u00e9n las m\u00e1ximas autoridades del Estado.<\/p>\n<p class=\"voc-p\">No obstante, cuatro ministros no acudir\u00e1n este domingo al desfile militar. Son <strong>M\u00f3nica Garc\u00eda<\/strong>, que viaja a Alemania a la Cumbre Mundial de la Salud, <strong>Sira Rego<\/strong>, que est\u00e1 en Jordania en un viaje propio y <strong>Ana Redondo y Pablo Bustinduy<\/strong>, que no tienen ning\u00fan compromiso en su agenda.<\/p>\n<p class=\"voc-p\">Informa <strong>Joan Guirado<\/strong>.<\/p>\n<p>09:00<\/p>\n<p>D\u00eda de la Fiesta Nacional: desfile militar y actos del 12 de Octubre, en directo<\/p>\n<p class=\"voc-p\">\u00a1Buenos d\u00edas! Este domingo es 12 de Octubre, D\u00eda de la Fiesta Nacional. Como cada a\u00f1o, el desfile de las Fuerzas Armadas recorrer\u00e1 el centro de Madrid y empezar\u00e1 a las 11:00 horas. Al acto acudir\u00e1n los Reyes y las m\u00e1ximas autoridades del Estado. Posteriormente, habr\u00e1 una recepci\u00f3n en el Palacio Real.<\/p>\n<p class=\"voc-p\">Sigue la jornada con nosotros en abc.es, donde te contaremos al detalle la \u00faltima hora de este d\u00eda festivo en toda Espa\u00f1a.<\/p>\n","protected":false},"excerpt":{"rendered":"Sigue en directo el desfile militar de las Fuerzas Armadas en el D\u00eda de la Hispanidad en Madrid&hellip;\n","protected":false},"author":2,"featured_media":171585,"comment_status":"","ping_status":"","sticky":false,"template":"","format":"standard","meta":{"footnotes":""},"categories":[5],"tags":[7309,49633,17,18,43412,978,2125,25,24,13,14,2328,26013,11,26839,1458,315,19,20,813,9,10,15,16,23,12,1885,21,22],"class_list":{"0":"post-171584","1":"post","2":"type-post","3":"status-publish","4":"format-standard","5":"has-post-thumbnail","7":"category-titulares","8":"tag-actos","9":"tag-armadas","10":"tag-breaking-news","11":"tag-breakingnews","12":"tag-desfile","13":"tag-dia","14":"tag-directo","15":"tag-es","16":"tag-espana","17":"tag-featured-news","18":"tag-featurednews","19":"tag-fiesta","20":"tag-fuerzas","21":"tag-headlines","22":"tag-hispanidad","23":"tag-hora","24":"tag-hoy","25":"tag-latest-news","26":"tag-latestnews","27":"tag-nacional","28":"tag-news","29":"tag-noticias","30":"tag-noticias-destacadas","31":"tag-noticiasdestacadas","32":"tag-spain","33":"tag-titulares","34":"tag-ultima","35":"tag-ultimas-noticias","36":"tag-ultimasnoticias"},"share_on_mastodon":{"url":"","error":""},"_links":{"self":[{"href":"https:\/\/www.europesays.com\/es\/wp-json\/wp\/v2\/posts\/171584","targetHints":{"allow":["GET"]}}],"collection":[{"href":"https:\/\/www.europesays.com\/es\/wp-json\/wp\/v2\/posts"}],"about":[{"href":"https:\/\/www.europesays.com\/es\/wp-json\/wp\/v2\/types\/post"}],"author":[{"embeddable":true,"href":"https:\/\/www.europesays.com\/es\/wp-json\/wp\/v2\/users\/2"}],"replies":[{"embeddable":true,"href":"https:\/\/www.europesays.com\/es\/wp-json\/wp\/v2\/comments?post=171584"}],"version-history":[{"count":0,"href":"https:\/\/www.europesays.com\/es\/wp-json\/wp\/v2\/posts\/171584\/revisions"}],"wp:featuredmedia":[{"embeddable":true,"href":"https:\/\/www.europesays.com\/es\/wp-json\/wp\/v2\/media\/171585"}],"wp:attachment":[{"href":"https:\/\/www.europesays.com\/es\/wp-json\/wp\/v2\/media?parent=171584"}],"wp:term":[{"taxonomy":"category","embeddable":true,"href":"https:\/\/www.europesays.com\/es\/wp-json\/wp\/v2\/categories?post=171584"},{"taxonomy":"post_tag","embeddable":true,"href":"https:\/\/www.europesays.com\/es\/wp-json\/wp\/v2\/tags?post=171584"}],"curies":[{"name":"wp","href":"https:\/\/api.w.org\/{rel}","templated":true}]}}