{"id":171605,"date":"2025-10-12T11:24:09","date_gmt":"2025-10-12T11:24:09","guid":{"rendered":"https:\/\/www.europesays.com\/es\/171605\/"},"modified":"2025-10-12T11:24:09","modified_gmt":"2025-10-12T11:24:09","slug":"el-largometraje-documental-novelda-cf-cien-anos-de-historia-emociona-en-su-estreno","status":"publish","type":"post","link":"https:\/\/www.europesays.com\/es\/171605\/","title":{"rendered":"El largometraje documental \u201cNovelda CF, Cien A\u00f1os de Historia\u201d emociona en su estreno"},"content":{"rendered":"<p class=\"ft-text ft-helper-closenews\">El sal\u00f3n de actos del Colegio Padre Dehon de Novelda, antiguo Cine Club Dehon y tambi\u00e9n instituci\u00f3n centenaria, acogi\u00f3 el estreno del largometraje documental \u201cNovelda CF, Cien A\u00f1os de Historia\u201d, dirigido por el cineasta alicantino <strong>Alfredo Navarro<\/strong> y producido por <strong>Eigakan Films<\/strong>.<\/p>\n<p class=\"ft-text\">Numeroso p\u00fablico ha llenado por completo el recinto. Vecinos, antiguos jugadores, aficionados y representantes del tejido social y cultural de la ciudad han participado en una velada cargada de emoci\u00f3n y recuerdos. Entre las personas asistentes se encontraban diferentes integrantes del equipo de gobierno. El documental ofrece un recorrido por los cien a\u00f1os de historia del <strong>Novelda Club de F\u00fatbol<\/strong> y tambi\u00e9n un retrato \u00edntimo de la evoluci\u00f3n de la propia ciudad a lo largo de este tiempo.<\/p>\n<p class=\"ft-text\">Durante la proyecci\u00f3n, las im\u00e1genes recuperaron fragmentos de partidos, fotograf\u00edas in\u00e9ditas, recortes de prensa y testimonios que dibujan la trayectoria de un club rofundamente arraigado en la identidad noveldense.<\/p>\n<p class=\"ft-text\">El director, <strong>Alfredo Navarro<\/strong>, destaca tras la presentaci\u00f3n: \u201cEste proyecto no solo habla del club, sino de cien a\u00f1os de vida de Novelda, desde los inicios del siglo XX hasta la actualidad. El aspecto deportivo es un elemento para retratar c\u00f3mo ha cambiado la sociedad noveldense.\u201d<\/p>\n<p class=\"ft-text\">Gracias al trabajo de documentaci\u00f3n ha permitido, adem\u00e1s, <strong>descubrir un dato hist\u00f3rico hasta ahora desconocido<\/strong>: seg\u00fan las investigaciones realizadas por el equipo de <strong>Eigakan Films<\/strong>, el <strong>Novelda CF<\/strong> podr\u00eda tener su origen en <strong>1923<\/strong>, dos a\u00f1os antes de la fecha oficial de fundaci\u00f3n. Documentos de la \u00e9poca mencionan un encuentro entre Novelda y Mon\u00f3var celebrado durante las fiestas de 1923, lo que demostrar\u00eda la existencia de un equipo ya bajo esa denominaci\u00f3n. En 1925 comenzar\u00eda la etapa profesional del club. Este hallazgo ampl\u00eda su cronolog\u00eda y refuerza su legado hist\u00f3rico.<\/p>\n<p class=\"ft-text\">Para <strong>\u201cNavarro\u201d<\/strong>, aceptar este proyecto ha supuesto \u201cun gran honor y una oportunidad para redescubrir una instituci\u00f3n centenaria con la que me siento muy vinculado desde ni\u00f1o. Acud\u00eda a los partidos con mi padre y formaba parte de las pe\u00f1as del club. Redescubrir a muchos vecinos que formaron parte de esta historia y ver c\u00f3mo el f\u00fatbol ha acompa\u00f1ado la transformaci\u00f3n de Novelda, desde las plazas y los colegios hasta los campos de juego, ha sido una forma de contar tambi\u00e9n la historia de nuestra sociedad\u201d<\/p>\n<p class=\"ft-text\">El documental \u201cNovelda CF, Cien A\u00f1os de Historia\u201d es el <strong>tercer largometraje de Alfredo Navarro<\/strong>, tras \u201cSue\u00f1os de sal\u201d, ganador del <strong>Premio Goya al Mejor Documental en 2016<\/strong>, y \u201cNovelda Jap\u00f3n\u201d (2023). Con esta nueva obra, el cineasta completa una trilog\u00eda dedicada a la memoria y las ra\u00edces de su ciudad natal.<\/p>\n<p class=\"ft-text\"><strong>Alfredo Navarro<\/strong> agradecer expresamente a la actual directiva del Novelda Club de F\u00fatbol, presidida por <strong>William Elgawly <\/strong>y con <strong>Thomas Elgawly<\/strong> como vicepresidente, \u201cla confianza depositada en m\u00ed y en la productora <strong>Eigakan Films<\/strong> para hacer realidad este proyecto\u201d.<\/p>\n<p class=\"ft-text\">El documental iniciar\u00e1 ahora su recorrido por festivales antes de su estreno comercial en formato f\u00edsico y en plataformas digitales. Un cierre perfecto para la historia del <strong>Novelda C.F.<\/strong> y de la localidad.<\/p>\n<p data-close=\"closedContent\" class=\"subscribeHideForDisplay\">Suscr\u00edbete para seguir leyendo<\/p>\n","protected":false},"excerpt":{"rendered":"El sal\u00f3n de actos del Colegio Padre Dehon de Novelda, antiguo Cine Club Dehon y tambi\u00e9n instituci\u00f3n centenaria,&hellip;\n","protected":false},"author":2,"featured_media":171606,"comment_status":"","ping_status":"","sticky":false,"template":"","format":"standard","meta":{"footnotes":""},"categories":[169],"tags":[13103,32339,177,1798,168,6084,146,147,25,24,176,282,448,49700,175,3403,49701,23,3096],"class_list":{"0":"post-171605","1":"post","2":"type-post","3":"status-publish","4":"format-standard","5":"has-post-thumbnail","7":"category-cine","8":"tag-cf","9":"tag-cien","10":"tag-cine","11":"tag-club","12":"tag-deportes","13":"tag-documental","14":"tag-entertainment","15":"tag-entretenimiento","16":"tag-es","17":"tag-espana","18":"tag-film","19":"tag-futbol","20":"tag-historia","21":"tag-largometraje","22":"tag-movies","23":"tag-navarro","24":"tag-novelda","25":"tag-spain","26":"tag-vecinos"},"share_on_mastodon":{"url":"","error":""},"_links":{"self":[{"href":"https:\/\/www.europesays.com\/es\/wp-json\/wp\/v2\/posts\/171605","targetHints":{"allow":["GET"]}}],"collection":[{"href":"https:\/\/www.europesays.com\/es\/wp-json\/wp\/v2\/posts"}],"about":[{"href":"https:\/\/www.europesays.com\/es\/wp-json\/wp\/v2\/types\/post"}],"author":[{"embeddable":true,"href":"https:\/\/www.europesays.com\/es\/wp-json\/wp\/v2\/users\/2"}],"replies":[{"embeddable":true,"href":"https:\/\/www.europesays.com\/es\/wp-json\/wp\/v2\/comments?post=171605"}],"version-history":[{"count":0,"href":"https:\/\/www.europesays.com\/es\/wp-json\/wp\/v2\/posts\/171605\/revisions"}],"wp:featuredmedia":[{"embeddable":true,"href":"https:\/\/www.europesays.com\/es\/wp-json\/wp\/v2\/media\/171606"}],"wp:attachment":[{"href":"https:\/\/www.europesays.com\/es\/wp-json\/wp\/v2\/media?parent=171605"}],"wp:term":[{"taxonomy":"category","embeddable":true,"href":"https:\/\/www.europesays.com\/es\/wp-json\/wp\/v2\/categories?post=171605"},{"taxonomy":"post_tag","embeddable":true,"href":"https:\/\/www.europesays.com\/es\/wp-json\/wp\/v2\/tags?post=171605"}],"curies":[{"name":"wp","href":"https:\/\/api.w.org\/{rel}","templated":true}]}}