{"id":171616,"date":"2025-10-12T11:30:15","date_gmt":"2025-10-12T11:30:15","guid":{"rendered":"https:\/\/www.europesays.com\/es\/171616\/"},"modified":"2025-10-12T11:30:15","modified_gmt":"2025-10-12T11:30:15","slug":"confundir-descubrimiento-con-conquista-es-un-error-muy-comun-colon-fue-muchas-cosas-pero-no-un-genocida","status":"publish","type":"post","link":"https:\/\/www.europesays.com\/es\/171616\/","title":{"rendered":"\u201cConfundir descubrimiento con conquista es un error muy com\u00fan. Col\u00f3n fue muchas cosas, pero no un genocida\u201d"},"content":{"rendered":"<p class=\"description\"><b>Oferta especial<\/b>: Suscr\u00edbete por solo 1,5\u20ac al mes a la revista National Geographic. -64% de descuento. <b>\u00a1Y recibe un regalo GRATIS!<\/b><\/p>\n<p class=\"description\"><b>\u00a1NOVEDAD!<\/b> Ya disponible la edici\u00f3n especial <b>El cerebro infantil<\/b> de la colecci\u00f3n Los Secretos del Cerebro de National Geographic.<\/p>\n<p>El 12 de octubre no se conmemora de la misma manera en Espa\u00f1a que en los pa\u00edses de Am\u00e9rica. La historia tiene m\u00faltiples lecturas y a d\u00eda de hoy contin\u00faa generando debates. <strong>Daniel Balmaceda, uno de los historiadores m\u00e1s reconocidos de Argentina<\/strong>, atiende a National Geographic para compartir la perspectiva desde all\u00ed.<\/p>\n<p>En su prol\u00edfica carrera ha publicado m\u00e1s de 20 libros, es miembro de la Academia Argentina de la Historia y presidi\u00f3 la Fundaci\u00f3n Crist\u00f3bal Col\u00f3n (1989-1993). A su vers\u00e1til curr\u00edculum a\u00f1adi\u00f3 en las \u00faltimas semanas la publicaci\u00f3n de su primera novela, \u201cEl crimen de A\u00f1o Nuevo\u201d. Consultado por la exploraci\u00f3n de 1492, sus respuestas a\u00f1aden detalles poco conocidos de la historia.<\/p>\n<p><strong>\u00bfQu\u00e9 imagen dir\u00eda que tiene Col\u00f3n hoy en Argentina?<\/strong><br \/><strong>Daniel Balmaceda<\/strong>: La figura de Col\u00f3n fue cambiando. Durante gran parte del siglo XX era visto como el s\u00edmbolo del encuentro entre dos mundos. Ten\u00eda estatuas, calles, escuelas con su nombre. En las \u00faltimas d\u00e9cadas, algunos sectores lo critican como el inicio de la opresi\u00f3n colonial. Pero en general, en la Argentina, <strong>Col\u00f3n no es una figura que despierte pasiones. Ni fervor ni rechazo extremo<\/strong>. Est\u00e1 en una zona m\u00e1s tibia, digamos. Se lo revisa, se lo discute, pero no divide aguas como en otros pa\u00edses.<\/p>\n<p><img loading=\"lazy\" decoding=\"async\"   src=\"https:\/\/www.europesays.com\/es\/wp-content\/uploads\/2025\/10\/cristobal-colon-llega-a-america_084b17f1_251010115409_800x559.webp.webp\" alt=\"Cristobal Col\u00f3n llega a Am\u00e9rica\" class=\"lazyload\" width=\"800\" height=\"559\" data-aspectratio=\"800\/559\"\/>&#13;<\/p>\n<p><strong>\u00bfQu\u00e9 opina de la postura que considera a Col\u00f3n como un \u201cgenocida\u201d?<\/strong><br \/><strong>DB:<\/strong> Llamarlo genocida es un anacronismo. Ni por definici\u00f3n ni por intenci\u00f3n encaja en lo que hoy entendemos como genocidio. <strong>Col\u00f3n no fue un conquistador ni un militar<\/strong>. Su objetivo era abrir rutas, comerciar, ganar prestigio. Las matanzas, las encomiendas, el despojo sistem\u00e1tico vinieron despu\u00e9s, con otros actores. <strong>Confundir descubrimiento con conquista es un error muy com\u00fan<\/strong>. Col\u00f3n fue muchas cosas, pero no un genocida.\u00a0<\/p>\n<p>&#13;<img decoding=\"async\" src=\"https:\/\/www.europesays.com\/es\/wp-content\/uploads\/2025\/10\/dieta-carnivora-carne_66b713b0_251010094724_800x800.webp.webp\" alt=\"Dieta carn\u00edvora carne\" class=\"image lazyload\"\/><\/p>\n<p><strong>En Espa\u00f1a el D\u00eda de la Hispanidad genera debates y lleva al revisionismo. \u00bfEn Argentina es una fecha menos conflictiva?<\/strong><br \/><strong>DB:\u00a0<\/strong>S\u00ed, definitivamente. En Argentina el 12 de octubre fue resignificado como el D\u00eda del Respeto a la Diversidad Cultural, y eso ayud\u00f3 a incorporar una mirada cr\u00edtica sin necesidad de enfrentamientos extremos. <strong>No es una fecha que polarice<\/strong>. Tal vez porque nuestra identidad nacional se construy\u00f3, en buena parte, sobre la inmigraci\u00f3n europea del siglo XIX m\u00e1s que sobre la herencia colonial. En pa\u00edses como M\u00e9xico o Per\u00fa, donde lo ind\u00edgena tiene otro peso simb\u00f3lico, el debate es m\u00e1s fuerte.<\/p>\n<p><strong>Aunque Col\u00f3n estuvo lejos de llegar a Argentina, \u00bfqu\u00e9 hab\u00eda en ese territorio en ese momento?<\/strong><br \/><strong>DB:\u00a0<\/strong>En el territorio que hoy llamamos Argentina viv\u00edan diversos grupos con modos de vida muy distintos entre s\u00ed. En el norte, hab\u00eda presencia quechua ligada a la expansi\u00f3n incaica. En el litoral, las culturas guaran\u00edticas desarrollaban pr\u00e1cticas agr\u00edcolas, ten\u00edan su lengua y una organizaci\u00f3n social muy propia. En la regi\u00f3n pampeana \u2014donde m\u00e1s tarde surgir\u00eda Buenos Aires\u2014 predominaban los grupos n\u00f3mades. Y en la Patagonia, pueblos adaptados al clima y al paisaje viv\u00edan de la caza y la recolecci\u00f3n. No exist\u00eda un denominador com\u00fan. Por lo general, estos pueblos estaban aislados entre s\u00ed, sin contacto alguno o directamente enfrentados. Sus creencias, lenguas y costumbres eran diferentes, y no sol\u00edan conocer m\u00e1s all\u00e1 de los l\u00edmites inmediatos de su grupo.<\/p>\n<p>&#13;<img decoding=\"async\" src=\"https:\/\/www.europesays.com\/es\/wp-content\/uploads\/2025\/10\/c-59-3-carta-a-su-hijo-diego-original-1_04eb10b1_250214134512_800x800.webp.webp\" alt=\"c 59 3 Carta a su hijo Diego original (1)\" class=\"image lazyload\"\/><\/p>\n<p><strong>\u00bfC\u00f3mo fue el primer encuentro de los europeos con los pueblos originarios?<br \/>DB:\u00a0<\/strong>El primer contacto se dio entre los europeos y los ta\u00ednos del Caribe, y fue un encuentro de asombro mutuo. Como suele pasar entre culturas que no tienen ning\u00fan punto de referencia previa, todo resultaba sorprendente: Col\u00f3n y los suyos quedaron impactados por el modo de vida, la apariencia y las costumbres de los nativos; y los ta\u00ednos, por las ropas, las barbas, los objetos y las embarcaciones de los reci\u00e9n llegados.<\/p>\n<p><strong>DB:\u00a0<\/strong>Ahora, conviene evitar esa caricatura del \u201cindio bueno y el espa\u00f1ol malo\u201d. La historia real es m\u00e1s compleja. Las consecuencias de ese contacto, con el paso del tiempo, fueron devastadoras para muchos pueblos abor\u00edgenes \u2014en especial por las enfermedades y, m\u00e1s tarde, por la conquista militar\u2014, pero ese primer momento fue otra cosa. No puede hablarse de conquista en 1492, s\u00ed de exploraci\u00f3n y descubrimiento. Tampoco hay que olvidar que los pueblos americanos estaban en un estadio t\u00e9cnico distinto. Mientras en Europa ya se constru\u00edan barcos capaces de cruzar el Atl\u00e1ntico, ac\u00e1 predominaban las canoas. Lo mismo pasaba con las herramientas o las armas.<\/p>\n<p>&#13;<img decoding=\"async\" src=\"https:\/\/www.europesays.com\/es\/wp-content\/uploads\/2025\/10\/cartas-de-colon-exposicion_2783afc7_241125110941_800x800.webp.webp\" alt=\"Cartas de Col\u00f3n exposici\u00f3n\" class=\"image lazyload\"\/><\/p>\n<p><strong>\u00bfQu\u00e9 nos puede contar de las condiciones de viaje? \u00bfEs cierto que dorm\u00edan en la cubierta entre ratas?<br \/>DB:\u00a0<\/strong>Las condiciones eran dur\u00edsimas. Las naves eran peque\u00f1as, de madera, sin privacidad, expuestas al mal clima. Los marineros dorm\u00edan sobre la cubierta, entre ratas y cucarachas. Pasaban semanas as\u00ed, con la ropa mojada, poca higiene y enfermedades que no tardaban en aparecer. Frente a esa situaci\u00f3n, una de las grandes incorporaciones fue la hamaca. As\u00ed llamaban los ta\u00ednos a un lienzo colgado que les permit\u00eda dormir lejos del piso. Los marinos adoptaron la hamaca de inmediato. Durante la navegaci\u00f3n, com\u00edan galletas duras, pescado salado, legumbres secas\u2026 y tomaban vino, porque el agua se descompon\u00eda enseguida. Aparec\u00edan el escorbuto, los mareos, las fiebres. Y recordemos que hasta ese momento, la mayor\u00eda navegaba siempre con la costa a la vista. Cruzar el oc\u00e9ano, sin saber qu\u00e9 iban a encontrar, si llegar\u00edan, ni cu\u00e1ndo, fue una osad\u00eda.\u00a0<\/p>\n<p><strong>\u00bfC\u00f3mo se arm\u00f3 la tripulaci\u00f3n? \u00bfQui\u00e9nes eran los navegantes?<br \/>DB:\u00a0<\/strong>Eran 87 hombres, marinos experimentados distribuidos en tres embarcaciones. No eran improvisados ni mucho menos una banda de delincuentes, como a veces se insin\u00faa. Hubo, s\u00ed, cuatro condenados a muerte. Uno hab\u00eda matado a un pregonero en una taberna y los otros tres fueron condenados con la misma pena por intentar ayudarlo a escapar. De hecho, con el tiempo, la propia familia del pregonero reconoci\u00f3 que el provocador hab\u00eda sido \u00e9l. Los cuatro eran marinos y fueron integrados a la tripulaci\u00f3n porque eran \u00fatiles. No iban encadenados, ni como castigo.\u00a0<\/p>\n<p><strong>\u00bfLlevaban armas?<br \/>DB:\u00a0<\/strong>No todos las llevaban. Estaban reservadas a los oficiales. La mayor\u00eda de los hombres eran simples marineros.\u00a0<\/p>\n<p>&#13;<img decoding=\"async\" src=\"https:\/\/www.europesays.com\/es\/wp-content\/uploads\/2025\/10\/bacteria-m-leprae_0a73277d_250530124400_800x800.webp.webp\" alt=\"Bacteria M. leprae\" class=\"image lazyload\"\/><\/p>\n<p><strong>\u00bfC\u00f3mo era el car\u00e1cter de Col\u00f3n?<br \/>DB:\u00a0<\/strong>Era obsesivo. Convencido de su misi\u00f3n, profundamente religioso, muy ambicioso. Ten\u00eda un car\u00e1cter dif\u00edcil. Su liderazgo generaba respeto. \u00c9l estaba convencido de que su viaje ten\u00eda una dimensi\u00f3n casi sagrada, y esa convicci\u00f3n lo sostuvo durante a\u00f1os hasta conseguir apoyo. No era f\u00e1cil tratar con \u00e9l, pero tampoco era un improvisado. Como todos los personajes hist\u00f3ricos, tuvo luces y sombras. Y es m\u00e1s interesante asumir esa complejidad que reducirlo a una caricatura.\u00a0<\/p>\n<p><img loading=\"lazy\" decoding=\"async\"   src=\"https:\/\/www.europesays.com\/es\/wp-content\/uploads\/2025\/10\/cristobal-colon_1db3c672_251010115734_800x450.webp.webp\" alt=\"Crist\u00f3bal Col\u00f3n\" class=\"lazyload\" width=\"800\" height=\"450\" data-aspectratio=\"800\/450\"\/>&#13;<\/p>\n<p><strong>\u00bfCu\u00e1les son los mitos m\u00e1s difundidos de la llegada de Col\u00f3n?<br \/>DB:\u00a0<\/strong>El primero: que las tres embarcaciones eran carabelas. En realidad, la Santa Mar\u00eda era una nao, m\u00e1s pesada y preparada para carga. Segundo: el famoso grito de Rodrigo de Triana. No dijo \u201c\u00a1Tierra!\u201d, sino \u201c\u00a1Lumbre!\u201d, porque lo que vio fue una se\u00f1al de fuego en el horizonte.\u00a0Tercero: que la tripulaci\u00f3n estaba llena de presos. Ya lo aclaramos: eran marinos profesionales. S\u00f3lo cuatro eran reos, y uno posiblemente condenado injustamente.\u00a0Cuarto: que la reina Isabel empe\u00f1\u00f3 sus joyas. Falso. Las joyas estaban embargadas por las guerras contra los moros. Y el cl\u00e1sico: que Col\u00f3n pensaba que hab\u00eda llegado a Asia. En realidad, siempre habl\u00f3 de las Indias. M\u00e1s precisamente, de las indias Occidentales, para diferenciarlas de las orientales. En 1492 hab\u00eda dos Indias en el mapa. Lo que no se sab\u00eda era qu\u00e9 tan grande era el mar que las separaba. Ahora sabemos que \u201cese mar\u201d era inmenso. Nada menos que el oc\u00e9ano Pac\u00edfico.\u00a0<\/p>\n<p><strong>\u00bfHay alg\u00fan aspecto que los historiadores no terminan de acordar?<br \/>DB:\u00a0<\/strong>Varios. Uno muy conocido es la ubicaci\u00f3n exacta de la isla Guanahan\u00ed, donde se produjo el primer desembarco. Hay al menos cuatro teor\u00edas distintas en las Bahamas. Tambi\u00e9n se debate la relaci\u00f3n inicial entre los espa\u00f1oles y los ta\u00ednos. Sabemos que hubo cierta cordialidad al principio, pero los detalles siguen siendo objeto de discusi\u00f3n. La personalidad de Col\u00f3n, sus motivaciones, incluso su lugar de nacimiento, por m\u00e1s que el gran historiador italiano Paolo Emilio Taviani demostr\u00f3 en dos grandes vol\u00famenes que era genov\u00e9s. Hoy tambi\u00e9n suele descartarse la palabra \u201cdescubrimiento\u201d. Sin embargo, es la mejor definici\u00f3n: para m\u00ed, el descubrimiento no fue llegar a Am\u00e9rica, sino volver para contarlo. Ese d\u00eda quit\u00f3 el velo del desconocimiento sobre la presencia de otro continente. \u201cDes-cubri\u00f3\u201d una nueva tierra. Que los vikingos hayan estado antes no cambia eso: su paso no tuvo impacto global.<\/p>\n","protected":false},"excerpt":{"rendered":"Oferta especial: Suscr\u00edbete por solo 1,5\u20ac al mes a la revista National Geographic. -64% de descuento. \u00a1Y recibe&hellip;\n","protected":false},"author":2,"featured_media":171617,"comment_status":"","ping_status":"","sticky":false,"template":"","format":"standard","meta":{"footnotes":""},"categories":[42],"tags":[17,18,119,13,14,1408,11,448,61,62,63,64,19,20,1407,1409,9,10,15,16,12,21,22,226,65,66,67],"class_list":{"0":"post-171616","1":"post","2":"type-post","3":"status-publish","4":"format-standard","5":"has-post-thumbnail","7":"category-internacional","8":"tag-breaking-news","9":"tag-breakingnews","10":"tag-ciencia","11":"tag-featured-news","12":"tag-featurednews","13":"tag-geographic","14":"tag-headlines","15":"tag-historia","16":"tag-internacional","17":"tag-international","18":"tag-international-news","19":"tag-internationalnews","20":"tag-latest-news","21":"tag-latestnews","22":"tag-national","23":"tag-naturaleza","24":"tag-news","25":"tag-noticias","26":"tag-noticias-destacadas","27":"tag-noticiasdestacadas","28":"tag-titulares","29":"tag-ultimas-noticias","30":"tag-ultimasnoticias","31":"tag-viajes","32":"tag-world","33":"tag-world-news","34":"tag-worldnews"},"share_on_mastodon":{"url":"","error":""},"_links":{"self":[{"href":"https:\/\/www.europesays.com\/es\/wp-json\/wp\/v2\/posts\/171616","targetHints":{"allow":["GET"]}}],"collection":[{"href":"https:\/\/www.europesays.com\/es\/wp-json\/wp\/v2\/posts"}],"about":[{"href":"https:\/\/www.europesays.com\/es\/wp-json\/wp\/v2\/types\/post"}],"author":[{"embeddable":true,"href":"https:\/\/www.europesays.com\/es\/wp-json\/wp\/v2\/users\/2"}],"replies":[{"embeddable":true,"href":"https:\/\/www.europesays.com\/es\/wp-json\/wp\/v2\/comments?post=171616"}],"version-history":[{"count":0,"href":"https:\/\/www.europesays.com\/es\/wp-json\/wp\/v2\/posts\/171616\/revisions"}],"wp:featuredmedia":[{"embeddable":true,"href":"https:\/\/www.europesays.com\/es\/wp-json\/wp\/v2\/media\/171617"}],"wp:attachment":[{"href":"https:\/\/www.europesays.com\/es\/wp-json\/wp\/v2\/media?parent=171616"}],"wp:term":[{"taxonomy":"category","embeddable":true,"href":"https:\/\/www.europesays.com\/es\/wp-json\/wp\/v2\/categories?post=171616"},{"taxonomy":"post_tag","embeddable":true,"href":"https:\/\/www.europesays.com\/es\/wp-json\/wp\/v2\/tags?post=171616"}],"curies":[{"name":"wp","href":"https:\/\/api.w.org\/{rel}","templated":true}]}}