{"id":171618,"date":"2025-10-12T11:31:08","date_gmt":"2025-10-12T11:31:08","guid":{"rendered":"https:\/\/www.europesays.com\/es\/171618\/"},"modified":"2025-10-12T11:31:08","modified_gmt":"2025-10-12T11:31:08","slug":"el-desfile-militar-por-la-fiesta-nacional-en-imagenes","status":"publish","type":"post","link":"https:\/\/www.europesays.com\/es\/171618\/","title":{"rendered":"El desfile militar por la Fiesta Nacional, en im\u00e1genes"},"content":{"rendered":"<p>          12\/10\/2025<br \/>\n          <br \/><strong><br \/>\n                  Actualizado a las 13:19h.<br \/>\n              <\/strong><\/p>\n<p class=\"voc-p\" style=\"\">Madrid ha acogido este <strong>12 de Octubre<\/strong> el desfile militar, que es el acto central para conmemorar el <strong>D\u00eda de la Hispanidad<\/strong>. Presidido por los Reyes, la <a href=\"https:\/\/www.abc.es\/espana\/casa-real\/princesa-leonor-estrena-uniforme-gris-aviacion-desfile-20251012110302-nt.html\" target=\"_self\" data-voc-vtm-id=\"in-text-traffic\" title=\"Princesa Leonor\" data-mrf-link=\"www.abc.es\" rel=\"nofollow noopener\">Princesa Leonor<\/a> y la Infanta Sof\u00eda, la cita ha contado con m\u00e1s de 4.000 miembros de las Fuerzas Armadas paseando por el centro de Madrid y decenas de autoridades nacionales y regionales.<\/p>\n<p class=\"voc-p\" style=\"\">De este a\u00f1o destaca el hecho de que este ser\u00e1 el primer a\u00f1o desde 2020 en que los cuatro miembros de la Familia Real han compartido el palco, despu\u00e9s de que los dos \u00faltimos a\u00f1os la <strong>Infanta Sof\u00eda<\/strong> faltara por estar estudiando en Gales.<\/p>\n","protected":false},"excerpt":{"rendered":"12\/10\/2025 Actualizado a las 13:19h. Madrid ha acogido este 12 de Octubre el desfile militar, que es el&hellip;\n","protected":false},"author":2,"featured_media":171619,"comment_status":"","ping_status":"","sticky":false,"template":"","format":"standard","meta":{"footnotes":""},"categories":[8],"tags":[17,18,43412,25,24,13,14,11,1641,19,20,6363,9,10,15,16,9072,23,12,21,22],"class_list":{"0":"post-171618","1":"post","2":"type-post","3":"status-publish","4":"format-standard","5":"has-post-thumbnail","7":"category-espana","8":"tag-breaking-news","9":"tag-breakingnews","10":"tag-desfile","11":"tag-es","12":"tag-espana","13":"tag-featured-news","14":"tag-featurednews","15":"tag-headlines","16":"tag-imagenes","17":"tag-latest-news","18":"tag-latestnews","19":"tag-militar","20":"tag-news","21":"tag-noticias","22":"tag-noticias-destacadas","23":"tag-noticiasdestacadas","24":"tag-octubre","25":"tag-spain","26":"tag-titulares","27":"tag-ultimas-noticias","28":"tag-ultimasnoticias"},"share_on_mastodon":{"url":"","error":""},"_links":{"self":[{"href":"https:\/\/www.europesays.com\/es\/wp-json\/wp\/v2\/posts\/171618","targetHints":{"allow":["GET"]}}],"collection":[{"href":"https:\/\/www.europesays.com\/es\/wp-json\/wp\/v2\/posts"}],"about":[{"href":"https:\/\/www.europesays.com\/es\/wp-json\/wp\/v2\/types\/post"}],"author":[{"embeddable":true,"href":"https:\/\/www.europesays.com\/es\/wp-json\/wp\/v2\/users\/2"}],"replies":[{"embeddable":true,"href":"https:\/\/www.europesays.com\/es\/wp-json\/wp\/v2\/comments?post=171618"}],"version-history":[{"count":0,"href":"https:\/\/www.europesays.com\/es\/wp-json\/wp\/v2\/posts\/171618\/revisions"}],"wp:featuredmedia":[{"embeddable":true,"href":"https:\/\/www.europesays.com\/es\/wp-json\/wp\/v2\/media\/171619"}],"wp:attachment":[{"href":"https:\/\/www.europesays.com\/es\/wp-json\/wp\/v2\/media?parent=171618"}],"wp:term":[{"taxonomy":"category","embeddable":true,"href":"https:\/\/www.europesays.com\/es\/wp-json\/wp\/v2\/categories?post=171618"},{"taxonomy":"post_tag","embeddable":true,"href":"https:\/\/www.europesays.com\/es\/wp-json\/wp\/v2\/tags?post=171618"}],"curies":[{"name":"wp","href":"https:\/\/api.w.org\/{rel}","templated":true}]}}