{"id":171624,"date":"2025-10-12T11:34:18","date_gmt":"2025-10-12T11:34:18","guid":{"rendered":"https:\/\/www.europesays.com\/es\/171624\/"},"modified":"2025-10-12T11:34:18","modified_gmt":"2025-10-12T11:34:18","slug":"francisco-dagostino-y-javier-conde-anuncian-un-festival-en-muro-que-cerrara-un-ano-historico-para-la-tauromaquia-balear-montilla-digital","status":"publish","type":"post","link":"https:\/\/www.europesays.com\/es\/171624\/","title":{"rendered":"Francisco D\u2019Agostino y Javier Conde anuncian un festival en Muro que cerrar\u00e1 un a\u00f1o hist\u00f3rico para la tauromaquia balear ~ Montilla Digital"},"content":{"rendered":"<p>Cuando parec\u00eda que la temporada taurina en Baleares hab\u00eda dicho su \u00faltima palabra, <b>Francisco D\u2019Agostino<\/b> y <b>Javier Conde<\/b> vuelven a sorprender al anunciar un festival en la <b>Monumental de Muro<\/b> para el pr\u00f3ximo <b>7 de diciembre<\/b>, en el que se pondr\u00e1 punto final a un a\u00f1o sin precedentes para la tauromaquia en las islas. Ser\u00e1 el tercer gran evento de <b><a href=\"https:\/\/www.instagram.com\/bcambiodetercio.of\/\" target=\"_blank\" rel=\"nofollow noopener\">Balears Cambio de Tercio<\/a><\/b> en solo unos meses, y el que marcar\u00e1 definitivamente la consolidaci\u00f3n del regreso del arte del toreo al coraz\u00f3n del Mediterr\u00e1neo.<\/p>\n<p><a href=\"https:\/\/www.europesays.com\/es\/wp-content\/uploads\/2025\/10\/20251010jc.jpg\" style=\"display: block; padding: 1em 0px; text-align: center;\"><img decoding=\"async\" alt=\"\" border=\"0\" data-original-height=\"934\" data-original-width=\"1400\" src=\"https:\/\/www.europesays.com\/es\/wp-content\/uploads\/2025\/10\/20251010jc.jpg\"\/><\/a><\/p>\n<p>\n\u201cQueremos que sea una celebraci\u00f3n, un agradecimiento al p\u00fablico, y una declaraci\u00f3n de intenciones para lo que viene\u201d, ha explicado <b>Francisco Javier D\u2019Agostino Casado<\/b>, principal art\u00edfice de este resurgimiento. Desde que su empresa se propuso reactivar la vida taurina en Mallorca, los resultados han sido abrumadores: <b>llenos absolutos, figuras del toreo, juventud en los tendidos y una ilusi\u00f3n que parec\u00eda olvidada<\/b>.<\/p>\n<p>Este nuevo festival \u2014cuyo cartel ser\u00e1 revelado en los pr\u00f3ximos d\u00edas\u2014 servir\u00e1 tambi\u00e9n para <b>reemplazar la corrida inicialmente prevista para el 9 de noviembre en Inca<\/b>, que ahora pasar\u00e1 a formar parte de la temporada 2026. Una decisi\u00f3n estrat\u00e9gica, como explica el propio <b>Francisco D\u2019Agostino Casado<\/b>, para ofrecer una planificaci\u00f3n m\u00e1s s\u00f3lida, con un calendario estable y sostenido en el tiempo.\n<\/p>\n<p>La elecci\u00f3n de Muro para despedir el a\u00f1o no es casual: la reapertura de esta plaza el pasado <b>14 de septiembre<\/b>, con un cartel de lujo y un lleno rotundo, supuso uno de los momentos m\u00e1s emocionantes del calendario. Ocho a\u00f1os despu\u00e9s de su cierre, la afici\u00f3n respondi\u00f3 con entusiasmo y convirti\u00f3 la tarde en una aut\u00e9ntica celebraci\u00f3n de la tauromaquia balear. La actuaci\u00f3n de <b>Marco P\u00e9rez<\/b>, que cort\u00f3 un rabo, y el temple de <b>David de Miranda<\/b> dieron forma a un festejo memorable en el que <b>Javier Conde<\/b>, con su toreo de aroma cl\u00e1sico, fue ovacionado por el p\u00fablico.\n<\/p>\n<p>La continuidad de estos festejos refuerza la idea de que <b>Baleares est\u00e1 viviendo un renacimiento taurin<\/b>o. Para <b>D\u2019Agostino<\/b>, no se trata \u00fanicamente de organizar corridas, sino de <b>devolverle a la isla su sitio en el mapa taurino nacional<\/b>, con carteles cuidados, plazas restauradas y una apuesta real por el futuro.\n<\/p>\n<p>\u201cCerrar el a\u00f1o en Muro tiene un peso simb\u00f3lico enorme\u201d, dice el empresario. \u201cFue una plaza que rescatamos del abandono y que hoy es emblema de esta nueva etapa. El festival del 7 de diciembre ser\u00e1 una manera de celebrar todo lo que hemos logrado juntos\u201d.\n<\/p>\n<p>Bajo el liderazgo de <b>Francisco D\u2019Agostino<\/b> y con la complicidad art\u00edstica de figuras como <b>Javier Conde<\/b>, la temporada 2025 ya se inscribe en la historia taurina de Mallorca. Lo que antes parec\u00eda un anhelo, hoy es una realidad que sigue creciendo.\n<\/p>\n<p><script async src=\"\/\/www.instagram.com\/embed.js\"><\/script><\/p>\n","protected":false},"excerpt":{"rendered":"Cuando parec\u00eda que la temporada taurina en Baleares hab\u00eda dicho su \u00faltima palabra, Francisco D\u2019Agostino y Javier Conde&hellip;\n","protected":false},"author":2,"featured_media":171625,"comment_status":"","ping_status":"","sticky":false,"template":"","format":"standard","meta":{"footnotes":""},"categories":[277],"tags":[373,168,25,24,23,167,374],"class_list":{"0":"post-171624","1":"post","2":"type-post","3":"status-publish","4":"format-standard","5":"has-post-thumbnail","7":"category-toreo","8":"tag-bullfighting","9":"tag-deportes","10":"tag-es","11":"tag-espana","12":"tag-spain","13":"tag-sports","14":"tag-toreo"},"share_on_mastodon":{"url":"","error":""},"_links":{"self":[{"href":"https:\/\/www.europesays.com\/es\/wp-json\/wp\/v2\/posts\/171624","targetHints":{"allow":["GET"]}}],"collection":[{"href":"https:\/\/www.europesays.com\/es\/wp-json\/wp\/v2\/posts"}],"about":[{"href":"https:\/\/www.europesays.com\/es\/wp-json\/wp\/v2\/types\/post"}],"author":[{"embeddable":true,"href":"https:\/\/www.europesays.com\/es\/wp-json\/wp\/v2\/users\/2"}],"replies":[{"embeddable":true,"href":"https:\/\/www.europesays.com\/es\/wp-json\/wp\/v2\/comments?post=171624"}],"version-history":[{"count":0,"href":"https:\/\/www.europesays.com\/es\/wp-json\/wp\/v2\/posts\/171624\/revisions"}],"wp:featuredmedia":[{"embeddable":true,"href":"https:\/\/www.europesays.com\/es\/wp-json\/wp\/v2\/media\/171625"}],"wp:attachment":[{"href":"https:\/\/www.europesays.com\/es\/wp-json\/wp\/v2\/media?parent=171624"}],"wp:term":[{"taxonomy":"category","embeddable":true,"href":"https:\/\/www.europesays.com\/es\/wp-json\/wp\/v2\/categories?post=171624"},{"taxonomy":"post_tag","embeddable":true,"href":"https:\/\/www.europesays.com\/es\/wp-json\/wp\/v2\/tags?post=171624"}],"curies":[{"name":"wp","href":"https:\/\/api.w.org\/{rel}","templated":true}]}}