{"id":171634,"date":"2025-10-12T11:42:10","date_gmt":"2025-10-12T11:42:10","guid":{"rendered":"https:\/\/www.europesays.com\/es\/171634\/"},"modified":"2025-10-12T11:42:10","modified_gmt":"2025-10-12T11:42:10","slug":"leka-ii-de-albania-anuncia-su-compromiso-con-blerta-celibashi-tras-una-discreta-relacion","status":"publish","type":"post","link":"https:\/\/www.europesays.com\/es\/171634\/","title":{"rendered":"Leka II de Albania anuncia su compromiso con Blerta Celibashi tras una discreta relaci\u00f3n"},"content":{"rendered":"<p id=\"e7PrTHh1zR\" data-wc=\"101\">La Casa Real de Albania ha anunciado oficialmente el compromiso matrimonial del <strong>pr\u00edncipe heredero, Leka II, con la fot\u00f3grafa, Blerta Celibashi,<\/strong> con quien mantiene una relaci\u00f3n desde hace algo m\u00e1s de un a\u00f1o. \u00a0La feliz noticia fue difundida a trav\u00e9s de las redes sociales de la Corte Real, que acompa\u00f1\u00f3 el anuncio con un comunicado oficial, y dos fotos de la feliz pareja. Para la ocasi\u00f3n Blerta eligi\u00f3 un bonito vestido blanco largo, de manga larga y pu\u00f1o abotonado. Mientras que el pr\u00edncipe eligi\u00f3 un cl\u00e1sico traje oscuro. Ambos estaban radiantes, como lo reflejan las im\u00e1genes compartidas por la casa real.<\/p>\n<p> <img src=\"https:\/\/www.europesays.com\/es\/wp-content\/uploads\/2025\/10\/389b2ac66236-saveclipapp563905953185340951760500102727962952714482331n.jpg\"   width=\"766\" height=\"1024\" loading=\"lazy\" decoding=\"async\" alt=\"Media Image\" fetchpriority=\"auto\" class=\"image ho-image\"\/>\u00a9 @princleka<\/p>\n<p id=\"effh-YnBmO\" data-wc=\"97\">A continuaci\u00f3n reproducimos el comunicado oficial, reflejo de la alegr\u00eda con la que la Familia Real ha compartido esta noticia:\u201cLa Corte Real se complace en anunciar el compromiso de Su Alteza Real el pr\u00edncipe heredero Leka II de los albaneses y la se\u00f1orita Blerta Celibashi. El compromiso se celebr\u00f3 con alegr\u00eda el 11 de octubre de 2025, en Ksamil, sur de Albania, en presencia de familiares y amigos cercanos. La Familia Real comparte su felicidad con el pueblo alban\u00e9s y expresa su sincera gratitud a todos los que han transmitido sus amables deseos en esta alegre ocasi\u00f3n\u201d.<\/p>\n<p> <img src=\"https:\/\/www.europesays.com\/es\/wp-content\/uploads\/2025\/10\/b4a2d5dcf150-saveclipapp563518339185340951880500105441611453354477363n.jpg\"   width=\"769\" height=\"1024\" loading=\"lazy\" decoding=\"async\" alt=\"Media Image\" fetchpriority=\"auto\" class=\"image ho-image\"\/>\u00a9 @princleka<\/p>\n<p id=\"eT4iTqMX9P\" data-wc=\"86\">Este anuncio marca un nuevo cap\u00edtulo en la vida del heredero al trono alban\u00e9s, de 43 a\u00f1os, quien se divorci\u00f3 en enero de 2024 de su primera esposa, Elia Zaharia. La <a class=\"hm-link ho-link\" href=\"https:\/\/www.hola.com\/actualidad\/2016100888890\/boda-real-leka-albania-elia-zaharia\/\" rel=\"noopener nofollow\" target=\"_blank\" data-mrf-recirculation=\"article-body-link\">pareja se cas\u00f3<\/a> en octubre de 2016, en una ceremonia civil que se celebr\u00f3 en la sala del Trono del Palacio de las Brigadas de Tirana y a la que acudi\u00f3 la reina Sof\u00eda, entre otros invitados. Cuatro a\u00f1os despu\u00e9s, naci\u00f3 <a class=\"hm-link ho-link\" href=\"https:\/\/www.hola.com\/realeza\/20201023177855\/leka-de-albania-ha-sido-padre\/\" data-mrf-recirculation=\"article-body-link\" rel=\"nofollow noopener\" target=\"_blank\">su \u00fanica hija, la princesa Geraldine,<\/a> que est\u00e1 a punto de cumplir 5 a\u00f1os.<\/p>\n<p> <img src=\"https:\/\/www.europesays.com\/es\/wp-content\/uploads\/2025\/10\/95a4a9c34293-dlu325708043.jpg\"   width=\"685\" height=\"1024\" loading=\"lazy\" decoding=\"async\" alt=\"Boda de Leka de Albania y Elia Zaharia el 8 de octubre de 2016\" fetchpriority=\"auto\" class=\"image ho-image\"\/>\u00a9 GTRES<\/p>\n<p> <img src=\"https:\/\/www.europesays.com\/es\/wp-content\/uploads\/2025\/10\/33ecdafd185f-dlu325825005.jpg\"   width=\"1024\" height=\"681\" loading=\"lazy\" decoding=\"async\" alt=\"Boda de Leka de Albania y Elia Zaharia el 8 de octubre de 2016\" fetchpriority=\"auto\" class=\"image ho-image\"\/>\u00a9 GTRES<\/p>\n<p id=\"en4n28eenCl\" data-wc=\"50\">\u00a0Ocho meses despu\u00e9s de su separaci\u00f3n oficial, \u00a0Leka de Albania present\u00f3 p\u00fablicamente a Blerta Celibashi, de 26 a\u00f1os, como su pareja. Y eligi\u00f3 un acto especialmente significativo para hacerlo: un <a class=\"hm-link ho-link\" href=\"https:\/\/www.hola.com\/realeza\/20240924720047\/leka-de-albania-presenta-novia-ocho-meses-despues-divorcio\/\" rel=\"noopener nofollow\" target=\"_blank\" data-mrf-recirculation=\"article-body-link\">baile de gala<\/a> celebrado en Nueva York, en honor a la Fundaci\u00f3n Reina Geraldine, abuela del propio Leka de Albania.<\/p>\n<p> <img src=\"https:\/\/www.europesays.com\/es\/wp-content\/uploads\/2025\/10\/ee2529690ed2-leka-ig.jpg\"   width=\"561\" height=\"1024\" loading=\"lazy\" decoding=\"async\" alt=\"Leka de Albania y Blerta Celibashi\" fetchpriority=\"auto\" class=\"image ho-image\"\/>\u00a9 princleka<\/p>\n<p id=\"exH0OkndAhq\" data-wc=\"54\">Un a\u00f1o despu\u00e9s de aquella, la pareja ha dado un nuevo paso en su relaci\u00f3n, <strong>anunciando su compromiso oficial este\u00a0<\/strong><strong>11 de octubre de 2025. Ha tenido lugar en<\/strong> <strong>Ksamil<\/strong>, una localidad costera situada en la Riviera albanesa, frente a la isla de Corf\u00fa, en un enclave privilegiado, pr\u00f3ximo al Parque Nacional de Butrint.<\/p>\n<p id=\"erIiGO2Tt2U4\" data-wc=\"48\">El comunicado difundido por la Corte Real destac\u00f3 el car\u00e1cter \u00edntimo y emotivo de la celebraci\u00f3n, que se celebr\u00f3 en presencia de familiares y amigos cercanos. La familia real expres\u00f3 su alegr\u00eda por esta nueva etapa y agradeci\u00f3 los mensajes de afecto recibidos por parte del pueblo alban\u00e9s.<\/p>\n<p id=\"eJW60Q9Dcy6\" data-wc=\"48\">Blerta Celibashi es fot\u00f3grafa profesional en Tirana, especializada en bodas, maternidad y retratos familiares. De hecho, fue ella quien captur\u00f3 algunas de las im\u00e1genes m\u00e1s tiernas del pr\u00edncipe junto a su hija Geraldine en un reportaje en plena naturaleza, meses antes de que se hiciera p\u00fablica su relaci\u00f3n.<\/p>\n<p> <img src=\"https:\/\/www.europesays.com\/es\/wp-content\/uploads\/2025\/10\/7e4859f18bcb-15707b9165e4-leka-z.jpg\"   width=\"682\" height=\"1024\" loading=\"lazy\" decoding=\"async\" alt=\"Media Image\" fetchpriority=\"auto\" class=\"image ho-image\"\/>\u00a9 GTRES<\/p>\n<p id=\"erBxZ7mmGpo\" data-wc=\"102\">El <strong>compromiso llega tras una etapa personal compleja para Leka de Albania.<\/strong> Aunque en un principio su separaci\u00f3n de <strong>Elia Zaharia<\/strong> <a class=\"hm-link ho-link\" href=\"https:\/\/www.hola.com\/realeza\/20240115246703\/leka-albania-elia-zaharia-divorcio\/\" rel=\"noopener nofollow\" target=\"_blank\" data-mrf-recirculation=\"article-body-link\">se anunci\u00f3 como amistosa,<\/a> posteriormente se conocieron detalles de una denuncia por violencia dom\u00e9stica que gener\u00f3 gran revuelo en el pa\u00eds alban\u00e9s. A pesar de ello, el pr\u00edncipe ha mantenido su compromiso con la vida p\u00fablica y con el bienestar de su hija, como subray\u00f3 en el comunicado oficial emitido tras su divorcio, en el que dejaba claro cu\u00e1l era su objetivo: \u00abGarantizar que Geraldine est\u00e1 bien en todos los sentidos y est\u00e1n decididos a garantizarle una vida feliz y segura\u201d.<\/p>\n<p> <img src=\"https:\/\/www.europesays.com\/es\/wp-content\/uploads\/2025\/10\/0cc467936d01-dlu549043047.jpg\"   width=\"753\" height=\"1024\" loading=\"lazy\" decoding=\"async\" alt=\"Leka de Albania\" fetchpriority=\"auto\" class=\"image ho-image\"\/>\u00a9 GTREs<\/p>\n<p id=\"erDUhBYMm__\" data-wc=\"68\">La Corte Real ha expresado su \u201cfelicidad\u201d por este compromiso, que representa una renovaci\u00f3n emocional y simb\u00f3lica para la dinast\u00eda albanesa, que aunque sin poder pol\u00edtico, conserva un fuerte valor cultural e hist\u00f3rico en el pa\u00eds. <strong>Leka II es el \u00fanico hijo del rey Leka I y la reina Susan,\u00a0<\/strong>y desde el fallecimiento de su padre en 2011, ostenta el t\u00edtulo de jefe de la Casa Real.<\/p>\n<p id=\"enIY57dkb7M\" data-wc=\"30\">Aunque a\u00fan no se ha anunciado la fecha de la boda, se espera que el enlace re\u00fana a representantes de casas reales europeas y personalidades del mundo cultural y diplom\u00e1tico.\u00a0<\/p>\n","protected":false},"excerpt":{"rendered":"La Casa Real de Albania ha anunciado oficialmente el compromiso matrimonial del pr\u00edncipe heredero, Leka II, con la&hellip;\n","protected":false},"author":2,"featured_media":171635,"comment_status":"","ping_status":"","sticky":false,"template":"","format":"standard","meta":{"footnotes":""},"categories":[174],"tags":[3164,255,146,147,25,24,256,1027,23],"class_list":{"0":"post-171634","1":"post","2":"type-post","3":"status-publish","4":"format-standard","5":"has-post-thumbnail","7":"category-famosos","8":"tag-bodas","9":"tag-celebrities","10":"tag-entertainment","11":"tag-entretenimiento","12":"tag-es","13":"tag-espana","14":"tag-famosos","15":"tag-realeza","16":"tag-spain"},"share_on_mastodon":{"url":"","error":""},"_links":{"self":[{"href":"https:\/\/www.europesays.com\/es\/wp-json\/wp\/v2\/posts\/171634","targetHints":{"allow":["GET"]}}],"collection":[{"href":"https:\/\/www.europesays.com\/es\/wp-json\/wp\/v2\/posts"}],"about":[{"href":"https:\/\/www.europesays.com\/es\/wp-json\/wp\/v2\/types\/post"}],"author":[{"embeddable":true,"href":"https:\/\/www.europesays.com\/es\/wp-json\/wp\/v2\/users\/2"}],"replies":[{"embeddable":true,"href":"https:\/\/www.europesays.com\/es\/wp-json\/wp\/v2\/comments?post=171634"}],"version-history":[{"count":0,"href":"https:\/\/www.europesays.com\/es\/wp-json\/wp\/v2\/posts\/171634\/revisions"}],"wp:featuredmedia":[{"embeddable":true,"href":"https:\/\/www.europesays.com\/es\/wp-json\/wp\/v2\/media\/171635"}],"wp:attachment":[{"href":"https:\/\/www.europesays.com\/es\/wp-json\/wp\/v2\/media?parent=171634"}],"wp:term":[{"taxonomy":"category","embeddable":true,"href":"https:\/\/www.europesays.com\/es\/wp-json\/wp\/v2\/categories?post=171634"},{"taxonomy":"post_tag","embeddable":true,"href":"https:\/\/www.europesays.com\/es\/wp-json\/wp\/v2\/tags?post=171634"}],"curies":[{"name":"wp","href":"https:\/\/api.w.org\/{rel}","templated":true}]}}