{"id":171650,"date":"2025-10-12T11:52:08","date_gmt":"2025-10-12T11:52:08","guid":{"rendered":"https:\/\/www.europesays.com\/es\/171650\/"},"modified":"2025-10-12T11:52:08","modified_gmt":"2025-10-12T11:52:08","slug":"llega-a-espana-la-version-mas-asequible-del-tesla-model-y","status":"publish","type":"post","link":"https:\/\/www.europesays.com\/es\/171650\/","title":{"rendered":"Llega a Espa\u00f1a la versi\u00f3n m\u00e1s asequible del Tesla Model Y"},"content":{"rendered":"<p style=\"\">Tesla ha anunciado el precio del nuevo Model Y Standard en Espa\u00f1a, la versi\u00f3n m\u00e1s asequible del modelo, que llega con un precio de partida de 39.990 \u20ac. <\/p>\n<p style=\"\">Con esta versi\u00f3n la marca apuesta por un veh\u00edculo que se ha convertido en  un \u00abbest- &#8230; seller global\u00bb, pero con un enfoque renovado en la asequibilidad y la eficiencia, ofreciendo una opci\u00f3n completa para el uso familiar y diario.<\/p>\n<p class=\"voc-p\" style=\"\">Este Model Y Standard ha sido dise\u00f1ado para ofrecer la mejor relaci\u00f3n calidad-precio sin comprometer las caracter\u00edsticas clave de Tesla. El modelo de acceso tiene un precio desde 39.990 \u20ac y ofrece una autonom\u00eda de hasta 534 km (WLTP). Adem\u00e1s, es el Model Y m\u00e1s eficiente hasta la fecha, con un consumo r\u00e9cord de solo 13.1 kWh\/100 km.<\/p>\n<p class=\"voc-p\" style=\"\">La marca destaca que su bajo consumo y la reducci\u00f3n de piezas frente a los coches de gasolina se traducen en un menor coste total de propiedad, lo que permite a los propietarios \u00abconducir m\u00e1s kil\u00f3metros por cada euro gastado en la carga\u00bb y evitar el mantenimiento anual y el cambio de aceite. La menor necesidad de mantenimiento, combinada con el uso de nuevas llantas Aperture de 18 pulgadas dise\u00f1adas para maximizar la eficiencia, ayuda a reducir a\u00fan m\u00e1s los costes operativos.<\/p>\n<p class=\"voc-p\" style=\"\">Aunque el software sigue siendo el mismo que en el resto de la gama, el Model Y Standard estrena un nuevo dise\u00f1o exterior, con defensas delantera y trasera espec\u00edficas buscando mejorar la eficiencia.<\/p>\n<p class=\"voc-p\" style=\"\">En el interior, mantiene un ambiente acogedor para cinco pasajeros con un enfoque en la utilidad. Incorpora nuevos asientos de tejido suave al tacto y duradero y un gran espacio de almacenamiento entre los asientos delanteros, inspirado en los primeros Model S y el Cybertruck. La capacidad de carga ofrece  hasta 835 litros de espacio con cinco pasajeros, que se expanden a 2.118 litros con la segunda fila plegada.<\/p>\n<p class=\"voc-p\" style=\"\">Incluye de serie un amplio conjunto de funciones que caracterizan a la marca, como el Acceso Remoto a trav\u00e9s de la aplicaci\u00f3n m\u00f3vil, el Planificador de Ruta con disponibilidad de Supercargadores en tiempo real, el Modo Centinela y el Modo Perro, y el Piloto Autom\u00e1tico de serie. La versi\u00f3n tambi\u00e9n es compatible con el hardware de la Conducci\u00f3n Aut\u00f3noma Total (Supervisada), que podr\u00e1 activarse de forma remota una vez que reciba la aprobaci\u00f3n de las autoridades locales.<\/p>\n","protected":false},"excerpt":{"rendered":"Tesla ha anunciado el precio del nuevo Model Y Standard en Espa\u00f1a, la versi\u00f3n m\u00e1s asequible del modelo,&hellip;\n","protected":false},"author":2,"featured_media":171651,"comment_status":"","ping_status":"","sticky":false,"template":"","format":"standard","meta":{"footnotes":""},"categories":[80],"tags":[19087,82,95,94,25,24,5012,3774,23,12336,1927],"class_list":{"0":"post-171650","1":"post","2":"type-post","3":"status-publish","4":"format-standard","5":"has-post-thumbnail","7":"category-economia","8":"tag-asequible","9":"tag-business","10":"tag-economia","11":"tag-economy","12":"tag-es","13":"tag-espana","14":"tag-llega","15":"tag-model","16":"tag-spain","17":"tag-tesla","18":"tag-version"},"share_on_mastodon":{"url":"","error":""},"_links":{"self":[{"href":"https:\/\/www.europesays.com\/es\/wp-json\/wp\/v2\/posts\/171650","targetHints":{"allow":["GET"]}}],"collection":[{"href":"https:\/\/www.europesays.com\/es\/wp-json\/wp\/v2\/posts"}],"about":[{"href":"https:\/\/www.europesays.com\/es\/wp-json\/wp\/v2\/types\/post"}],"author":[{"embeddable":true,"href":"https:\/\/www.europesays.com\/es\/wp-json\/wp\/v2\/users\/2"}],"replies":[{"embeddable":true,"href":"https:\/\/www.europesays.com\/es\/wp-json\/wp\/v2\/comments?post=171650"}],"version-history":[{"count":0,"href":"https:\/\/www.europesays.com\/es\/wp-json\/wp\/v2\/posts\/171650\/revisions"}],"wp:featuredmedia":[{"embeddable":true,"href":"https:\/\/www.europesays.com\/es\/wp-json\/wp\/v2\/media\/171651"}],"wp:attachment":[{"href":"https:\/\/www.europesays.com\/es\/wp-json\/wp\/v2\/media?parent=171650"}],"wp:term":[{"taxonomy":"category","embeddable":true,"href":"https:\/\/www.europesays.com\/es\/wp-json\/wp\/v2\/categories?post=171650"},{"taxonomy":"post_tag","embeddable":true,"href":"https:\/\/www.europesays.com\/es\/wp-json\/wp\/v2\/tags?post=171650"}],"curies":[{"name":"wp","href":"https:\/\/api.w.org\/{rel}","templated":true}]}}