{"id":171656,"date":"2025-10-12T11:55:42","date_gmt":"2025-10-12T11:55:42","guid":{"rendered":"https:\/\/www.europesays.com\/es\/171656\/"},"modified":"2025-10-12T11:55:42","modified_gmt":"2025-10-12T11:55:42","slug":"la-princesa-leonor-estrena-el-uniforme-gris-aviacion-en-el-desfile-de-la-fiesta-nacional","status":"publish","type":"post","link":"https:\/\/www.europesays.com\/es\/171656\/","title":{"rendered":"La Princesa Leonor estrena el uniforme gris aviaci\u00f3n en el desfile de la Fiesta Nacional"},"content":{"rendered":"<p style=\"\">La<strong> Princesa Leonor<\/strong> ha lucido esta ma\u00f1ana en el desfile del D\u00eda de la Fiesta Nacional el uniforme de gala de alf\u00e9rez del Ej\u00e9rcito del Aire. De <strong>color gris aviaci\u00f3n<\/strong>, corresponde al utilizado por los alumnos del Ej\u00e9rcito del Aire, en cuya  &#8230; Academia General ingres\u00f3 el 1 de septiembre en San Javier (Murcia). <\/p>\n<p class=\"voc-p\" style=\"\"> Este uniforme se compone por un conjunto de prendas que, seg\u00fan el reglamento, se encuentran por encima del uniforme de especial relevancia y el de etiqueta. Su dise\u00f1o y composici\u00f3n est\u00e1n incluidos en el Bolet\u00edn Oficial del Estado: gorra de plato gris aviaci\u00f3n con guerrera gris aviaci\u00f3n con solapa cerrada al cuello con rombos con el emblema del Ej\u00e9rcito del Aire. <\/p>\n<p><img decoding=\"async\" loading=\"lazy\" src=\"https:\/\/www.europesays.com\/es\/wp-content\/uploads\/2025\/10\/1501809028-U701071222350tiF--758x470@diario_abc.jpg\" class=\"voc-d-c-combo-3__img\" width=\"758\" height=\"470\" alt=\"Imagen principal - La Princesa Leonor, con los tres uniformes que ha lucido en los tres \u00falfimos desfiles\"\/><\/p>\n<p><img decoding=\"async\" loading=\"lazy\" src=\"https:\/\/www.europesays.com\/es\/wp-content\/uploads\/2025\/10\/1487291326-kxR--464x329@diario_abc.jpg\" class=\"voc-d-c-combo-3__img\" width=\"464\" height=\"329\" alt=\"Imagen secundaria 1 - La Princesa Leonor, con los tres uniformes que ha lucido en los tres \u00falfimos desfiles\"\/><\/p>\n<p><img decoding=\"async\" loading=\"lazy\" src=\"https:\/\/www.europesays.com\/es\/wp-content\/uploads\/2025\/10\/1472761343-kxR--278x329@diario_abc.jpg\" class=\"voc-d-c-combo-3__img\" width=\"278\" height=\"329\" alt=\"Imagen secundaria 2 - La Princesa Leonor, con los tres uniformes que ha lucido en los tres \u00falfimos desfiles\"\/><\/p>\n<p>Tres desfiles, tres uniformes<br \/>\nLa Princesa Leonor, con los tres uniformes que ha lucido en los tres \u00falfimos desfiles<br \/>\nABC<\/p>\n<p class=\"voc-p\" style=\"\">La Princesa ha completado el uniforme con todas sus condecoraciones en tama\u00f1o normal: la de Carlos III, la del M\u00e9rito Militar, la del M\u00e9rito Naval y la de la Orden de Cristo, que le entreg\u00f3 el presidente de Portugal en su primer viaje oficial internacional a Lisboa el a\u00f1o pasado. Do\u00f1a Leonor tambi\u00e9n ha llevado el cord\u00f3n de alumna, que us\u00f3 por primera vez en la Academia General Militar de Zaragoza, siendo dama cadete, que cuelga de la hombrera derecha.<\/p>\n<p class=\"voc-p\" style=\"\">El uso del uniforme en este acto, muestra el compromiso de la Princesa de Asturias con sus obligaciones constitucionales como Heredera y futura jefa de las Fuerzas Armadas. Como hizo en los a\u00f1os anteriores, cuando luci\u00f3 los uniformes del <strong>Ej\u00e9rcito de Tierra<\/strong> (2023) y<strong> La Armada<\/strong> (2024), seg\u00fan la instrucci\u00f3n militar que recib\u00eda cada a\u00f1o, la Princesa de Asturias ha llevado la indumentaria reservada para los actos de especial relevancia que lucen los pilotos del Ej\u00e9rcito del Aire en los actos de gala.<\/p>\n","protected":false},"excerpt":{"rendered":"La Princesa Leonor ha lucido esta ma\u00f1ana en el desfile del D\u00eda de la Fiesta Nacional el uniforme&hellip;\n","protected":false},"author":2,"featured_media":171657,"comment_status":"","ping_status":"","sticky":false,"template":"","format":"standard","meta":{"footnotes":""},"categories":[5],"tags":[23825,17,18,43412,25,24,1719,13,14,2328,23101,11,19,20,11646,813,9,10,15,16,1650,23,12,21,22,49705],"class_list":{"0":"post-171656","1":"post","2":"type-post","3":"status-publish","4":"format-standard","5":"has-post-thumbnail","7":"category-titulares","8":"tag-aviacion","9":"tag-breaking-news","10":"tag-breakingnews","11":"tag-desfile","12":"tag-es","13":"tag-espana","14":"tag-estrena","15":"tag-featured-news","16":"tag-featurednews","17":"tag-fiesta","18":"tag-gris","19":"tag-headlines","20":"tag-latest-news","21":"tag-latestnews","22":"tag-leonor","23":"tag-nacional","24":"tag-news","25":"tag-noticias","26":"tag-noticias-destacadas","27":"tag-noticiasdestacadas","28":"tag-princesa","29":"tag-spain","30":"tag-titulares","31":"tag-ultimas-noticias","32":"tag-ultimasnoticias","33":"tag-uniforme"},"share_on_mastodon":{"url":"","error":""},"_links":{"self":[{"href":"https:\/\/www.europesays.com\/es\/wp-json\/wp\/v2\/posts\/171656","targetHints":{"allow":["GET"]}}],"collection":[{"href":"https:\/\/www.europesays.com\/es\/wp-json\/wp\/v2\/posts"}],"about":[{"href":"https:\/\/www.europesays.com\/es\/wp-json\/wp\/v2\/types\/post"}],"author":[{"embeddable":true,"href":"https:\/\/www.europesays.com\/es\/wp-json\/wp\/v2\/users\/2"}],"replies":[{"embeddable":true,"href":"https:\/\/www.europesays.com\/es\/wp-json\/wp\/v2\/comments?post=171656"}],"version-history":[{"count":0,"href":"https:\/\/www.europesays.com\/es\/wp-json\/wp\/v2\/posts\/171656\/revisions"}],"wp:featuredmedia":[{"embeddable":true,"href":"https:\/\/www.europesays.com\/es\/wp-json\/wp\/v2\/media\/171657"}],"wp:attachment":[{"href":"https:\/\/www.europesays.com\/es\/wp-json\/wp\/v2\/media?parent=171656"}],"wp:term":[{"taxonomy":"category","embeddable":true,"href":"https:\/\/www.europesays.com\/es\/wp-json\/wp\/v2\/categories?post=171656"},{"taxonomy":"post_tag","embeddable":true,"href":"https:\/\/www.europesays.com\/es\/wp-json\/wp\/v2\/tags?post=171656"}],"curies":[{"name":"wp","href":"https:\/\/api.w.org\/{rel}","templated":true}]}}