{"id":171660,"date":"2025-10-12T11:57:09","date_gmt":"2025-10-12T11:57:09","guid":{"rendered":"https:\/\/www.europesays.com\/es\/171660\/"},"modified":"2025-10-12T11:57:09","modified_gmt":"2025-10-12T11:57:09","slug":"toreria-aneja-en-las-perlas-de-frascuelo-en-su-regreso-a-madrid","status":"publish","type":"post","link":"https:\/\/www.europesays.com\/es\/171660\/","title":{"rendered":"Torer\u00eda a\u00f1eja en las perlas de Frascuelo en su regreso a Madrid"},"content":{"rendered":"<p>La afici\u00f3n de Madrid tambi\u00e9n oblig\u00f3 a saludar a Frascuelo. El tercero tambi\u00e9n fue de <strong>Garcigrande<\/strong>. Otro novillo fino, cornidelantero. <strong>Frascuelo<\/strong> -que entr\u00f3 por sustituci\u00f3n de<strong> Julio Aparicio<\/strong>&#8211; lo salud\u00f3 con delantales que remat\u00f3 con dos medias engarzadas con su torer\u00eda a\u00f1eja. Brind\u00f3 a la<strong> Infanta Elena<\/strong>. En la muleta result\u00f3 un novillo que requiri\u00f3 venir muy enganchado. <strong>Frascuelo<\/strong> dej\u00f3 perlas de su sabor en una actuaci\u00f3n de mucha disposici\u00f3n. Pinchazo y estocada. Vuelta al ruedo.<\/p>\n","protected":false},"excerpt":{"rendered":"La afici\u00f3n de Madrid tambi\u00e9n oblig\u00f3 a saludar a Frascuelo. El tercero tambi\u00e9n fue de Garcigrande. Otro novillo&hellip;\n","protected":false},"author":2,"featured_media":171661,"comment_status":"","ping_status":"","sticky":false,"template":"","format":"standard","meta":{"footnotes":""},"categories":[277],"tags":[45,10705,373,168,25,24,3931,49706,205,23,167,374],"class_list":{"0":"post-171660","1":"post","2":"type-post","3":"status-publish","4":"format-standard","5":"has-post-thumbnail","7":"category-toreo","8":"tag-45","9":"tag-antonete","10":"tag-bullfighting","11":"tag-deportes","12":"tag-es","13":"tag-espana","14":"tag-festival","15":"tag-frascuelo","16":"tag-madrid","17":"tag-spain","18":"tag-sports","19":"tag-toreo"},"share_on_mastodon":{"url":"","error":""},"_links":{"self":[{"href":"https:\/\/www.europesays.com\/es\/wp-json\/wp\/v2\/posts\/171660","targetHints":{"allow":["GET"]}}],"collection":[{"href":"https:\/\/www.europesays.com\/es\/wp-json\/wp\/v2\/posts"}],"about":[{"href":"https:\/\/www.europesays.com\/es\/wp-json\/wp\/v2\/types\/post"}],"author":[{"embeddable":true,"href":"https:\/\/www.europesays.com\/es\/wp-json\/wp\/v2\/users\/2"}],"replies":[{"embeddable":true,"href":"https:\/\/www.europesays.com\/es\/wp-json\/wp\/v2\/comments?post=171660"}],"version-history":[{"count":0,"href":"https:\/\/www.europesays.com\/es\/wp-json\/wp\/v2\/posts\/171660\/revisions"}],"wp:featuredmedia":[{"embeddable":true,"href":"https:\/\/www.europesays.com\/es\/wp-json\/wp\/v2\/media\/171661"}],"wp:attachment":[{"href":"https:\/\/www.europesays.com\/es\/wp-json\/wp\/v2\/media?parent=171660"}],"wp:term":[{"taxonomy":"category","embeddable":true,"href":"https:\/\/www.europesays.com\/es\/wp-json\/wp\/v2\/categories?post=171660"},{"taxonomy":"post_tag","embeddable":true,"href":"https:\/\/www.europesays.com\/es\/wp-json\/wp\/v2\/tags?post=171660"}],"curies":[{"name":"wp","href":"https:\/\/api.w.org\/{rel}","templated":true}]}}