{"id":171666,"date":"2025-10-12T12:02:17","date_gmt":"2025-10-12T12:02:17","guid":{"rendered":"https:\/\/www.europesays.com\/es\/171666\/"},"modified":"2025-10-12T12:02:17","modified_gmt":"2025-10-12T12:02:17","slug":"me-desmaye-en-la-ducha-y-orine-rojo-el-expiloto-de-alpine-que-recordo-su-peor-accidente-en-la-formula-1","status":"publish","type":"post","link":"https:\/\/www.europesays.com\/es\/171666\/","title":{"rendered":"\u201cMe desmay\u00e9 en la ducha y orine rojo\u201d: el expiloto de Alpine que record\u00f3 su peor accidente en la F\u00f3rmula 1"},"content":{"rendered":"<p>&#13;<br \/>\n                    &#13;<br \/>\n                        &#13;<br \/>\n&#13;<\/p>\n<p>Esteban Ocon, actual corredor de Haas, repas\u00f3 su accidente en el Gran Premio de Miami 2022, el m\u00e1s brutal de su trayectoria en el Gran Circo. <\/p>\n<p>&#13;<br \/>\n<img decoding=\"async\" class=\"mainImg r16x9\" width=\"416\" height=\"234\" fetchpriority=\"high\" src=\"https:\/\/www.europesays.com\/es\/wp-content\/uploads\/2025\/10\/gabriel-bortoleto-esteban-ocon-y-franco-colapinto_416x234.webp\"  alt=\"Gabriel Bortoleto, Esteban Ocon y Franco Colapinto\" title=\"Gabriel Bortoleto, Esteban Ocon y Franco Colapinto\"\/> Gabriel Bortoleto, Esteban Ocon y Franco Colapinto.<\/p>\n<p>El franc\u00e9s <b>Esteban Oc\u00f3n<\/b>, actual piloto de Haas en la F\u00f3rmula 1, <b>record\u00f3 el choque que protagoniz\u00f3 en el Gran Premio de Miami 2022<\/b>, <a onclick=\"ga4SelectContentEvent(&quot;El expiloto de Alpine que record\\u00f3 su peor choque en la F\\u00f3rmula 1: \\u201cMe desmay\\u00e9 en la ducha y orine rojo\\u201d&quot;, &quot;Automovilismo&quot;, &quot;Nota&quot;);\" href=\"https:\/\/www.tycsports.com\/automovilismo\/esteban-ocon-piloto-haas-alpine-franco-colapinto-formula-1-f1-gran-premio-de-paises-bajos-id681706.html#:~:text=Ocon%20gan%C3%B3%20el%20Gran%20Premio,con%20la%20indumentaria%20de%20Haas.&amp;text=Por%20otra%20parte%2C%20el%20ex,ello%20y%20esperamos%20no%20repetirlo.\" target=\"_blank\" rel=\"nofollow noopener\">tiempo en el que corr\u00eda para Alpine<\/a>: \u201cMe llev\u00e9 un golpe de 42G&#8230; para quien quiera verlo, no parece tan espectacular, pero el muro era de hormig\u00f3n. M<b>e golpe\u00e9 las dos rodillas y apenas pod\u00eda caminar<\/b>\u201d.\u00a0<\/p>\n<p>&#13;<\/p>\n<p>        Oc\u00f3n, quien debut\u00f3 en el Gran Circo en la temporada 2016 y obtuvo su \u00fanica victoria en el GP de Hungr\u00eda 2021 con la escuder\u00eda francesa, continu\u00f3: \u201c<b>A la ma\u00f1ana siguiente estaba en la ducha y me desmay\u00e9<\/b>. Perd\u00ed el equilibrio y me ca\u00ed, no me encontraba nada bien\u201d. Luego, entre risas, sentenci\u00f3: \u201c<b>Estaba orinando en rojo<\/b>, \u00a1no fue genial!\u201d.\u00a0<\/p>\n<p><b>El accidente del galo ocurri\u00f3 en la tercera pr\u00e1ctica libre<\/b> porque perdi\u00f3 el control de su monoplaza en la curva 14, la misma en la que se estrell\u00f3 previamente el espa\u00f1ol Carlos Sainz. El domingo, t<b>ermin\u00f3 octavo la carrera y sum\u00f3 4 puntos para su estructura<\/b>.\u00a0<\/p>\n<p>Por otra parte, explic\u00f3 que no tuvo otros \u201caccidentes importantes\u201d, aunque reconoci\u00f3: \u201cToco madera, nunca fueron demasiado graves, aunque <b>algunos superaron los 40G y casi me dejan inconsciente<\/b>. A veces se me nublaba la vista o me dol\u00eda la cabeza varios d\u00edas\u201d.\u00a0<\/p>\n<blockquote class=\"twitter-tweet\">\n<p lang=\"en\" dir=\"ltr\">Almost mirror incidents for Sainz and Ocon! ????????<\/p>\n<p>Keep an eye on Turn 14, it&#8217;s certainly proving to be a precarious one ????<a href=\"https:\/\/twitter.com\/hashtag\/MiamiGP?src=hash&amp;ref_src=twsrc%5Etfw\" rel=\"nofollow noopener\" target=\"_blank\">#MiamiGP<\/a> <a href=\"https:\/\/twitter.com\/hashtag\/F1?src=hash&amp;ref_src=twsrc%5Etfw\" rel=\"nofollow noopener\" target=\"_blank\">#F1<\/a> <a href=\"https:\/\/t.co\/smymjcJMEJ\" rel=\"nofollow\">pic.twitter.com\/smymjcJMEJ<\/a><\/p>\n<p>\u2014 Formula 1 (@F1) <a href=\"https:\/\/twitter.com\/F1\/status\/1523024958607314944?ref_src=twsrc%5Etfw\" rel=\"nofollow noopener\" target=\"_blank\">May 7, 2022<\/a>\n<\/p><\/blockquote>\n<p>Actualmente, Ocon tiene 28 puntos y est\u00e1 15\u00b0 en el Campeonato de Pilotos, cuatro puestos por encima de su compa\u00f1ero, el ingl\u00e9s Oliver Bearman. <a onclick=\"ga4SelectContentEvent(&quot;El expiloto de Alpine que record\\u00f3 su peor choque en la F\\u00f3rmula 1: \\u201cMe desmay\\u00e9 en la ducha y orine rojo\\u201d&quot;, &quot;Automovilismo&quot;, &quot;Nota&quot;);\" href=\"https:\/\/www.tycsports.com\/automovilismo\/calendario-f1-2025-las-fechas-de-cada-gp-una-por-una-id640640.html\" target=\"_blank\" rel=\"nofollow noopener\">La pr\u00f3xima carrera ser\u00e1 el 19 de octubre en Texas, Estados Unidos<\/a>.\u00a0<\/p>\n<p>&#13;<\/p>\n<p class=\"subs-tag\">&#13;<br \/>\n            &#13;<br \/>\n            &#13;<br \/>\n            &#13;<br \/>\n            &#13;<br \/>\n            &#13;<br \/>\n         No te pierdas nada<\/p>\n<p>        &#13;<br \/>\n            Recib\u00ed las \u00faltimas noticias de F1 \u00a1y m\u00e1s!    &#13;<br \/>\n    &#13;<\/p>\n<p>&#13;<br \/>\n    &#13;<br \/>\n       &#13;<br \/>\n&#13;<br \/>\n        Te puede interesar<a href=\"https:\/\/www.tycsports.com\/automovilismo\/el-mensaje-de-colapinto-se-viene-id691641.html\" onclick=\"ga4SelectContentEvent(&quot;El posteo y mensaje de Colapinto en redes sociales&quot;,&quot;Automovilismo&quot;,&quot;page_nota-comun-2024-blo_4109&quot;,&quot;Lautaro \\u00c1lvarez&quot;);\" class=\"cardImageHolder\" rel=\"nofollow noopener\" target=\"_blank\"><img decoding=\"async\" class=\"cardImage r16x9\" width=\"416\" height=\"234\" fetchpriority=\"low\" loading=\"lazy\" src=\"https:\/\/www.europesays.com\/es\/wp-content\/uploads\/2025\/10\/1760144421_837_colapinto_416x234.webp.webp\"  alt=\"El posteo y mensaje de Colapinto en redes sociales\" title=\"El posteo y mensaje de Colapinto en redes sociales\"\/><\/a><a href=\"https:\/\/www.tycsports.com\/automovilismo\/alpine-lidera-el-peor-campeonato-de-la-f1-pero-no-por-colapinto-id691432.html\" onclick=\"ga4SelectContentEvent(&quot;Alpine lidera el peor \\&quot;campeonato\\&quot;, pero no por Colapinto&quot;,&quot;Automovilismo&quot;,&quot;page_nota-comun-2024-blo_4109&quot;,&quot;Juan Manuel Collazo&quot;);\" class=\"cardImageHolder\" rel=\"nofollow noopener\" target=\"_blank\"><img decoding=\"async\" class=\"cardImage r16x9\" width=\"416\" height=\"234\" fetchpriority=\"low\" loading=\"lazy\" src=\"https:\/\/www.europesays.com\/es\/wp-content\/uploads\/2025\/10\/1760135895_829_colapinto_416x234.webp\"  alt=\"Alpine lidera el peor &quot;campeonato&quot;, pero no por Colapinto\" title=\"Alpine lidera el peor &quot;campeonato&quot;, pero no por Colapinto\"\/><\/a><a href=\"https:\/\/www.tycsports.com\/automovilismo\/james-vowles-elogio-franco-colapinto-williams-alpine-sigue-siendo-rapido-formula-1-f1-id691273.html\" onclick=\"ga4SelectContentEvent(&quot;El exjefe de Colapinto volvi\\u00f3 a respaldar al argentino en la F\\u00f3rmula 1: \\&quot;Sigue siendo muy r\\u00e1pido\\&quot;&quot;,&quot;Automovilismo&quot;,&quot;page_nota-comun-2024-blo_4109&quot;,&quot;Mat\\u00edas Besana&quot;);\" class=\"cardImageHolder\" rel=\"nofollow noopener\" target=\"_blank\"><img decoding=\"async\" class=\"cardImage r16x9\" width=\"416\" height=\"234\" fetchpriority=\"low\" loading=\"lazy\" src=\"https:\/\/www.europesays.com\/es\/wp-content\/uploads\/2025\/10\/james-vowles-jefe-del-equipo-williams-de-la-formula-1_416x234.webp\"  alt=\"El exjefe de Colapinto volvi\u00f3 a respaldar al argentino en la F\u00f3rmula 1: &quot;Sigue siendo muy r\u00e1pido&quot;\" title=\"El exjefe de Colapinto volvi\u00f3 a respaldar al argentino en la F\u00f3rmula 1: &quot;Sigue siendo muy r\u00e1pido&quot;\"\/><\/a><a href=\"https:\/\/www.tycsports.com\/automovilismo\/campeon-y-en-llamas-alarma-en-mclaren-por-la-interna-entre-piastri-y-norris-id691247.html\" onclick=\"ga4SelectContentEvent(&quot;Campe\\u00f3n y en llamas: alarma en McLaren por la interna entre Piastri y Norris&quot;,&quot;Automovilismo&quot;,&quot;page_nota-comun-2024-blo_4109&quot;,&quot;Juan Manuel Collazo&quot;);\" class=\"cardImageHolder\" rel=\"nofollow noopener\" target=\"_blank\"><img decoding=\"async\" class=\"cardImage r16x9\" width=\"416\" height=\"234\" fetchpriority=\"low\" loading=\"lazy\" src=\"https:\/\/www.europesays.com\/es\/wp-content\/uploads\/2025\/10\/norris-y-piastri_416x234.webp\"  alt=\"Campe\u00f3n y en llamas: alarma en McLaren por la interna entre Piastri y Norris\" title=\"Campe\u00f3n y en llamas: alarma en McLaren por la interna entre Piastri y Norris\"\/><\/a><a href=\"https:\/\/www.tycsports.com\/automovilismo\/las-simulaciones-y-un-gran-problema-para-los-equipos-de-la-formula-1-de-cara-al-2026-id691236.html\" onclick=\"ga4SelectContentEvent(&quot;El gran problema que afronta la F1 en el desarrollo para 2026&quot;,&quot;Automovilismo&quot;,&quot;page_nota-comun-2024-blo_4109&quot;,&quot;Juan Manuel Collazo&quot;);\" class=\"cardImageHolder\" rel=\"nofollow noopener\" target=\"_blank\"><img decoding=\"async\" class=\"cardImage r16x9\" width=\"416\" height=\"234\" fetchpriority=\"low\" loading=\"lazy\" src=\"https:\/\/www.europesays.com\/es\/wp-content\/uploads\/2025\/10\/alpine-2026_416x234.webp\"  alt=\"El gran problema que afronta la F1 en el desarrollo para 2026\" title=\"El gran problema que afronta la F1 en el desarrollo para 2026\"\/><\/a><a href=\"https:\/\/www.tycsports.com\/automovilismo\/las-razones-por-las-que-colapinto-se-encamina-a-seguir-en-alpine-en-2026-id691173.html\" onclick=\"ga4SelectContentEvent(&quot;Las razones por las que Colapinto se encamina a seguir en Alpine en 2026&quot;,&quot;Automovilismo&quot;,&quot;page_nota-comun-2024-blo_4109&quot;,&quot;Gabriel Cottone&quot;);\" class=\"cardImageHolder\" rel=\"nofollow noopener\" target=\"_blank\"><img decoding=\"async\" class=\"cardImage r16x9\" width=\"416\" height=\"234\" fetchpriority=\"low\" loading=\"lazy\" src=\"https:\/\/www.europesays.com\/es\/wp-content\/uploads\/2025\/10\/1759728910_383_colapinto_416x234.webp\"  alt=\"Las razones por las que Colapinto se encamina a seguir en Alpine en 2026\" title=\"Las razones por las que Colapinto se encamina a seguir en Alpine en 2026\"\/><\/a>&#13;<br \/>\n&#13;<br \/>\n    &#13;<br \/>\n&#13;<br \/>\n&#13;<br \/>\n                  &#13;<br \/>\n                <script async src=\"https:\/\/platform.twitter.com\/widgets.js\" charset=\"utf-8\"><\/script><\/p>\n","protected":false},"excerpt":{"rendered":"&#13; &#13; &#13; &#13; Esteban Ocon, actual corredor de Haas, repas\u00f3 su accidente en el Gran Premio de&hellip;\n","protected":false},"author":2,"featured_media":171667,"comment_status":"","ping_status":"","sticky":false,"template":"","format":"standard","meta":{"footnotes":""},"categories":[270],"tags":[1763,168,25,24,306,271,272,23,167],"class_list":{"0":"post-171666","1":"post","2":"type-post","3":"status-publish","4":"format-standard","5":"has-post-thumbnail","7":"category-formula-1","8":"tag-automovilismo","9":"tag-deportes","10":"tag-es","11":"tag-espana","12":"tag-f1","13":"tag-formula-1","14":"tag-formula1","15":"tag-spain","16":"tag-sports"},"share_on_mastodon":{"url":"","error":""},"_links":{"self":[{"href":"https:\/\/www.europesays.com\/es\/wp-json\/wp\/v2\/posts\/171666","targetHints":{"allow":["GET"]}}],"collection":[{"href":"https:\/\/www.europesays.com\/es\/wp-json\/wp\/v2\/posts"}],"about":[{"href":"https:\/\/www.europesays.com\/es\/wp-json\/wp\/v2\/types\/post"}],"author":[{"embeddable":true,"href":"https:\/\/www.europesays.com\/es\/wp-json\/wp\/v2\/users\/2"}],"replies":[{"embeddable":true,"href":"https:\/\/www.europesays.com\/es\/wp-json\/wp\/v2\/comments?post=171666"}],"version-history":[{"count":0,"href":"https:\/\/www.europesays.com\/es\/wp-json\/wp\/v2\/posts\/171666\/revisions"}],"wp:featuredmedia":[{"embeddable":true,"href":"https:\/\/www.europesays.com\/es\/wp-json\/wp\/v2\/media\/171667"}],"wp:attachment":[{"href":"https:\/\/www.europesays.com\/es\/wp-json\/wp\/v2\/media?parent=171666"}],"wp:term":[{"taxonomy":"category","embeddable":true,"href":"https:\/\/www.europesays.com\/es\/wp-json\/wp\/v2\/categories?post=171666"},{"taxonomy":"post_tag","embeddable":true,"href":"https:\/\/www.europesays.com\/es\/wp-json\/wp\/v2\/tags?post=171666"}],"curies":[{"name":"wp","href":"https:\/\/api.w.org\/{rel}","templated":true}]}}